{"id":142844,"date":"2026-09-06T13:21:05","date_gmt":"2026-09-06T10:21:05","guid":{"rendered":"https:\/\/mersingazetesi.com\/?p=142844"},"modified":"2026-09-06T13:21:05","modified_gmt":"2026-09-06T10:21:05","slug":"mersin-ve-adanadan-gorevlendirilen-7-psikososyal-destek-personeli-kktcye-gonderildi","status":"publish","type":"post","link":"https:\/\/mersingazetesi.com\/index.php\/2026\/09\/06\/mersin-ve-adanadan-gorevlendirilen-7-psikososyal-destek-personeli-kktcye-gonderildi\/","title":{"rendered":"Mersin ve Adana\u2019dan g\u00f6revlendirilen 7 psikososyal destek personeli, KKTC\u2019ye g\u00f6nderildi."},"content":{"rendered":"<p>Aile Ve Sosyal Hizmetler Bakanl\u0131\u011f\u0131 taraf\u0131ndan g\u00f6revlendirilen 7 psikososyal destek personeli ile Girne Sosyal Hizmetler Dairesi g\u00f6revlileri, Girne Liman\u0131\u2019nda yolcu ve kay\u0131p yak\u0131nlar\u0131na y\u00f6nelik psikososyal destek \u00e7al\u0131\u015fmalar\u0131na ba\u015flad\u0131.<br \/>\nKuzey K\u0131br\u0131s T\u00fcrk Cumhuriyeti\u2019nin (KKTC) Girne Liman\u0131 a\u00e7\u0131klar\u0131nda 30 A\u011fustos\u2019ta meydana gelen filo jet gemi facias\u0131n\u0131n ard\u0131ndan kay\u0131p ve yolcu yak\u0131nlar\u0131na y\u00f6nelik psikososyal destek \u00e7al\u0131\u015fmalar\u0131 7 g\u00fcn 24 saat esas\u0131na g\u00f6re s\u00fcrd\u00fcr\u00fcl\u00fcyor. T\u00fcrkiye Aile Ve Sosyal Hizmetler Bakanl\u0131\u011f\u0131 taraf\u0131ndan\u00a0<strong class=\"searchword\">Mersin<\/strong>\u00a0ve Adana\u2019dan g\u00f6revlendirilen 7 psikososyal destek personeli, KKTC\u2019ye g\u00f6nderildi.<br \/>\nKKTC\u2019ye ula\u015fan ekip, ilk olarak saha incelemesi ger\u00e7ekle\u015ftirdi. Ard\u0131ndan KKTC Sa\u011fl\u0131k Bakanl\u0131\u011f\u0131 ve Girne Sosyal Hizmetler dairesi g\u00f6revlileriyle toplant\u0131lar yap\u0131larak y\u00fcr\u00fct\u00fclecek \u00e7al\u0131\u015fmalar de\u011ferlendirildi. Toplant\u0131lar\u0131n ard\u0131ndan T\u00fcrkiye\u2019den gelen 6 ki\u015filik psikososyal destek ekibi ile Girne Sosyal Hizmetler Dairesi g\u00f6revlileri, Girne Liman\u0131\u2019nda yolcu ve kay\u0131p yak\u0131nlar\u0131na y\u00f6nelik psikososyal destek \u00e7al\u0131\u015fmalar\u0131na ba\u015flad\u0131. Ekipler, &#8220;7\/24 yanlar\u0131nday\u0131z&#8221; anlay\u0131\u015f\u0131yla ailelerle birebir g\u00f6r\u00fc\u015fmeler ger\u00e7ekle\u015ftiriyor.<\/p>\n<p>T\u00fcrkiye\u2019deki yak\u0131nlar\u0131yla da ileti\u015fim sa\u011flan\u0131yor<br \/>\nAilelerle ger\u00e7ekle\u015ftirilen g\u00f6r\u00fc\u015fmeler s\u0131ras\u0131nda T\u00fcrkiye\u2019de bulunan yak\u0131nlar\u0131na ili\u015fkin ihtiya\u00e7lar\u0131n ortaya \u00e7\u0131kmas\u0131 halinde, yak\u0131nlar\u0131n ikamet etti\u011fi illerdeki aile ve sosyal hizmetler il m\u00fcd\u00fcrl\u00fckleriyle ileti\u015fime ge\u00e7iliyor. Bu kapsamda T\u00fcrkiye\u2019deki aile bireyleri ve yak\u0131nlar\u0131yla gerekli g\u00f6r\u00fc\u015fmeler sa\u011flan\u0131rken, facian\u0131n ard\u0131ndan ailelerin talep ve ihtiya\u00e7lar\u0131 da de\u011ferlendirilerek ilgili makamlara iletiliyor. Psikososyal destek ekiplerinin ailelerle \u00e7al\u0131\u015fmalar\u0131n\u0131 s\u00fcrd\u00fcrerek s\u00fcre\u00e7 boyunca gerekli deste\u011fi sa\u011flayaca\u011f\u0131 belirtildi.<\/p>\n<p>554 metre derinlikteki enkazdan 5 naa\u015fa ula\u015f\u0131ld\u0131<br \/>\nFilo jet facias\u0131nda ilk etapta 8 ki\u015finin hayat\u0131n\u0131 kaybetti\u011fi belirlenmi\u015f, geminin deniz taban\u0131nda 554 metre derinlikte bulunan enkaz\u0131nda s\u00fcrd\u00fcr\u00fclen \u00e7al\u0131\u015fmalarda ise 5 ki\u015finin daha naa\u015f\u0131na ula\u015f\u0131lm\u0131\u015ft\u0131.<br \/>\nKay\u0131p durumdaki 15 ki\u015fiye ula\u015f\u0131lmas\u0131 amac\u0131yla arama \u00e7al\u0131\u015fmalar\u0131 deniz taban\u0131nda, su \u00fcst\u00fcnde ve k\u0131y\u0131 \u015feridinde devam ediyor.<\/p>\n","protected":false},"excerpt":{"rendered":"<p>Aile Ve Sosyal Hizmetler Bakanl\u0131\u011f\u0131 taraf\u0131ndan g\u00f6revlendirilen 7 psikososyal destek personeli ile Girne Sosyal Hizmetler Dairesi g\u00f6revlileri, Girne Liman\u0131\u2019nda yolcu ve kay\u0131p yak\u0131nlar\u0131na y\u00f6nelik psikososyal destek \u00e7al\u0131\u015fmalar\u0131na ba\u015flad\u0131. Kuzey K\u0131br\u0131s T\u00fcrk Cumhuriyeti\u2019nin (KKTC) Girne Liman\u0131 a\u00e7\u0131klar\u0131nda 30 A\u011fustos\u2019ta meydana gelen filo jet gemi facias\u0131n\u0131n ard\u0131ndan kay\u0131p ve yolcu yak\u0131nlar\u0131na y\u00f6nelik psikososyal destek \u00e7al\u0131\u015fmalar\u0131 7 g\u00fcn [&hellip;]<\/p>\n","protected":false},"author":2,"featured_media":142845,"comment_status":"open","ping_status":"open","sticky":false,"template":"","format":"standard","meta":{"footnotes":""},"categories":[5],"tags":[],"class_list":["post-142844","post","type-post","status-publish","format-standard","has-post-thumbnail","hentry","category-saglik"],"views":59,"_links":{"self":[{"href":"https:\/\/mersingazetesi.com\/index.php\/wp-json\/wp\/v2\/posts\/142844","targetHints":{"allow":["GET"]}}],"collection":[{"href":"https:\/\/mersingazetesi.com\/index.php\/wp-json\/wp\/v2\/posts"}],"about":[{"href":"https:\/\/mersingazetesi.com\/index.php\/wp-json\/wp\/v2\/types\/post"}],"author":[{"embeddable":true,"href":"https:\/\/mersingazetesi.com\/index.php\/wp-json\/wp\/v2\/users\/2"}],"replies":[{"embeddable":true,"href":"https:\/\/mersingazetesi.com\/index.php\/wp-json\/wp\/v2\/comments?post=142844"}],"version-history":[{"count":1,"href":"https:\/\/mersingazetesi.com\/index.php\/wp-json\/wp\/v2\/posts\/142844\/revisions"}],"predecessor-version":[{"id":142846,"href":"https:\/\/mersingazetesi.com\/index.php\/wp-json\/wp\/v2\/posts\/142844\/revisions\/142846"}],"wp:featuredmedia":[{"embeddable":true,"href":"https:\/\/mersingazetesi.com\/index.php\/wp-json\/wp\/v2\/media\/142845"}],"wp:attachment":[{"href":"https:\/\/mersingazetesi.com\/index.php\/wp-json\/wp\/v2\/media?parent=142844"}],"wp:term":[{"taxonomy":"category","embeddable":true,"href":"https:\/\/mersingazetesi.com\/index.php\/wp-json\/wp\/v2\/categories?post=142844"},{"taxonomy":"post_tag","embeddable":true,"href":"https:\/\/mersingazetesi.com\/index.php\/wp-json\/wp\/v2\/tags?post=142844"}],"curies":[{"name":"wp","href":"https:\/\/api.w.org\/{rel}","templated":true}]}}