{"id":142839,"date":"2026-09-06T11:11:14","date_gmt":"2026-09-06T08:11:14","guid":{"rendered":"https:\/\/mersingazetesi.com\/?p=142839"},"modified":"2026-09-06T11:11:14","modified_gmt":"2026-09-06T08:11:14","slug":"gece-bekci-insaatta-olu-bulundu","status":"publish","type":"post","link":"https:\/\/mersingazetesi.com\/index.php\/2026\/09\/06\/gece-bekci-insaatta-olu-bulundu\/","title":{"rendered":"Gece bek\u00e7i in\u015faatta \u00f6l\u00fc bulundu"},"content":{"rendered":"<p>Mersin\u2019in Tarsus il\u00e7esinde bir cami in\u015faat\u0131nda gece bek\u00e7ili\u011fi yapan 56 ya\u015f\u0131ndaki \u015fah\u0131s, in\u015faat\u0131n merdiven b\u00f6l\u00fcm\u00fcnde \u00f6l\u00fc bulundu.<\/p>\n<p>Olay, Altayl\u0131lar Mahallesi 02109 Sokak \u00fczerinde bulunan cami in\u015faat\u0131nda meydana geldi. Edinilen bilgiye g\u00f6re, gece bek\u00e7isi olarak \u00e7al\u0131\u015fan Fikret Durna\u2019ya, ailesi ula\u015famay\u0131nca o\u011flu D.D. in\u015faata gitti. O\u011flu, babas\u0131n\u0131 in\u015faat\u0131n merdiven k\u0131sm\u0131nda hareketsiz halde buldu. Durumun 112 Acil \u00c7a\u011fr\u0131 Merkezine bildirilmesi \u00fczerine olay yerine sa\u011fl\u0131k ekipleri sevk edildi. Sa\u011fl\u0131k ekiplerinin yapt\u0131\u011f\u0131 kontrolde Fikret Durna\u2019n\u0131n hayat\u0131n\u0131 kaybetti\u011fi belirlendi. Durna\u2019n\u0131n \u00f6l\u00fcm nedeninin yap\u0131lacak incelemelerin ard\u0131ndan kesinlik kazanaca\u011f\u0131 ifade edildi.<\/p>\n","protected":false},"excerpt":{"rendered":"<p>Mersin\u2019in Tarsus il\u00e7esinde bir cami in\u015faat\u0131nda gece bek\u00e7ili\u011fi yapan 56 ya\u015f\u0131ndaki \u015fah\u0131s, in\u015faat\u0131n merdiven b\u00f6l\u00fcm\u00fcnde \u00f6l\u00fc bulundu. Olay, Altayl\u0131lar Mahallesi 02109 Sokak \u00fczerinde bulunan cami in\u015faat\u0131nda meydana geldi. Edinilen bilgiye g\u00f6re, gece bek\u00e7isi olarak \u00e7al\u0131\u015fan Fikret Durna\u2019ya, ailesi ula\u015famay\u0131nca o\u011flu D.D. in\u015faata gitti. O\u011flu, babas\u0131n\u0131 in\u015faat\u0131n merdiven k\u0131sm\u0131nda hareketsiz halde buldu. Durumun 112 Acil \u00c7a\u011fr\u0131 [&hellip;]<\/p>\n","protected":false},"author":2,"featured_media":142840,"comment_status":"open","ping_status":"open","sticky":false,"template":"","format":"standard","meta":{"footnotes":""},"categories":[1],"tags":[],"class_list":["post-142839","post","type-post","status-publish","format-standard","has-post-thumbnail","hentry","category-gundem"],"views":69,"_links":{"self":[{"href":"https:\/\/mersingazetesi.com\/index.php\/wp-json\/wp\/v2\/posts\/142839","targetHints":{"allow":["GET"]}}],"collection":[{"href":"https:\/\/mersingazetesi.com\/index.php\/wp-json\/wp\/v2\/posts"}],"about":[{"href":"https:\/\/mersingazetesi.com\/index.php\/wp-json\/wp\/v2\/types\/post"}],"author":[{"embeddable":true,"href":"https:\/\/mersingazetesi.com\/index.php\/wp-json\/wp\/v2\/users\/2"}],"replies":[{"embeddable":true,"href":"https:\/\/mersingazetesi.com\/index.php\/wp-json\/wp\/v2\/comments?post=142839"}],"version-history":[{"count":1,"href":"https:\/\/mersingazetesi.com\/index.php\/wp-json\/wp\/v2\/posts\/142839\/revisions"}],"predecessor-version":[{"id":142841,"href":"https:\/\/mersingazetesi.com\/index.php\/wp-json\/wp\/v2\/posts\/142839\/revisions\/142841"}],"wp:featuredmedia":[{"embeddable":true,"href":"https:\/\/mersingazetesi.com\/index.php\/wp-json\/wp\/v2\/media\/142840"}],"wp:attachment":[{"href":"https:\/\/mersingazetesi.com\/index.php\/wp-json\/wp\/v2\/media?parent=142839"}],"wp:term":[{"taxonomy":"category","embeddable":true,"href":"https:\/\/mersingazetesi.com\/index.php\/wp-json\/wp\/v2\/categories?post=142839"},{"taxonomy":"post_tag","embeddable":true,"href":"https:\/\/mersingazetesi.com\/index.php\/wp-json\/wp\/v2\/tags?post=142839"}],"curies":[{"name":"wp","href":"https:\/\/api.w.org\/{rel}","templated":true}]}}