{"id":142833,"date":"2026-09-06T10:57:12","date_gmt":"2026-09-06T07:57:12","guid":{"rendered":"https:\/\/mersingazetesi.com\/?p=142833"},"modified":"2026-09-06T10:57:12","modified_gmt":"2026-09-06T07:57:12","slug":"gsb-genclik-yaz-kulubunde-unutulmaz-bir-final","status":"publish","type":"post","link":"https:\/\/mersingazetesi.com\/index.php\/2026\/09\/06\/gsb-genclik-yaz-kulubunde-unutulmaz-bir-final\/","title":{"rendered":"GSB Gen\u00e7lik Yaz Kul\u00fcb\u00fc\u2019nde Unutulmaz Bir Final"},"content":{"rendered":"<div class=\"x14z9mp xat24cr x1lziwak x1vvkbs xtlvy1s x126k92a\">\n<div dir=\"auto\">\u00c7ocuklar\u0131n yaz tatilini sanat, spor ve e\u011flenceyle dolu dolu ge\u00e7irmelerini sa\u011flayan GSB Gen\u00e7lik Yaz Kul\u00fcb\u00fc, d\u00fczenlenen renkli kapan\u0131\u015f program\u0131yla sona erdi.<\/div>\n<\/div>\n<div class=\"x14z9mp xat24cr x1lziwak x1vvkbs xtlvy1s x126k92a\">\n<div dir=\"auto\">Tarsus Merkez Gen\u00e7lik Merkezi\u2019nde ger\u00e7ekle\u015ftirilen programa Tarsus Kaymakam\u0131 Mehmet Ali Aky\u00fcz ve Tarsus Gen\u00e7lik ve Spor \u0130l\u00e7e M\u00fcd\u00fcr\u00fc Memet \u00d6zt\u00fcrk kat\u0131ld\u0131.<\/div>\n<\/div>\n<div class=\"x14z9mp xat24cr x1lziwak x1vvkbs xtlvy1s x126k92a\">\n<div dir=\"auto\">Programda; \u015fiir, piyano, ba\u011flama ve ney dinletilerinin yan\u0131 s\u0131ra g\u00fcre\u015f, cimnastik, futbol, basketbol ve voleybol g\u00f6sterileri b\u00fcy\u00fck be\u011feni toplad\u0131. Ayr\u0131ca gen\u00e7lerin haz\u0131rlad\u0131\u011f\u0131 el sanatlar\u0131 ve resim sergisi ziyaret\u00e7ilerin be\u011fenisine sunuldu.<\/div>\n<div dir=\"auto\"><\/div>\n<\/div>\n<div class=\"x14z9mp xat24cr x1lziwak x1vvkbs xtlvy1s x126k92a\">\n<div dir=\"auto\">Sanatla \u00fcreten, sporla g\u00fc\u00e7lenen, yeteneklerini ke\u015ffeden gen\u00e7lerle dolulukla ge\u00e7en bir yaz geride b\u0131rak\u0131ld\u0131.<\/div>\n<\/div>\n<div class=\"x14z9mp xat24cr x1lziwak x1vvkbs xtlvy1s x126k92a\">\n<div dir=\"auto\"><\/div>\n<\/div>\n","protected":false},"excerpt":{"rendered":"<p>\u00c7ocuklar\u0131n yaz tatilini sanat, spor ve e\u011flenceyle dolu dolu ge\u00e7irmelerini sa\u011flayan GSB Gen\u00e7lik Yaz Kul\u00fcb\u00fc, d\u00fczenlenen renkli kapan\u0131\u015f program\u0131yla sona erdi. Tarsus Merkez Gen\u00e7lik Merkezi\u2019nde ger\u00e7ekle\u015ftirilen programa Tarsus Kaymakam\u0131 Mehmet Ali Aky\u00fcz ve Tarsus Gen\u00e7lik ve Spor \u0130l\u00e7e M\u00fcd\u00fcr\u00fc Memet \u00d6zt\u00fcrk kat\u0131ld\u0131. Programda; \u015fiir, piyano, ba\u011flama ve ney dinletilerinin yan\u0131 s\u0131ra g\u00fcre\u015f, cimnastik, futbol, basketbol [&hellip;]<\/p>\n","protected":false},"author":2,"featured_media":142834,"comment_status":"open","ping_status":"open","sticky":false,"template":"","format":"standard","meta":{"footnotes":""},"categories":[6],"tags":[],"class_list":["post-142833","post","type-post","status-publish","format-standard","has-post-thumbnail","hentry","category-spor"],"views":85,"_links":{"self":[{"href":"https:\/\/mersingazetesi.com\/index.php\/wp-json\/wp\/v2\/posts\/142833","targetHints":{"allow":["GET"]}}],"collection":[{"href":"https:\/\/mersingazetesi.com\/index.php\/wp-json\/wp\/v2\/posts"}],"about":[{"href":"https:\/\/mersingazetesi.com\/index.php\/wp-json\/wp\/v2\/types\/post"}],"author":[{"embeddable":true,"href":"https:\/\/mersingazetesi.com\/index.php\/wp-json\/wp\/v2\/users\/2"}],"replies":[{"embeddable":true,"href":"https:\/\/mersingazetesi.com\/index.php\/wp-json\/wp\/v2\/comments?post=142833"}],"version-history":[{"count":1,"href":"https:\/\/mersingazetesi.com\/index.php\/wp-json\/wp\/v2\/posts\/142833\/revisions"}],"predecessor-version":[{"id":142835,"href":"https:\/\/mersingazetesi.com\/index.php\/wp-json\/wp\/v2\/posts\/142833\/revisions\/142835"}],"wp:featuredmedia":[{"embeddable":true,"href":"https:\/\/mersingazetesi.com\/index.php\/wp-json\/wp\/v2\/media\/142834"}],"wp:attachment":[{"href":"https:\/\/mersingazetesi.com\/index.php\/wp-json\/wp\/v2\/media?parent=142833"}],"wp:term":[{"taxonomy":"category","embeddable":true,"href":"https:\/\/mersingazetesi.com\/index.php\/wp-json\/wp\/v2\/categories?post=142833"},{"taxonomy":"post_tag","embeddable":true,"href":"https:\/\/mersingazetesi.com\/index.php\/wp-json\/wp\/v2\/tags?post=142833"}],"curies":[{"name":"wp","href":"https:\/\/api.w.org\/{rel}","templated":true}]}}