{"id":142830,"date":"2026-09-06T10:53:48","date_gmt":"2026-09-06T07:53:48","guid":{"rendered":"https:\/\/mersingazetesi.com\/?p=142830"},"modified":"2026-09-06T10:53:48","modified_gmt":"2026-09-06T07:53:48","slug":"valisi-atilla-toros-mevlid-i-serif-programina-katildi","status":"publish","type":"post","link":"https:\/\/mersingazetesi.com\/index.php\/2026\/09\/06\/valisi-atilla-toros-mevlid-i-serif-programina-katildi\/","title":{"rendered":"Valisi Atilla Toros, Mevlid-i \u015eerif program\u0131na kat\u0131ld\u0131"},"content":{"rendered":"<div class=\"xdj266r x14z9mp xat24cr x1lziwak x1vvkbs x126k92a\">\n<div dir=\"auto\">Mersin Valisi Atilla Toros, 2025 y\u0131l\u0131nda \u015eehit olan Polis Memuru Mustafa Karap\u0131nar\u2019\u0131n \u015fehadetinin sene-i devriyesi vesileyle d\u00fczenlenen Mevlid-i \u015eerif program\u0131na kat\u0131ld\u0131.<\/div>\n<\/div>\n<div class=\"x14z9mp xat24cr x1lziwak x1vvkbs xtlvy1s x126k92a\">\n<div dir=\"auto\">Mersin \u0130l Emniyet M\u00fcd\u00fcrl\u00fc\u011f\u00fc \u00d6zel Harekat \u015eube M\u00fcd\u00fcrl\u00fc\u011f\u00fc\u2019nde d\u00fczenlenen programda, \u015eehit Mustafa Karap\u0131nar ve b\u00fct\u00fcn \u015eehitler i\u00e7in Kur\u2019an-\u0131 Kerim ve Mevlid-i \u015eerif okundu, dualar edildi.<\/div>\n<div dir=\"auto\"><\/div>\n<\/div>\n<div class=\"x14z9mp xat24cr x1lziwak x1vvkbs xtlvy1s x126k92a\">\n<div dir=\"auto\">Vali Toros, vatan u\u011fruna can\u0131n\u0131 feda eden \u015eehidimizin annesi Fatma Karap\u0131nar\u2019a taziyelerini, sab\u0131r ve ba\u015fsa\u011fl\u0131\u011f\u0131 dileklerini iletti.<\/div>\n<\/div>\n<div class=\"x14z9mp xat24cr x1lziwak x1vvkbs xtlvy1s x126k92a\">\n<div dir=\"auto\"><\/div>\n<\/div>\n","protected":false},"excerpt":{"rendered":"<p>Mersin Valisi Atilla Toros, 2025 y\u0131l\u0131nda \u015eehit olan Polis Memuru Mustafa Karap\u0131nar\u2019\u0131n \u015fehadetinin sene-i devriyesi vesileyle d\u00fczenlenen Mevlid-i \u015eerif program\u0131na kat\u0131ld\u0131. Mersin \u0130l Emniyet M\u00fcd\u00fcrl\u00fc\u011f\u00fc \u00d6zel Harekat \u015eube M\u00fcd\u00fcrl\u00fc\u011f\u00fc\u2019nde d\u00fczenlenen programda, \u015eehit Mustafa Karap\u0131nar ve b\u00fct\u00fcn \u015eehitler i\u00e7in Kur\u2019an-\u0131 Kerim ve Mevlid-i \u015eerif okundu, dualar edildi. Vali Toros, vatan u\u011fruna can\u0131n\u0131 feda eden \u015eehidimizin annesi [&hellip;]<\/p>\n","protected":false},"author":2,"featured_media":142831,"comment_status":"open","ping_status":"open","sticky":false,"template":"","format":"standard","meta":{"footnotes":""},"categories":[1],"tags":[],"class_list":["post-142830","post","type-post","status-publish","format-standard","has-post-thumbnail","hentry","category-gundem"],"views":67,"_links":{"self":[{"href":"https:\/\/mersingazetesi.com\/index.php\/wp-json\/wp\/v2\/posts\/142830","targetHints":{"allow":["GET"]}}],"collection":[{"href":"https:\/\/mersingazetesi.com\/index.php\/wp-json\/wp\/v2\/posts"}],"about":[{"href":"https:\/\/mersingazetesi.com\/index.php\/wp-json\/wp\/v2\/types\/post"}],"author":[{"embeddable":true,"href":"https:\/\/mersingazetesi.com\/index.php\/wp-json\/wp\/v2\/users\/2"}],"replies":[{"embeddable":true,"href":"https:\/\/mersingazetesi.com\/index.php\/wp-json\/wp\/v2\/comments?post=142830"}],"version-history":[{"count":1,"href":"https:\/\/mersingazetesi.com\/index.php\/wp-json\/wp\/v2\/posts\/142830\/revisions"}],"predecessor-version":[{"id":142832,"href":"https:\/\/mersingazetesi.com\/index.php\/wp-json\/wp\/v2\/posts\/142830\/revisions\/142832"}],"wp:featuredmedia":[{"embeddable":true,"href":"https:\/\/mersingazetesi.com\/index.php\/wp-json\/wp\/v2\/media\/142831"}],"wp:attachment":[{"href":"https:\/\/mersingazetesi.com\/index.php\/wp-json\/wp\/v2\/media?parent=142830"}],"wp:term":[{"taxonomy":"category","embeddable":true,"href":"https:\/\/mersingazetesi.com\/index.php\/wp-json\/wp\/v2\/categories?post=142830"},{"taxonomy":"post_tag","embeddable":true,"href":"https:\/\/mersingazetesi.com\/index.php\/wp-json\/wp\/v2\/tags?post=142830"}],"curies":[{"name":"wp","href":"https:\/\/api.w.org\/{rel}","templated":true}]}}