{"id":142826,"date":"2026-09-06T10:51:24","date_gmt":"2026-09-06T07:51:24","guid":{"rendered":"https:\/\/mersingazetesi.com\/?p=142826"},"modified":"2026-09-06T10:51:24","modified_gmt":"2026-09-06T07:51:24","slug":"dudu-irem-toros-camliyaylada-koruyucu-aile-yaninda-yetisen-cocuklarla-bir-araya-geldi","status":"publish","type":"post","link":"https:\/\/mersingazetesi.com\/index.php\/2026\/09\/06\/dudu-irem-toros-camliyaylada-koruyucu-aile-yaninda-yetisen-cocuklarla-bir-araya-geldi\/","title":{"rendered":"Dudu \u0130rem Toros, \u00c7aml\u0131yayla&#8217;da koruyucu aile yan\u0131nda yeti\u015fen \u00e7ocuklarla bir araya geldi"},"content":{"rendered":"<div class=\"xdj266r x14z9mp xat24cr x1lziwak x1vvkbs x126k92a\">\n<div dir=\"auto\">Mersin Valisi Atilla Toros\u2019un e\u015fi Dudu \u0130rem Toros, \u00c7aml\u0131yayla&#8217;da koruyucu aile yan\u0131nda yeti\u015fen \u00e7ocuklarla bir araya geldi.<\/div>\n<\/div>\n<div class=\"x14z9mp xat24cr x1lziwak x1vvkbs xtlvy1s x126k92a\">\n<div dir=\"auto\">\u00c7ocuklarla yak\u0131ndan ilgilenip bir s\u00fcre sohbet ederek ailenin \u00e7ocuklara sundu\u011fu sevgi, \u015fefkat ve g\u00fcven dolu ortamdan duydu\u011fu memnuniyeti ifade eden Toros, ailenin \u015fahs\u0131nda t\u00fcm koruyucu ailelere te\u015fekk\u00fcr etti.<\/div>\n<div dir=\"auto\"><\/div>\n<\/div>\n<div class=\"x14z9mp xat24cr x1lziwak x1vvkbs xtlvy1s x126k92a\">\n<div dir=\"auto\">Yap\u0131lan a\u00e7\u0131klamada, &#8221;Koruyucu ailelik m\u00fcessesesine g\u00f6n\u00fcl veren t\u00fcm ailelerin, \u00e7ocuklar\u0131n hayata daha g\u00fc\u00e7l\u00fc ve umutla haz\u0131rlanmas\u0131na sundu\u011fu katk\u0131y\u0131 \u00e7ok k\u0131ymetli buluyoruz. Evlatlar\u0131m\u0131z\u0131n sa\u011fl\u0131k, mutluluk ve ba\u015far\u0131 i\u00e7inde g\u00fczel bir gelece\u011fe y\u00fcr\u00fcmelerini temenni ediyoruz.&#8221; denildi.<\/div>\n<\/div>\n","protected":false},"excerpt":{"rendered":"<p>Mersin Valisi Atilla Toros\u2019un e\u015fi Dudu \u0130rem Toros, \u00c7aml\u0131yayla&#8217;da koruyucu aile yan\u0131nda yeti\u015fen \u00e7ocuklarla bir araya geldi. \u00c7ocuklarla yak\u0131ndan ilgilenip bir s\u00fcre sohbet ederek ailenin \u00e7ocuklara sundu\u011fu sevgi, \u015fefkat ve g\u00fcven dolu ortamdan duydu\u011fu memnuniyeti ifade eden Toros, ailenin \u015fahs\u0131nda t\u00fcm koruyucu ailelere te\u015fekk\u00fcr etti. Yap\u0131lan a\u00e7\u0131klamada, &#8221;Koruyucu ailelik m\u00fcessesesine g\u00f6n\u00fcl veren t\u00fcm ailelerin, \u00e7ocuklar\u0131n [&hellip;]<\/p>\n","protected":false},"author":2,"featured_media":142827,"comment_status":"open","ping_status":"open","sticky":false,"template":"","format":"standard","meta":{"footnotes":""},"categories":[1],"tags":[],"class_list":["post-142826","post","type-post","status-publish","format-standard","has-post-thumbnail","hentry","category-gundem"],"views":63,"_links":{"self":[{"href":"https:\/\/mersingazetesi.com\/index.php\/wp-json\/wp\/v2\/posts\/142826","targetHints":{"allow":["GET"]}}],"collection":[{"href":"https:\/\/mersingazetesi.com\/index.php\/wp-json\/wp\/v2\/posts"}],"about":[{"href":"https:\/\/mersingazetesi.com\/index.php\/wp-json\/wp\/v2\/types\/post"}],"author":[{"embeddable":true,"href":"https:\/\/mersingazetesi.com\/index.php\/wp-json\/wp\/v2\/users\/2"}],"replies":[{"embeddable":true,"href":"https:\/\/mersingazetesi.com\/index.php\/wp-json\/wp\/v2\/comments?post=142826"}],"version-history":[{"count":2,"href":"https:\/\/mersingazetesi.com\/index.php\/wp-json\/wp\/v2\/posts\/142826\/revisions"}],"predecessor-version":[{"id":142829,"href":"https:\/\/mersingazetesi.com\/index.php\/wp-json\/wp\/v2\/posts\/142826\/revisions\/142829"}],"wp:featuredmedia":[{"embeddable":true,"href":"https:\/\/mersingazetesi.com\/index.php\/wp-json\/wp\/v2\/media\/142827"}],"wp:attachment":[{"href":"https:\/\/mersingazetesi.com\/index.php\/wp-json\/wp\/v2\/media?parent=142826"}],"wp:term":[{"taxonomy":"category","embeddable":true,"href":"https:\/\/mersingazetesi.com\/index.php\/wp-json\/wp\/v2\/categories?post=142826"},{"taxonomy":"post_tag","embeddable":true,"href":"https:\/\/mersingazetesi.com\/index.php\/wp-json\/wp\/v2\/tags?post=142826"}],"curies":[{"name":"wp","href":"https:\/\/api.w.org\/{rel}","templated":true}]}}