{"id":142818,"date":"2026-09-06T10:45:10","date_gmt":"2026-09-06T07:45:10","guid":{"rendered":"https:\/\/mersingazetesi.com\/?p=142818"},"modified":"2026-09-06T10:45:10","modified_gmt":"2026-09-06T07:45:10","slug":"kamu-elinde-gelir-getiren-varliklar-neden-ozellestiriliyor","status":"publish","type":"post","link":"https:\/\/mersingazetesi.com\/index.php\/2026\/09\/06\/kamu-elinde-gelir-getiren-varliklar-neden-ozellestiriliyor\/","title":{"rendered":"&#8220;Kamu elinde gelir getiren varl\u0131klar neden \u00f6zelle\u015ftiriliyor?&#8221;"},"content":{"rendered":"<p class=\"v1MsoNormal\">CHP Adana Milletvekili, TBMM Ba\u015fkanl\u0131k Divan\u0131 \u00dcyesi Dr. M\u00fczeyyen \u015eevkin, Cumhurba\u015fkan\u0131 taraf\u0131ndan imzalanan 4 Eyl\u00fcl 2026 tarihli ve 11750 say\u0131l\u0131 kararla Ni\u011fde-Pozant\u0131 Otoyolu ile Gaziantep ve Bursa \u00c7evre Otoyollar\u0131n\u0131n \u00f6zelle\u015ftirme kapsam ve program\u0131na al\u0131nmas\u0131na tepki g\u00f6sterdi.<\/p>\n<p class=\"v1MsoNormal\">Dr. \u015eevkin, \u00f6zellikle Adana ve \u00e7evresini do\u011frudan ilgilendiren ula\u015f\u0131m koridorlar\u0131n\u0131n \u00f6zelle\u015ftirme politikalar\u0131n\u0131n merkezine al\u0131nmas\u0131n\u0131n kabul edilemez oldu\u011funu belirterek, &#8220;Milletimizin vergileriyle yap\u0131lan, y\u0131llarca kamu taraf\u0131ndan i\u015fletilen ve kamuya gelir sa\u011flayan ula\u015f\u0131m altyap\u0131m\u0131z neden \u00f6zel i\u015fletmelere devrediliyor? Bunun hesab\u0131 millete verilmelidir&#8221; dedi.<\/p>\n<p class=\"v1MsoNormal\">4 Eyl\u00fcl 2026 tarihli Cumhurba\u015fkan\u0131 Karar\u0131 ile Karayollar\u0131 Genel M\u00fcd\u00fcrl\u00fc\u011f\u00fcn\u00fcn sorumlulu\u011fundaki Ni\u011fde-Pozant\u0131 Otoyolu, Gaziantep \u00c7evre Otoyolu ve Bursa \u00c7evre Otoyolu&#8217;nun \u00c7a\u011flayan Kav\u015fa\u011f\u0131-Yeni\u015fehir Kav\u015fa\u011f\u0131 aras\u0131ndaki b\u00f6l\u00fcm\u00fcn\u00fcn, ba\u011flant\u0131 yollar\u0131 ve \u00fczerlerindeki bak\u0131m-i\u015fletme tesisleri, hizmet tesisleri, \u00fccret toplama merkezleri ve y\u00fck aktarma merkezleriyle birlikte \u00f6zelle\u015ftirme kapsam ve program\u0131na al\u0131nd\u0131\u011f\u0131n\u0131 hat\u0131rlatan Dr. \u015eevkin, \u00f6zelle\u015ftirme s\u00f6zle\u015fmesi s\u00fcresinin de 30 y\u0131l olarak belirlendi\u011fine dikkat \u00e7ekti.<\/p>\n<p class=\"v1MsoNormal\"><b>&#8220;ADANA&#8217;YI \u00c7EVRE \u0130LLERE BA\u011eLAYAN ANA DAMARLAR KAMUNUN EL\u0130NDEN \u00c7IKIYOR&#8221;<\/b><\/p>\n<p class=\"v1MsoNormal\">Dr. \u015eevkin, s\u00f6z konusu karar\u0131n Adana a\u00e7\u0131s\u0131ndan yaln\u0131zca Ni\u011fde-Pozant\u0131 Otoyolu ile s\u0131n\u0131rl\u0131 de\u011ferlendirilmemesi gerekti\u011fini vurgulayarak \u015f\u00f6yle konu\u015ftu:<\/p>\n<p class=\"v1MsoNormal\">&#8220;Pozant\u0131, Adana&#8217;n\u0131n kuzeye a\u00e7\u0131lan kap\u0131s\u0131d\u0131r. Ni\u011fde-Pozant\u0131 Otoyolu, Adana&#8217;n\u0131n \u0130\u00e7 Anadolu&#8217;ya ve \u00fclkenin di\u011fer b\u00f6lgelerine ula\u015f\u0131m\u0131nda stratejik bir g\u00fczerg\u00e2ht\u0131r. Bununla da bitmiyor. Daha \u00f6nce \u00f6zelle\u015ftirme kapsam\u0131na al\u0131nm\u0131\u015f olan Pozant\u0131-Tarsus-Mersin Otoyolu ile Tarsus-Adana-Gaziantep Otoyolu, Toprakkale-\u0130skenderun Otoyolu ve Gaziantep-\u015eanl\u0131urfa Otoyolu da Adana ve \u00e7evre illerimizi do\u011frudan ilgilendiren ana ula\u015f\u0131m koridorlar\u0131d\u0131r.&#8221;<\/p>\n<p class=\"v1MsoNormal\"><b>&#8220;BUNLAR SADECE ASFALT VE BETON DE\u011e\u0130L, M\u0130LLET\u0130N ORTAK VARLI\u011eIDIR!&#8221;<\/b><\/p>\n<p class=\"v1MsoNormal\">Dr. M\u00fczeyyen \u015eevkin, iktidar\u0131n &#8220;sat\u0131\u015f de\u011fil, i\u015fletme hakk\u0131 devri&#8221; s\u00f6yleminin kamu yarar\u0131 a\u00e7\u0131s\u0131ndan sonucu de\u011fi\u015ftirmedi\u011fini ifade ederek \u015f\u00f6yle devam etti:<\/p>\n<p class=\"v1MsoNormal\">&#8220;\u0130ster sat\u0131\u015f deyin, ister i\u015fletme hakk\u0131 devri deyin; vatanda\u015f a\u00e7\u0131s\u0131ndan sonu\u00e7 ayn\u0131d\u0131r. Kamu taraf\u0131ndan yap\u0131lan, kamu taraf\u0131ndan i\u015fletilen ve kamuya gelir sa\u011flayan stratejik ula\u015f\u0131m altyap\u0131s\u0131n\u0131n uzun y\u0131llar boyunca \u00f6zel i\u015fletmelerin kullan\u0131m\u0131na b\u0131rak\u0131lmas\u0131ndan s\u00f6z ediyoruz. \u00dcstelik s\u00f6zle\u015fme s\u00fcresi 30 y\u0131l olarak belirlenmi\u015f. Bir \u00fclkenin ula\u015f\u0131m damarlar\u0131 bir ku\u015fa\u011f\u0131n de\u011fil, gelecek ku\u015faklar\u0131n da hakk\u0131d\u0131r.&#8221;<\/p>\n<p class=\"v1MsoNormal\">Dr. \u015eevkin, 2010 y\u0131l\u0131nda \u00f6zelle\u015ftirme program\u0131na al\u0131nan s\u00f6z konusu otoyollar i\u00e7in daha \u00f6nce 25 y\u0131ll\u0131k i\u015fletme hakk\u0131 devri planland\u0131\u011f\u0131n\u0131, bug\u00fcn ise yeni kararla \u00f6zelle\u015ftirme \u00e7er\u00e7evesinin geni\u015fletildi\u011fini hat\u0131rlatt\u0131.<\/p>\n<p class=\"v1MsoNormal\">&#8220;Milletin vergileriyle yap\u0131lan bir yol, kamu ad\u0131na i\u015fletildi\u011finde neden zarar ediyor da \u00f6zel sekt\u00f6re devredildi\u011finde de\u011ferli hale geliyor?&#8221; diye soran Dr. \u015eevkin, kamu varl\u0131klar\u0131n\u0131n ger\u00e7ek ekonomik de\u011ferlerinin, i\u015fletme gelirlerinin, bak\u0131m ve yat\u0131r\u0131m maliyetlerinin ve \u00f6zelle\u015ftirme y\u00f6nteminin b\u00fct\u00fcn y\u00f6nleriyle kamuoyuna a\u00e7\u0131klanmas\u0131 gerekti\u011fini s\u00f6yledi.<\/p>\n<p class=\"v1MsoNormal\"><b>&#8220;HAZ\u0130NE A\u00c7I\u011eININ FATURASI HALKA KES\u0130LMEMEL\u0130D\u0130R&#8221;<\/b><\/p>\n<p class=\"v1MsoNormal\">Dr. \u015eevkin, iktidar\u0131n ekonomik politikalar\u0131n\u0131 da ele\u015ftirerek, &#8220;Hazineyi zor durumda b\u0131rakan politikalar\u0131n faturas\u0131n\u0131 vatanda\u015f\u0131n ortak mal\u0131n\u0131 devrederek kapatamazs\u0131n\u0131z. Ekonomide yanl\u0131\u015f kararlar\u0131n bedelini kamu varl\u0131klar\u0131n\u0131 elden \u00e7\u0131kararak kar\u015f\u0131lamak kolayc\u0131l\u0131kt\u0131r. Otoyollar, k\u00f6pr\u00fcler ve \u00e7evre yollar\u0131 bug\u00fcn para getiren, yar\u0131n da para getirecek stratejik kamu varl\u0131klar\u0131d\u0131r. Bunlar\u0131 k\u0131sa vadeli kaynak yaratma u\u011fruna uzun vadeli kamu gelirlerinden vazge\u00e7erek devretmek do\u011fru de\u011fildir&#8221; dedi.<\/p>\n<p class=\"v1MsoNormal\"><b>&#8220;SE\u00c7\u0130M HESABI DE\u011e\u0130L, M\u0130LLET\u0130N GELECE\u011e\u0130 HESABI YAPILMALIDIR&#8221;<\/b><\/p>\n<p class=\"v1MsoNormal\">Kamu kaynaklar\u0131n\u0131n siyasi iktidarlar\u0131n d\u00f6nemsel finansman ihtiya\u00e7lar\u0131n\u0131 kar\u015f\u0131lamak amac\u0131yla kullan\u0131lmamas\u0131 gerekti\u011fini belirten Dr. \u015eevkin, &#8220;Devlet mal\u0131, iktidarlar\u0131n siyasi \u00f6mr\u00fcn\u00fc uzatmak i\u00e7in kullan\u0131labilecek bir kaynak de\u011fildir&#8221; dedi.<\/p>\n<p class=\"v1MsoNormal\">&#8220;Siyasi iktidarlar\u0131n g\u00f6revi kamu mallar\u0131n\u0131 satmak de\u011fil, korumak ve milletin yarar\u0131na geli\u015ftirmektir. Bug\u00fcn hazineye para sa\u011flamak amac\u0131yla 30 y\u0131ll\u0131\u011f\u0131na devredilen bir otoyolun gelirinden gelecek nesiller de mahrum kalacakt\u0131r. Bug\u00fcn\u00fcn b\u00fct\u00e7e a\u00e7\u0131\u011f\u0131n\u0131 kapatmak i\u00e7in yar\u0131n\u0131n gelirini ipotek alt\u0131na alamazs\u0131n\u0131z&#8221; diye konu\u015fan CHP&#8217;li Dr. \u015eevkin, iktidara \u015fu sorular\u0131 y\u00f6neltti:<\/p>\n<p class=\"v1MsoNormal\">&#8220;Bu otoyollar\u0131n ger\u00e7ek ekonomik de\u011feri nedir? Y\u0131ll\u0131k ne kadar gelir elde edilmektedir? Bak\u0131m, onar\u0131m ve i\u015fletme maliyetleri ne kadard\u0131r? 30 y\u0131ll\u0131k i\u015fletme hakk\u0131n\u0131n ekonomik kar\u015f\u0131l\u0131\u011f\u0131 nas\u0131l hesaplanm\u0131\u015ft\u0131r? Kamu bu devirden ne kadar gelir elde edecektir? Vatanda\u015f\u0131n ge\u00e7i\u015f \u00fccretlerine nas\u0131l yans\u0131yacakt\u0131r? Bu sorular\u0131n tamam\u0131 kamuoyuna a\u00e7\u0131k ve \u015feffaf bi\u00e7imde yan\u0131tlanmal\u0131d\u0131r.&#8221;<\/p>\n<p class=\"v1MsoNormal\"><b>&#8220;ADANA&#8217;NIN VE T\u00dcRK\u0130YE&#8217;N\u0130N \u00c7IKARLARINI SONUNA KADAR SAVUNACA\u011eIZ&#8221;<\/b><\/p>\n<p class=\"v1MsoNormal\">CHP Adana Milletvekili, TBMM Ba\u015fkanl\u0131k Divan\u0131 \u00dcyesi Dr. M\u00fczeyyen \u015eevkin, Adana&#8217;y\u0131 ve b\u00f6lge ekonomisini do\u011frudan ilgilendiren otoyol ve ula\u015f\u0131m altyap\u0131s\u0131n\u0131n \u00f6zel i\u015fletmelere devrinin \u00f6zellikle ula\u015f\u0131m maliyetleri a\u00e7\u0131s\u0131ndan yak\u0131ndan takip edilmesi gerekti\u011fini vurgulad\u0131.<\/p>\n<p class=\"v1MsoNormal\">Dr. \u015eevkin s\u00f6zlerini \u015f\u00f6yle tamamlad\u0131:<\/p>\n<p class=\"v1MsoNormal\">&#8220;Adana; \u00fcretimin, tar\u0131m\u0131n, sanayinin, ticaretin ve lojisti\u011fin merkezlerinden biridir. Adana&#8217;y\u0131 Mersin&#8217;e, Gaziantep&#8217;e, Ni\u011fde&#8217;ye, Osmaniye&#8217;ye ve \u00fclkenin di\u011fer b\u00f6lgelerine ba\u011flayan ula\u015f\u0131m a\u011flar\u0131 yaln\u0131zca birer yol de\u011fildir; \u00fcreticinin, esnaf\u0131n, sanayicinin, ihracat\u00e7\u0131n\u0131n ve vatanda\u015f\u0131n ya\u015fam damarlar\u0131d\u0131r. Milletimizin vergileriyle yap\u0131lan kamu yat\u0131r\u0131mlar\u0131n\u0131 korumak, vatanda\u015f\u0131n \u00e7\u0131karlar\u0131n\u0131 g\u00f6zetmek ve kamu kaynaklar\u0131n\u0131n en verimli \u015fekilde kullan\u0131lmas\u0131n\u0131 sa\u011flamak siyasi iktidar\u0131n anayasal ve y\u00f6netsel sorumlulu\u011fudur. Biz bu sorumlulu\u011fun takip\u00e7isi olaca\u011f\u0131z. Adana&#8217;n\u0131n ve T\u00fcrkiye&#8217;nin ortak varl\u0131klar\u0131n\u0131n k\u0131sa vadeli siyasi ve ekonomik hesaplara kurban edilmesine izin vermeyece\u011fiz.&#8221;<\/p>\n","protected":false},"excerpt":{"rendered":"<p>CHP Adana Milletvekili, TBMM Ba\u015fkanl\u0131k Divan\u0131 \u00dcyesi Dr. M\u00fczeyyen \u015eevkin, Cumhurba\u015fkan\u0131 taraf\u0131ndan imzalanan 4 Eyl\u00fcl 2026 tarihli ve 11750 say\u0131l\u0131 kararla Ni\u011fde-Pozant\u0131 Otoyolu ile Gaziantep ve Bursa \u00c7evre Otoyollar\u0131n\u0131n \u00f6zelle\u015ftirme kapsam ve program\u0131na al\u0131nmas\u0131na tepki g\u00f6sterdi. Dr. \u015eevkin, \u00f6zellikle Adana ve \u00e7evresini do\u011frudan ilgilendiren ula\u015f\u0131m koridorlar\u0131n\u0131n \u00f6zelle\u015ftirme politikalar\u0131n\u0131n merkezine al\u0131nmas\u0131n\u0131n kabul edilemez oldu\u011funu belirterek, &#8220;Milletimizin [&hellip;]<\/p>\n","protected":false},"author":2,"featured_media":142819,"comment_status":"open","ping_status":"open","sticky":false,"template":"","format":"standard","meta":{"footnotes":""},"categories":[1],"tags":[],"class_list":["post-142818","post","type-post","status-publish","format-standard","has-post-thumbnail","hentry","category-gundem"],"views":68,"_links":{"self":[{"href":"https:\/\/mersingazetesi.com\/index.php\/wp-json\/wp\/v2\/posts\/142818","targetHints":{"allow":["GET"]}}],"collection":[{"href":"https:\/\/mersingazetesi.com\/index.php\/wp-json\/wp\/v2\/posts"}],"about":[{"href":"https:\/\/mersingazetesi.com\/index.php\/wp-json\/wp\/v2\/types\/post"}],"author":[{"embeddable":true,"href":"https:\/\/mersingazetesi.com\/index.php\/wp-json\/wp\/v2\/users\/2"}],"replies":[{"embeddable":true,"href":"https:\/\/mersingazetesi.com\/index.php\/wp-json\/wp\/v2\/comments?post=142818"}],"version-history":[{"count":1,"href":"https:\/\/mersingazetesi.com\/index.php\/wp-json\/wp\/v2\/posts\/142818\/revisions"}],"predecessor-version":[{"id":142820,"href":"https:\/\/mersingazetesi.com\/index.php\/wp-json\/wp\/v2\/posts\/142818\/revisions\/142820"}],"wp:featuredmedia":[{"embeddable":true,"href":"https:\/\/mersingazetesi.com\/index.php\/wp-json\/wp\/v2\/media\/142819"}],"wp:attachment":[{"href":"https:\/\/mersingazetesi.com\/index.php\/wp-json\/wp\/v2\/media?parent=142818"}],"wp:term":[{"taxonomy":"category","embeddable":true,"href":"https:\/\/mersingazetesi.com\/index.php\/wp-json\/wp\/v2\/categories?post=142818"},{"taxonomy":"post_tag","embeddable":true,"href":"https:\/\/mersingazetesi.com\/index.php\/wp-json\/wp\/v2\/tags?post=142818"}],"curies":[{"name":"wp","href":"https:\/\/api.w.org\/{rel}","templated":true}]}}