{"id":142815,"date":"2026-09-06T10:44:24","date_gmt":"2026-09-06T07:44:24","guid":{"rendered":"https:\/\/mersingazetesi.com\/?p=142815"},"modified":"2026-09-06T10:44:24","modified_gmt":"2026-09-06T07:44:24","slug":"buyuksehirin-silifke-sosyal-yasam-merkezi-yaz-doneminde-de-silifkelilerin-bulusma-noktasi","status":"publish","type":"post","link":"https:\/\/mersingazetesi.com\/index.php\/2026\/09\/06\/buyuksehirin-silifke-sosyal-yasam-merkezi-yaz-doneminde-de-silifkelilerin-bulusma-noktasi\/","title":{"rendered":"B\u00dcY\u00dcK\u015eEH\u0130R&#8217;\u0130N S\u0130L\u0130FKE SOSYAL YA\u015eAM MERKEZ\u0130, YAZ D\u00d6NEM\u0130NDE DE S\u0130L\u0130FKEL\u0130LER\u0130N BULU\u015eMA NOKTASI"},"content":{"rendered":"<div id=\"message-htmlpart1\" class=\"message-htmlpart\">\n<div id=\"message-htmlpart1\" class=\"rcmBody\">\n<p>Mersin B\u00fcy\u00fck\u015fehir Belediyesi&#8217;nin\u00a0<strong><em>&#8216;Silifke Sosyal Ya\u015fam Merkezi&#8217;<\/em><\/strong>; farkl\u0131 ya\u015f gruplar\u0131n\u0131n e\u011fitimden spora, k\u00fclt\u00fcr-sanattan e\u011flenceye kadar pek \u00e7ok alandaki ihtiya\u00e7lar\u0131na yan\u0131t veren \u00f6nemli bir sosyal ya\u015fam alan\u0131 olarak hizmet veriyor. \u00d6zellikle ailelerin \u00e7ocuklar\u0131yla birlikte g\u00fcvenli, keyifli ve nitelikli zaman ge\u00e7irebildi\u011fi merkez, Silifkelilerin g\u00fcnl\u00fck ya\u015fam\u0131na \u00f6nemli katk\u0131 sunuyor.<\/p>\n<p>&nbsp;<\/p>\n<p><strong>Merkez bir\u00e7ok y\u00f6n\u00fcyle, \u00f6nemli bir ya\u015fam alan\u0131 \u00f6zelli\u011fi ta\u015f\u0131yor<\/strong><\/p>\n<p>Yaz d\u00f6neminde de yo\u011fun olarak kullan\u0131lan merkezde; \u00e7ocuklar\u0131n Ak\u0131l Zek\u00e2 Oyunlar\u0131, Dans, Do\u011fa, Hobi-Resim, Masal-Drama, M\u00fczik-Ritim, Tasar\u0131m-Teknoloji, Yarat\u0131c\u0131 Mutfak ve Oyun gibi farkl\u0131 alanlarda at\u00f6lyelere kat\u0131ld\u0131\u011f\u0131 \u00c7ocuk Kamp\u00fcs\u00fc de yer al\u0131yor. \u00c7ocuklar\u0131n hem e\u011flenerek \u00f6\u011frenmesine hem de ilgi ve yeteneklerini ke\u015ffetmesine olanak sa\u011flayan at\u00f6lyeler, ailelere de \u00e7ocuklar\u0131n\u0131n geli\u015fimini destekleyebilecekleri \u00f6nemli bir imk\u00e2n sunuyor.<\/p>\n<p>&nbsp;<\/p>\n<p>\u00d6\u011frencilerin ders \u00e7al\u0131\u015fabildi\u011fi ve \u00e7e\u015fitli toplant\u0131lar\u0131n ger\u00e7ekle\u015ftirilebildi\u011fi Okuma Salonu ve \u00c7ok Ama\u00e7l\u0131 Salon, merkez i\u00e7erisinde vatanda\u015flar\u0131n kullan\u0131m\u0131na sunuluyor. Kafe alan\u0131 ise vatanda\u015flar\u0131n dinlenip sohbet edebilecekleri bir bulu\u015fma noktas\u0131 olarak, hem i\u00e7 hem de d\u0131\u015f alanda hizmet veriyor.<\/p>\n<p>&nbsp;<\/p>\n<p>Merkezde yer alan amfi tiyatro, vatanda\u015flar\u0131n k\u00fclt\u00fcr ve sanat etkinlikleriyle bulu\u015fmas\u0131na olanak tan\u0131rken, Survivor Park ve oyun gruplar\u0131 da \u00f6zellikle \u00e7ocuklu ailelerin ilgisini \u00e7ekiyor. Merkez b\u00fcnyesinde yer alan spor alan\u0131 ve y\u00fcr\u00fcy\u00fc\u015f yolu ise vatanda\u015flar\u0131n a\u00e7\u0131k havada vakit ge\u00e7irebilecekleri yerler olarak \u00f6ne \u00e7\u0131k\u0131yor. Toplumun her kesimini ayn\u0131 \u00e7at\u0131 alt\u0131nda bulu\u015fturan, vatanda\u015flar\u0131n sosyal ve k\u00fclt\u00fcrel faaliyetlere daha kolay eri\u015febilmesine katk\u0131 sunan merkez, \u00f6nemli bir ya\u015fam alan\u0131 \u00f6zelli\u011fi ta\u015f\u0131yor.<\/p>\n<p>&nbsp;<\/p>\n<p><strong>Kaya: &#8220;Merkezde sadece \u00e7ocuklar de\u011fil, yeti\u015fkinler de d\u00fc\u015f\u00fcn\u00fclm\u00fc\u015f&#8221;<\/strong><\/p>\n<p>3 k\u0131z\u0131 olan e\u011fitmen Arzu Kaya, Silifke Sosyal Ya\u015fam Merkezi&#8217;ni aktif olarak kullanan velilerden. \u00c7ocuklar\u0131n\u0131n daha \u00f6nce evde \u00e7ok s\u0131k\u0131ld\u0131\u011f\u0131n\u0131 belirten Kaya,\u00a0<strong>&#8220;Buray\u0131 g\u00f6rd\u00fckten sonra,\u00a0<em>&#8216;iyi ki a\u00e7\u0131lm\u0131\u015f, \u015fimdiye kadar ne yap\u0131yorduk?&#8217;<\/em>\u00a0diyorum. \u00c7ocuklar\u0131m buradan g\u00fczel bir \u015fekilde faydalan\u0131yorlar. Buras\u0131 a\u00e7\u0131ld\u0131\u011f\u0131 i\u00e7in \u00e7ok memnunuz&#8221;<\/strong>\u00a0dedi.<\/p>\n<p>&nbsp;<\/p>\n<p>4 ya\u015f\u0131ndaki k\u0131z\u0131n\u0131n oyun at\u00f6lyesini, 7 ve 10 ya\u015f\u0131ndaki di\u011fer 2 k\u0131z\u0131n\u0131n ise satran\u00e7, drama ve piyano at\u00f6lyesini kulland\u0131\u011f\u0131n\u0131 kaydeden Kaya; merkezde sadece \u00e7ocuklar\u0131n de\u011fil, yeti\u015fkinlerin de d\u00fc\u015f\u00fcn\u00fcld\u00fc\u011f\u00fcn\u00fc s\u00f6zlerine ekleyerek,\u00a0<strong>&#8220;\u00c7ocuklar\u0131m\u0131z at\u00f6lyedeyken, biz de di\u011fer kad\u0131n arkada\u015flarla merkezin kafesinde oturup \u00e7ay, kahve i\u00e7ebiliyoruz. Buradaki her t\u00fcrl\u00fc nimetten faydalan\u0131yoruz. Ayr\u0131ca buran\u0131n g\u00fcvenli\u011fi de var. O y\u00fczden \u00e7ocuklar\u0131m\u0131z her daim g\u00fcvendeler. Bu \u00e7ocuk kamp\u00fcs\u00fcn\u00fc ve sosyal ya\u015fam alan\u0131n\u0131 bize kazand\u0131rd\u0131\u011f\u0131 i\u00e7in B\u00fcy\u00fck\u015fehir Belediye Ba\u015fkan\u0131m\u0131za \u00e7ok te\u015fekk\u00fcr ediyoruz&#8221;<\/strong>\u00a0ifadelerine yer verdi.<\/p>\n<p>&nbsp;<\/p>\n<p><strong>Bademli: &#8220;\u00c7ocuklar\u0131m\u0131z ayn\u0131 anda bir\u00e7ok at\u00f6lyeden faydalan\u0131yor&#8221;<\/strong><\/p>\n<p>Silifke Sosyal Ya\u015fam Merkezi&#8217;ni kullanan bir di\u011fer veli ise Gamze Bademli. Merkeze 8 ya\u015f\u0131ndaki k\u0131z\u0131n\u0131 getirdi\u011fini s\u00f6yleyen Bademli, \u00e7ok memnun oldu\u011funu ifade ederek,\u00a0<strong>&#8220;\u0130yi ki b\u00f6yle bir tesis a\u00e7\u0131lm\u0131\u015f. \u00d6zellikle yaz d\u00f6neminde bizim i\u00e7in kurtar\u0131c\u0131 oldu. \u00c7ocuklar okullar kapand\u0131ktan sonra evde s\u0131k\u0131l\u0131yor. Onlar i\u00e7in de g\u00fczel bir aktivite oluyor. Hem arkada\u015flar\u0131yla vakit ge\u00e7iriyorlar hem de kendilerine bir \u015fey kat\u0131yorlar&#8221;<\/strong>\u00a0diye konu\u015ftu.<\/p>\n<p>&nbsp;<\/p>\n<p>\u00c7ocu\u011funun ayn\u0131 anda bir\u00e7ok at\u00f6lyeden faydaland\u0131\u011f\u0131n\u0131 kaydeden Bademli,\u00a0<strong>&#8220;\u00d6\u011fretmenlerimizden de \u00e7ok memnunuz. G\u00fcler y\u00fczl\u00fcler ve \u00e7ocuklarla \u00e7ok g\u00fczel ilgileniyorlar. \u00c7ocuklar\u0131m\u0131z\u0131 beklerken, biz de di\u011fer velilerle kafede vakit ge\u00e7iriyoruz. Hem \u00e7ocuklar\u0131m\u0131z hem de bizler i\u00e7in buras\u0131 \u00e7ok g\u00fczel oldu. Silifke&#8217;ye b\u00f6yle bir yer yap\u0131lmas\u0131 gerekiyordu&#8221;<\/strong>\u00a0dedi.<\/p>\n<p>&nbsp;<\/p>\n<p><strong>Er: &#8220;Silifke Sosyal Ya\u015fam Merkezi&#8217;nden her ya\u015f grubundan vatanda\u015f faydalan\u0131yor&#8221;<\/strong><\/p>\n<p>Din K\u00fclt\u00fcr\u00fc ve Ahlak Bilgisi \u00d6\u011fretmeni Derya Er, yakla\u015f\u0131k 2 y\u0131ld\u0131r Silifke&#8217;de ya\u015fad\u0131klar\u0131ndan s\u00f6z ederek, Silifke Sosyal Ya\u015fam Merkezi&#8217;ni a\u00e7\u0131ld\u0131\u011f\u0131 g\u00fcnden bu yana kulland\u0131\u011f\u0131n\u0131 ifade etti. Merkeze o\u011fluyla birlikte yakla\u015f\u0131k bir y\u0131ld\u0131r d\u00fczenli olarak geldi\u011fini s\u00f6yleyen Er,<strong>\u00a0&#8220;Silifke Sosyal Ya\u015fam Merkezi&#8217;nde 08.00-17.00 saatleri aras\u0131 hizmet veriliyor. Hijyeni, temizli\u011fi ve konforu \u00e7ok iyi. Buras\u0131 ders \u00e7al\u0131\u015fmak i\u00e7in de gayet iyi bir ortam. Buraya ilkokul ve ortaokul \u00f6\u011frencileri, mezunlar ve \u00f6\u011fretmenler gibi farkl\u0131 ya\u015f grubundan insanlar geliyor&#8221;\u00a0<\/strong>ifadelerine yer verdi.<\/p>\n<p>&nbsp;<\/p>\n<p>5 ya\u015f\u0131ndaki o\u011flunun merkezde yer alan \u00c7ocuk Kamp\u00fcs\u00fc&#8217;nden faydaland\u0131\u011f\u0131n\u0131 ve Do\u011fa At\u00f6lyesi&#8217;ne gitti\u011fini belirten Er,<strong>\u00a0&#8220;Merkezde Survivor Parkuru da var. \u00c7ocu\u011fumu ak\u015famlar\u0131 oraya g\u00f6t\u00fcr\u00fcyorum. Hafta sonlar\u0131 da e\u015fimle birlikte spor alan\u0131n\u0131 kullan\u0131yoruz&#8221;\u00a0<\/strong>diye belirtti. \u00c7ocu\u011funun at\u00f6lyeden faydalan\u0131rken, kendisinin de merkezde yer alan Okuma Salonu&#8217;ndan yararland\u0131\u011f\u0131n\u0131 s\u00f6zlerine ekleyen Er,\u00a0<strong>&#8220;Buras\u0131 bizim i\u00e7in \u00e7ok iyi oldu. Ferahlat\u0131c\u0131 ve d\u00fczenli bir ortam\u0131 var&#8221;\u00a0<\/strong>dedi.<\/p>\n<p>&nbsp;<\/p>\n<p><strong>Merkez her ya\u015ftan konu\u011funu memnuniyetle a\u011f\u0131rl\u0131yor<\/strong><\/p>\n<p>Merkezin m\u00fcdavimlerinden olan Eren Mercan, haftan\u0131n her g\u00fcn\u00fc geldi\u011fini s\u00f6yledi. Hizmetten \u00e7ok memnun oldu\u011funu s\u00f6yleyen Mercan,\u00a0<strong>&#8220;Gerek temizlik a\u00e7\u0131s\u0131ndan gerekse de kafeterya ve di\u011fer sosyal imk\u00e2nlar\u0131n olmas\u0131 a\u00e7\u0131s\u0131ndan gayet g\u00fczel bir yer&#8221;\u00a0<\/strong>diyerek, \u00e7ocuklar\u0131n ve yeti\u015fkinlerin kullanaca\u011f\u0131 \u00e7ok efektif alanlar oldu\u011funun alt\u0131n\u0131 \u00e7izdi.<\/p>\n<p>&nbsp;<\/p>\n<p>Merkezi Kamu Personel Se\u00e7me S\u0131nav\u0131 (KPSS) ve Akademik Personel ve Lisans\u00fcst\u00fc E\u011fitimi Giri\u015f S\u0131nav\u0131&#8217;na (ALES) haz\u0131rl\u0131k i\u00e7in merkezi kulland\u0131\u011f\u0131n\u0131 s\u00f6yleyen Tunahan \u015eahin,\u00a0<strong>&#8220;Okuma salonu ve ders \u00e7al\u0131\u015fma yerleri yeterince verimli. Ye\u015fil alan\u0131, spor alan\u0131, kitap okuma alan\u0131 ve kantin var. \u00c7ocuklar i\u00e7in de kullan\u0131lan yerler var. Buras\u0131 \u00e7ok y\u00f6nl\u00fc bir sosyal tesis. Hizmete sunuldu\u011fu i\u00e7in memnuniyetle kullan\u0131yoruz&#8221;\u00a0<\/strong>ifadelerini kulland\u0131.<\/p>\n<p>&nbsp;<\/p>\n<p><strong>Silifke&#8217;de \u00e7ocuklar merkez sayesinde en verimli yaz\u0131n\u0131 ge\u00e7iriyor<\/strong><\/p>\n<p>Merkezin 10 ya\u015f\u0131ndaki m\u00fcdavimi Nazl\u0131 E\u015fe Soldan,\u00a0<strong>&#8220;Bence buras\u0131 \u00e7ok g\u00fczel bir yer. Burada oyunlar oynuyor ve resimler yap\u0131yoruz. S\u00fcrekli geliyorum. Yaz tatilim buras\u0131 sayesinde \u00e7ok iyi ge\u00e7iyor. Burada Resim ile Ak\u0131l ve Zek\u00e2 Oyunlar\u0131 At\u00f6lyesi&#8217;nden yararlan\u0131yorum. \u0130yi ki a\u00e7\u0131lm\u0131\u015f&#8221;<\/strong>\u00a0dedi.<\/p>\n<p>&nbsp;<\/p>\n<p>\u00c7ocuk Kamp\u00fcs\u00fc&#8217;ne gelen 12 ya\u015f\u0131ndaki Hatice Ela Pamuk\u00e7u; Masal ve Drama, Ak\u0131l ve Zek\u00e2 Oyunlar\u0131 ile Mutfak At\u00f6lyesi&#8217;ne d\u00fczenli geldi\u011fini s\u00f6yledi. \u00c7ok e\u011flenceli zaman ge\u00e7irdi\u011fini s\u00f6yleyen Pamuk\u00e7u,\u00a0<strong>&#8220;Evde oturmaktansa burada arkada\u015flarla ve aktivitelerle ilgileniyorum. Silifke&#8217;de \u00e7ocuklar i\u00e7in hi\u00e7 b\u00f6yle bir alan yoktu. Buray\u0131 a\u00e7t\u0131klar\u0131 i\u00e7in \u00e7ok memnun kald\u0131m. Yemek yapmay\u0131 da \u00f6\u011frendim. Evde art\u0131k anneme yemek yapmakta yard\u0131mc\u0131 oluyorum. Zaman\u0131m kaliteli ge\u00e7iyor. Normalde ekranla \u00e7ok ilgilenen bir insand\u0131m. Ama son bir y\u0131l buras\u0131 sayesinde ekranla ilgilenmeyi b\u0131rakt\u0131m&#8221;<\/strong>\u00a0diye konu\u015ftu.<\/p>\n<p><img loading=\"lazy\" decoding=\"async\" src=\"https:\/\/mail.hostinger.com\/old\/program\/resources\/blocked.gif\" width=\"1\" height=\"1\" border=\"0\" \/><\/div>\n<\/div>\n<p class=\"image-attachment\">\n","protected":false},"excerpt":{"rendered":"<p>Mersin B\u00fcy\u00fck\u015fehir Belediyesi&#8217;nin\u00a0&#8216;Silifke Sosyal Ya\u015fam Merkezi&#8217;; farkl\u0131 ya\u015f gruplar\u0131n\u0131n e\u011fitimden spora, k\u00fclt\u00fcr-sanattan e\u011flenceye kadar pek \u00e7ok alandaki ihtiya\u00e7lar\u0131na yan\u0131t veren \u00f6nemli bir sosyal ya\u015fam alan\u0131 olarak hizmet veriyor. \u00d6zellikle ailelerin \u00e7ocuklar\u0131yla birlikte g\u00fcvenli, keyifli ve nitelikli zaman ge\u00e7irebildi\u011fi merkez, Silifkelilerin g\u00fcnl\u00fck ya\u015fam\u0131na \u00f6nemli katk\u0131 sunuyor. &nbsp; Merkez bir\u00e7ok y\u00f6n\u00fcyle, \u00f6nemli bir ya\u015fam alan\u0131 \u00f6zelli\u011fi ta\u015f\u0131yor [&hellip;]<\/p>\n","protected":false},"author":2,"featured_media":142816,"comment_status":"open","ping_status":"open","sticky":false,"template":"","format":"standard","meta":{"footnotes":""},"categories":[1],"tags":[],"class_list":["post-142815","post","type-post","status-publish","format-standard","has-post-thumbnail","hentry","category-gundem"],"views":66,"_links":{"self":[{"href":"https:\/\/mersingazetesi.com\/index.php\/wp-json\/wp\/v2\/posts\/142815","targetHints":{"allow":["GET"]}}],"collection":[{"href":"https:\/\/mersingazetesi.com\/index.php\/wp-json\/wp\/v2\/posts"}],"about":[{"href":"https:\/\/mersingazetesi.com\/index.php\/wp-json\/wp\/v2\/types\/post"}],"author":[{"embeddable":true,"href":"https:\/\/mersingazetesi.com\/index.php\/wp-json\/wp\/v2\/users\/2"}],"replies":[{"embeddable":true,"href":"https:\/\/mersingazetesi.com\/index.php\/wp-json\/wp\/v2\/comments?post=142815"}],"version-history":[{"count":1,"href":"https:\/\/mersingazetesi.com\/index.php\/wp-json\/wp\/v2\/posts\/142815\/revisions"}],"predecessor-version":[{"id":142817,"href":"https:\/\/mersingazetesi.com\/index.php\/wp-json\/wp\/v2\/posts\/142815\/revisions\/142817"}],"wp:featuredmedia":[{"embeddable":true,"href":"https:\/\/mersingazetesi.com\/index.php\/wp-json\/wp\/v2\/media\/142816"}],"wp:attachment":[{"href":"https:\/\/mersingazetesi.com\/index.php\/wp-json\/wp\/v2\/media?parent=142815"}],"wp:term":[{"taxonomy":"category","embeddable":true,"href":"https:\/\/mersingazetesi.com\/index.php\/wp-json\/wp\/v2\/categories?post=142815"},{"taxonomy":"post_tag","embeddable":true,"href":"https:\/\/mersingazetesi.com\/index.php\/wp-json\/wp\/v2\/tags?post=142815"}],"curies":[{"name":"wp","href":"https:\/\/api.w.org\/{rel}","templated":true}]}}