{"id":142807,"date":"2026-09-05T22:17:39","date_gmt":"2026-09-05T19:17:39","guid":{"rendered":"https:\/\/mersingazetesi.com\/?p=142807"},"modified":"2026-09-05T22:17:39","modified_gmt":"2026-09-05T19:17:39","slug":"okul-saldirisi-davasinda-tahliye-olan-saldirganin-annesi-osmaniyede-yeniden-tutuklandi","status":"publish","type":"post","link":"https:\/\/mersingazetesi.com\/index.php\/2026\/09\/05\/okul-saldirisi-davasinda-tahliye-olan-saldirganin-annesi-osmaniyede-yeniden-tutuklandi\/","title":{"rendered":"Okul sald\u0131r\u0131s\u0131 davas\u0131nda tahliye olan sald\u0131rgan\u0131n annesi Osmaniye\u2019de yeniden tutukland\u0131"},"content":{"rendered":"<p>Kahramanmara\u015f\u2019ta 10 ki\u015finin hayat\u0131n\u0131 kaybetti\u011fi, 15 ki\u015finin yaraland\u0131\u011f\u0131 Ayser \u00c7al\u0131k Ortaokulu\u2019ndaki silahl\u0131 sald\u0131r\u0131ya ili\u015fkin davan\u0131n ilk duru\u015fmas\u0131nda tahliye edilen sald\u0131rgan\u0131n annesi Peyman P\u0131nar Mersinli, Osmaniye\u2019de g\u00f6zalt\u0131na al\u0131nmas\u0131n\u0131n ard\u0131ndan yeniden tutukland\u0131.<\/p>\n<p>Kahramanmara\u015f&#8217;ta 9 \u00f6\u011frenci ve 1 \u00f6\u011fretmenin hayat\u0131n\u0131 kaybetti\u011fi Ayser \u00c7al\u0131k Ortaokulu sald\u0131r\u0131s\u0131na ili\u015fkin davan\u0131n duru\u015fmas\u0131nda sald\u0131rgan \u0130sa Aras Mersinli&#8217;nin annesi P\u0131nar Peyman Mersinli&#8217;nin oy \u00e7oklu\u011fuyla tahliye edildi. Tahliye karar\u0131na yap\u0131lan itiraz sonras\u0131 P\u0131nar Peyman Mersinli hakk\u0131nda yeniden yakalama karar\u0131 \u00e7\u0131kar\u0131ld\u0131. Osmaniye\u2019de g\u00f6zalt\u0131na al\u0131nan Mersinli, i\u015flemlerinin ard\u0131ndan n\u00f6bet\u00e7i mahkemeye sevk edildi. \u00c7\u0131kar\u0131ld\u0131\u011f\u0131 mahkemece tutuklanan Mersinli, Osmaniye T Tipi Kapal\u0131 Ceza \u0130nfaz Kurumu\u2019na g\u00f6nderildi.<\/p>\n","protected":false},"excerpt":{"rendered":"<p>Kahramanmara\u015f\u2019ta 10 ki\u015finin hayat\u0131n\u0131 kaybetti\u011fi, 15 ki\u015finin yaraland\u0131\u011f\u0131 Ayser \u00c7al\u0131k Ortaokulu\u2019ndaki silahl\u0131 sald\u0131r\u0131ya ili\u015fkin davan\u0131n ilk duru\u015fmas\u0131nda tahliye edilen sald\u0131rgan\u0131n annesi Peyman P\u0131nar Mersinli, Osmaniye\u2019de g\u00f6zalt\u0131na al\u0131nmas\u0131n\u0131n ard\u0131ndan yeniden tutukland\u0131. Kahramanmara\u015f&#8217;ta 9 \u00f6\u011frenci ve 1 \u00f6\u011fretmenin hayat\u0131n\u0131 kaybetti\u011fi Ayser \u00c7al\u0131k Ortaokulu sald\u0131r\u0131s\u0131na ili\u015fkin davan\u0131n duru\u015fmas\u0131nda sald\u0131rgan \u0130sa Aras Mersinli&#8217;nin annesi P\u0131nar Peyman Mersinli&#8217;nin oy \u00e7oklu\u011fuyla [&hellip;]<\/p>\n","protected":false},"author":2,"featured_media":142808,"comment_status":"open","ping_status":"open","sticky":false,"template":"","format":"standard","meta":{"footnotes":""},"categories":[1],"tags":[],"class_list":["post-142807","post","type-post","status-publish","format-standard","has-post-thumbnail","hentry","category-gundem"],"views":201,"_links":{"self":[{"href":"https:\/\/mersingazetesi.com\/index.php\/wp-json\/wp\/v2\/posts\/142807","targetHints":{"allow":["GET"]}}],"collection":[{"href":"https:\/\/mersingazetesi.com\/index.php\/wp-json\/wp\/v2\/posts"}],"about":[{"href":"https:\/\/mersingazetesi.com\/index.php\/wp-json\/wp\/v2\/types\/post"}],"author":[{"embeddable":true,"href":"https:\/\/mersingazetesi.com\/index.php\/wp-json\/wp\/v2\/users\/2"}],"replies":[{"embeddable":true,"href":"https:\/\/mersingazetesi.com\/index.php\/wp-json\/wp\/v2\/comments?post=142807"}],"version-history":[{"count":1,"href":"https:\/\/mersingazetesi.com\/index.php\/wp-json\/wp\/v2\/posts\/142807\/revisions"}],"predecessor-version":[{"id":142809,"href":"https:\/\/mersingazetesi.com\/index.php\/wp-json\/wp\/v2\/posts\/142807\/revisions\/142809"}],"wp:featuredmedia":[{"embeddable":true,"href":"https:\/\/mersingazetesi.com\/index.php\/wp-json\/wp\/v2\/media\/142808"}],"wp:attachment":[{"href":"https:\/\/mersingazetesi.com\/index.php\/wp-json\/wp\/v2\/media?parent=142807"}],"wp:term":[{"taxonomy":"category","embeddable":true,"href":"https:\/\/mersingazetesi.com\/index.php\/wp-json\/wp\/v2\/categories?post=142807"},{"taxonomy":"post_tag","embeddable":true,"href":"https:\/\/mersingazetesi.com\/index.php\/wp-json\/wp\/v2\/tags?post=142807"}],"curies":[{"name":"wp","href":"https:\/\/api.w.org\/{rel}","templated":true}]}}