{"id":142801,"date":"2026-09-05T22:13:58","date_gmt":"2026-09-05T19:13:58","guid":{"rendered":"https:\/\/mersingazetesi.com\/?p=142801"},"modified":"2026-09-06T11:01:15","modified_gmt":"2026-09-06T08:01:15","slug":"idman-yurdundan-forma-sov","status":"publish","type":"post","link":"https:\/\/mersingazetesi.com\/index.php\/2026\/09\/05\/idman-yurdundan-forma-sov\/","title":{"rendered":"\u0130DMAN YURDU&#8217;NDAN FORMA \u015eOV"},"content":{"rendered":"<p>Mersin \u0130dman Yurdu, 24 T\u00fcrk boyunun simgelerini ta\u015f\u0131yan yeni sezon formalar\u0131n\u0131 g\u00f6r\u00fcc\u00fcye \u00e7\u0131kard\u0131. Kul\u00fcpten yap\u0131lan a\u00e7\u0131klamada, &#8220;Akdeniz\u2019in ruhu, Mersin\u2019in tutkusu, k\u0131rm\u0131z\u0131-lacivert sevda. Yeni sezon. Yeni formalar. 2026\u20132027 forma koleksiyonumuz \u015fimdi sahnede.&#8221; denildi.<\/p>\n<p>Transfer yasa\u011f\u0131n\u0131 kald\u0131ran Yeni Mersin \u0130dmanyurdu, &#8220;k\u00fcllerinden do\u011fma&#8221; hedefinde. TFF 3. Lig 3. Grup&#8217;ta m\u00fccadele edecek Mersin ekibi, kadrosuna katt\u0131\u011f\u0131 27 yeni oyuncuyla bu sezon \u00e7\u0131k\u0131\u015fa ge\u00e7mek istiyor.<\/p>\n<p>M\u0130Y Store a\u00e7\u0131ld\u0131<\/p>\n<p>Mersin \u0130dman Yurdu&#8217;nun taraftara ma\u011fazas\u0131 M\u0130Y Store a\u00e7\u0131ld\u0131.<\/p>\n<div class=\"x14z9mp xat24cr x1lziwak x1vvkbs xtlvy1s x126k92a\">\n<div dir=\"auto\">Mersin \u0130dman Yurdu Ba\u015fkan\u0131 Murat Alt\u0131ndere, M\u0130Y Store a\u00e7\u0131l\u0131\u015f\u0131nda ger\u00e7ekle\u015ftirdi\u011fi konu\u015fmada, g\u00f6revi 1,5 ay \u00f6nce devrald\u0131klar\u0131 g\u00fcn kul\u00fcb\u00fcn kar\u015f\u0131 kar\u015f\u0131ya oldu\u011fu tabloya dikkat \u00e7ekerek; 150 milyon TL bor\u00e7, kadroda tek bir oyuncu, bir futbol topu ve bir forma dahi bulunmad\u0131\u011f\u0131n\u0131 ifade etti.<\/div>\n<\/div>\n<div class=\"x14z9mp xat24cr x1lziwak x1vvkbs xtlvy1s x126k92a\">\n<div dir=\"auto\">Alt\u0131ndere, kul\u00fcb\u00fcn yeniden yap\u0131lanma s\u00fcreci, bug\u00fcn gelinen nokta ve Yeni Mersin \u0130dman Yurdu\u2019nun gelece\u011fine ili\u015fkin \u00f6nemli a\u00e7\u0131klamalarda bulundu.<\/div>\n<\/div>\n<p>Kul\u00fcp ba\u015fkan\u0131 Murat Alt\u0131ndere: &#8220;Tak\u0131m\u0131n transfer yapmas\u0131na engel olan, 14 y\u0131l \u00f6nceye dayanan bu bor\u00e7 kald\u0131r\u0131ld\u0131 ve transfer tahtam\u0131z\u0131 ge\u00e7en cuma g\u00fcn\u00fc a\u00e7m\u0131\u015f olduk. Allah&#8217;a \u015f\u00fck\u00fcr bug\u00fcn tertemiz bir sayfayla yine Mersin \u0130dmanyurdu k\u00fcllerinden do\u011farak T\u00fcrkiye futbol tarihinde yeni bir sayfan\u0131n \u00f6rne\u011fi olacak.&#8221;<\/p>\n","protected":false},"excerpt":{"rendered":"<p>Mersin \u0130dman Yurdu, 24 T\u00fcrk boyunun simgelerini ta\u015f\u0131yan yeni sezon formalar\u0131n\u0131 g\u00f6r\u00fcc\u00fcye \u00e7\u0131kard\u0131. Kul\u00fcpten yap\u0131lan a\u00e7\u0131klamada, &#8220;Akdeniz\u2019in ruhu, Mersin\u2019in tutkusu, k\u0131rm\u0131z\u0131-lacivert sevda. Yeni sezon. Yeni formalar. 2026\u20132027 forma koleksiyonumuz \u015fimdi sahnede.&#8221; denildi. Transfer yasa\u011f\u0131n\u0131 kald\u0131ran Yeni Mersin \u0130dmanyurdu, &#8220;k\u00fcllerinden do\u011fma&#8221; hedefinde. TFF 3. Lig 3. Grup&#8217;ta m\u00fccadele edecek Mersin ekibi, kadrosuna katt\u0131\u011f\u0131 27 yeni oyuncuyla [&hellip;]<\/p>\n","protected":false},"author":2,"featured_media":142802,"comment_status":"open","ping_status":"open","sticky":false,"template":"","format":"standard","meta":{"footnotes":""},"categories":[6,8],"tags":[],"class_list":["post-142801","post","type-post","status-publish","format-standard","has-post-thumbnail","hentry","category-spor","category-mersin"],"views":478,"_links":{"self":[{"href":"https:\/\/mersingazetesi.com\/index.php\/wp-json\/wp\/v2\/posts\/142801","targetHints":{"allow":["GET"]}}],"collection":[{"href":"https:\/\/mersingazetesi.com\/index.php\/wp-json\/wp\/v2\/posts"}],"about":[{"href":"https:\/\/mersingazetesi.com\/index.php\/wp-json\/wp\/v2\/types\/post"}],"author":[{"embeddable":true,"href":"https:\/\/mersingazetesi.com\/index.php\/wp-json\/wp\/v2\/users\/2"}],"replies":[{"embeddable":true,"href":"https:\/\/mersingazetesi.com\/index.php\/wp-json\/wp\/v2\/comments?post=142801"}],"version-history":[{"count":4,"href":"https:\/\/mersingazetesi.com\/index.php\/wp-json\/wp\/v2\/posts\/142801\/revisions"}],"predecessor-version":[{"id":142838,"href":"https:\/\/mersingazetesi.com\/index.php\/wp-json\/wp\/v2\/posts\/142801\/revisions\/142838"}],"wp:featuredmedia":[{"embeddable":true,"href":"https:\/\/mersingazetesi.com\/index.php\/wp-json\/wp\/v2\/media\/142802"}],"wp:attachment":[{"href":"https:\/\/mersingazetesi.com\/index.php\/wp-json\/wp\/v2\/media?parent=142801"}],"wp:term":[{"taxonomy":"category","embeddable":true,"href":"https:\/\/mersingazetesi.com\/index.php\/wp-json\/wp\/v2\/categories?post=142801"},{"taxonomy":"post_tag","embeddable":true,"href":"https:\/\/mersingazetesi.com\/index.php\/wp-json\/wp\/v2\/tags?post=142801"}],"curies":[{"name":"wp","href":"https:\/\/api.w.org\/{rel}","templated":true}]}}