{"id":142798,"date":"2026-09-05T15:50:10","date_gmt":"2026-09-05T12:50:10","guid":{"rendered":"https:\/\/mersingazetesi.com\/?p=142798"},"modified":"2026-09-05T15:50:10","modified_gmt":"2026-09-05T12:50:10","slug":"mersin-akdenizde-zabita-teskilatinin-kurulus-yil-donumu-kutlandi","status":"publish","type":"post","link":"https:\/\/mersingazetesi.com\/index.php\/2026\/09\/05\/mersin-akdenizde-zabita-teskilatinin-kurulus-yil-donumu-kutlandi\/","title":{"rendered":"Mersin Akdeniz\u2019de zab\u0131ta te\u015fkilat\u0131n\u0131n kurulu\u015f y\u0131l d\u00f6n\u00fcm\u00fc kutland\u0131"},"content":{"rendered":"<p><strong class=\"searchword\">Mersin<\/strong>\u2019in Akdeniz il\u00e7esinde Zab\u0131ta Te\u015fkilat\u0131n\u0131n kurulu\u015f y\u0131l d\u00f6n\u00fcm\u00fc dolay\u0131s\u0131yla d\u00fczenlenen programda zab\u0131ta personeli ve aileleri bir araya geldi.<br \/>\nAkdeniz Kaymakam\u0131 ve Belediye Ba\u015fkan Vekili Murat Be\u015fikci, Zab\u0131ta Te\u015fkilat\u0131n\u0131n kurulu\u015f y\u0131l d\u00f6n\u00fcm\u00fc dolay\u0131s\u0131yla belediyede g\u00f6rev yapan zab\u0131ta personeliyle bir araya geldi. Suphi \u00d6ner \u00d6\u011fretmenevi\u2019nde ger\u00e7ekle\u015ftirilen programa zab\u0131ta personeli ve ailelerinin yan\u0131 s\u0131ra belediye ba\u015fkan yard\u0131mc\u0131lar\u0131 ile birim m\u00fcd\u00fcrleri kat\u0131ld\u0131.<br \/>\nSayg\u0131 duru\u015funda bulunulmas\u0131 ve \u0130stiklal Mar\u015f\u0131\u2019n\u0131n okunmas\u0131yla ba\u015flayan program, Kur\u2019an-\u0131 Kerim tilavetiyle devam etti.<\/p>\n<p>&#8220;Zab\u0131ta te\u015fkilat\u0131m\u0131z\u0131n her zaman yan\u0131nday\u0131z&#8221;<br \/>\nProgramda konu\u015fan Akdeniz Kaymakam\u0131 ve Belediye Ba\u015fkan Vekili Murat Be\u015fikci, zab\u0131ta te\u015fkilat\u0131n\u0131n kent ya\u015fam\u0131ndaki \u00f6nemli g\u00f6rev ve sorumluluklar\u0131na dikkat \u00e7ekerek, &#8220;Sahada vatanda\u015flar\u0131m\u0131z\u0131n huzurunu, g\u00fcvenli\u011fini ve sa\u011fl\u0131\u011f\u0131n\u0131 korumak, esnaf\u0131m\u0131z\u0131n ticari faaliyetlerini huzur ve d\u00fczen i\u00e7erisinde s\u00fcrd\u00fcrebilmesine katk\u0131 sunmak ad\u0131na zab\u0131ta ekiplerinin \u00f6nemli bir g\u00f6rev \u00fcstleniyor. \u00d6zellikle halk sa\u011fl\u0131\u011f\u0131n\u0131 korumak i\u00e7in verilen m\u00fccadelede tavizsiz denetim anlay\u0131\u015f\u0131n\u0131n s\u00fcrd\u00fcr\u00fclmesi son derece \u00f6nemli. Vatanda\u015f\u0131m\u0131z\u0131n sa\u011fl\u0131\u011f\u0131, huzuru ve g\u00fcvenli\u011fi bizim i\u00e7in her \u015feyden \u00f6nemli. Sahada \u00f6zveriyle g\u00f6rev yapan sizlerin \u00e7al\u0131\u015fmalar\u0131n\u0131 \u00f6nemsiyor, her zaman yan\u0131n\u0131zda oldu\u011fumuzu \u00f6zellikle ifade etmek istiyorum. Zab\u0131ta Te\u015fkilat\u0131m\u0131z\u0131n kurulu\u015f y\u0131l\u0131 hay\u0131rl\u0131 olsun, hepinizi \u00e7ok seviyoruz&#8221; dedi.<br \/>\nAkdeniz Belediyesi Zab\u0131ta M\u00fcd\u00fcr\u00fc Ufuk Sivasl\u0131o\u011flu ise &#8220;Bizler, kanun ve y\u00f6netmeliklerin zab\u0131taya verdi\u011fi yetkiler do\u011frultusunda, g\u00fcnd\u00fcz n\u00fcfusu 700 bini bulan Akdeniz il\u00e7emizde, vatanda\u015flar\u0131m\u0131z\u0131n daha huzurlu, daha \u00e7a\u011fda\u015f ve daha sa\u011fl\u0131kl\u0131 bir kentte ya\u015famas\u0131 i\u00e7in denetimlerimizi aral\u0131ks\u0131z s\u00fcrd\u00fcrmeye devam edece\u011fiz&#8221; dedi.<br \/>\nProgram\u0131n sonunda g\u00f6rev s\u00fcrelerini tamamlayarak emekliye ayr\u0131lan zab\u0131ta personeline, Be\u015fikci taraf\u0131ndan hizmetlerinden dolay\u0131 te\u015fekk\u00fcr plaketi takdim edildi.<\/p>\n","protected":false},"excerpt":{"rendered":"<p>Mersin\u2019in Akdeniz il\u00e7esinde Zab\u0131ta Te\u015fkilat\u0131n\u0131n kurulu\u015f y\u0131l d\u00f6n\u00fcm\u00fc dolay\u0131s\u0131yla d\u00fczenlenen programda zab\u0131ta personeli ve aileleri bir araya geldi. Akdeniz Kaymakam\u0131 ve Belediye Ba\u015fkan Vekili Murat Be\u015fikci, Zab\u0131ta Te\u015fkilat\u0131n\u0131n kurulu\u015f y\u0131l d\u00f6n\u00fcm\u00fc dolay\u0131s\u0131yla belediyede g\u00f6rev yapan zab\u0131ta personeliyle bir araya geldi. Suphi \u00d6ner \u00d6\u011fretmenevi\u2019nde ger\u00e7ekle\u015ftirilen programa zab\u0131ta personeli ve ailelerinin yan\u0131 s\u0131ra belediye ba\u015fkan yard\u0131mc\u0131lar\u0131 ile [&hellip;]<\/p>\n","protected":false},"author":2,"featured_media":142799,"comment_status":"open","ping_status":"open","sticky":false,"template":"","format":"standard","meta":{"footnotes":""},"categories":[1],"tags":[],"class_list":["post-142798","post","type-post","status-publish","format-standard","has-post-thumbnail","hentry","category-gundem"],"views":237,"_links":{"self":[{"href":"https:\/\/mersingazetesi.com\/index.php\/wp-json\/wp\/v2\/posts\/142798","targetHints":{"allow":["GET"]}}],"collection":[{"href":"https:\/\/mersingazetesi.com\/index.php\/wp-json\/wp\/v2\/posts"}],"about":[{"href":"https:\/\/mersingazetesi.com\/index.php\/wp-json\/wp\/v2\/types\/post"}],"author":[{"embeddable":true,"href":"https:\/\/mersingazetesi.com\/index.php\/wp-json\/wp\/v2\/users\/2"}],"replies":[{"embeddable":true,"href":"https:\/\/mersingazetesi.com\/index.php\/wp-json\/wp\/v2\/comments?post=142798"}],"version-history":[{"count":1,"href":"https:\/\/mersingazetesi.com\/index.php\/wp-json\/wp\/v2\/posts\/142798\/revisions"}],"predecessor-version":[{"id":142800,"href":"https:\/\/mersingazetesi.com\/index.php\/wp-json\/wp\/v2\/posts\/142798\/revisions\/142800"}],"wp:featuredmedia":[{"embeddable":true,"href":"https:\/\/mersingazetesi.com\/index.php\/wp-json\/wp\/v2\/media\/142799"}],"wp:attachment":[{"href":"https:\/\/mersingazetesi.com\/index.php\/wp-json\/wp\/v2\/media?parent=142798"}],"wp:term":[{"taxonomy":"category","embeddable":true,"href":"https:\/\/mersingazetesi.com\/index.php\/wp-json\/wp\/v2\/categories?post=142798"},{"taxonomy":"post_tag","embeddable":true,"href":"https:\/\/mersingazetesi.com\/index.php\/wp-json\/wp\/v2\/tags?post=142798"}],"curies":[{"name":"wp","href":"https:\/\/api.w.org\/{rel}","templated":true}]}}