{"id":142793,"date":"2026-09-05T15:45:12","date_gmt":"2026-09-05T12:45:12","guid":{"rendered":"https:\/\/mersingazetesi.com\/?p=142793"},"modified":"2026-09-05T15:45:12","modified_gmt":"2026-09-05T12:45:12","slug":"gulnara-7-yildir-gunluk-gazete-gelmiyor","status":"publish","type":"post","link":"https:\/\/mersingazetesi.com\/index.php\/2026\/09\/05\/gulnara-7-yildir-gunluk-gazete-gelmiyor\/","title":{"rendered":"G\u00dcLNAR\u2019A 7 YILDIR G\u00dcNL\u00dcK GAZETE GELM\u0130YOR!"},"content":{"rendered":"<p>Mersin\u2019in G\u00fclnar il\u00e7esinde g\u00fcnl\u00fck gazetelerin sat\u0131\u015f\u0131n\u0131n durmas\u0131, il\u00e7edeki okuma k\u00fclt\u00fcr\u00fc ve bas\u0131na eri\u015fim konusunda dikkat \u00e7ekici bir tablo ortaya \u00e7\u0131kard\u0131.<\/p>\n<p>&nbsp;<\/p>\n<p>\u0130statistiklere g\u00f6re okuma oran\u0131n\u0131n y\u00fczde 97 seviyelerinde oldu\u011fu belirtilen G\u00fclnar, e\u011fitim ve k\u00fclt\u00fcr alan\u0131nda yeti\u015fmi\u015f insan g\u00fcc\u00fcyle de \u00f6ne \u00e7\u0131kan il\u00e7eler aras\u0131nda yer al\u0131yor. Yakla\u015f\u0131k 40 bin n\u00fcfusa sahip olan il\u00e7enin yaz aylar\u0131nda n\u00fcfusu 200 bine kadar \u00e7\u0131k\u0131yor.<\/p>\n<p>&nbsp;<\/p>\n<p>Ancak G\u00fclnar\u2019da bug\u00fcn g\u00fcnl\u00fck gazeteye ula\u015fmak m\u00fcmk\u00fcn de\u011fil. \u0130l\u00e7ede y\u0131llar \u00f6nce ya\u015fanan gazete sat\u0131\u015f yo\u011funlu\u011fu ise haf\u0131zalarda kald\u0131.<\/p>\n<p>&nbsp;<\/p>\n<p>GAZETE ALMAK \u0130\u00c7\u0130N SIRAYA G\u0130RERLERD\u0130<\/p>\n<p>&nbsp;<\/p>\n<p>2000\u2019li y\u0131llarda merhum \u0130lhan G\u00f6kulu\u2019nun gazete bayili\u011fi yapt\u0131\u011f\u0131 d\u00f6nemde, G\u00fclnarl\u0131lar g\u00fcnl\u00fck gazeteleri alabilmek i\u00e7in bayi \u00f6n\u00fcnde adeta s\u0131raya giriyordu. Gazete okumak, il\u00e7ede g\u00fcnl\u00fck ya\u015fam\u0131n \u00f6nemli al\u0131\u015fkanl\u0131klar\u0131ndan biriydi.<\/p>\n<p>&nbsp;<\/p>\n<p>Aradan ge\u00e7en y\u0131llarda ise gazete sat\u0131\u015flar\u0131nda ciddi d\u00fc\u015f\u00fc\u015f ya\u015fand\u0131. \u00d6zellikle da\u011f\u0131t\u0131m ve ta\u015f\u0131ma maliyetlerindeki art\u0131\u015f, gazetelerin sat\u0131\u015f fiyatlar\u0131n\u0131n y\u00fckselmesi ve okuyucu say\u0131s\u0131ndaki azalma, il\u00e7eye g\u00fcnl\u00fck gazete ula\u015fmas\u0131n\u0131 ekonomik a\u00e7\u0131dan zorla\u015ft\u0131rd\u0131.<\/p>\n<p>&nbsp;<\/p>\n<p>\u201cYAKLA\u015eIK 7 YILDIR GAZETE GELM\u0130YOR\u201d<\/p>\n<p>&nbsp;<\/p>\n<p>G\u00fclnar\u2019da son gazete bayili\u011fini yapan \u015earlak Market\u2019in sahibi de il\u00e7eye gazete gelmedi\u011fini do\u011frulad\u0131.<\/p>\n<p>&nbsp;<\/p>\n<p>\u015earlak Market yetkilisi, yakla\u015f\u0131k 7 y\u0131ld\u0131r artan da\u011f\u0131t\u0131m maliyetleri ve gazete okuyucusu say\u0131s\u0131ndaki azalma nedeniyle G\u00fclnar\u2019a g\u00fcnl\u00fck gazetelerin getirilemedi\u011fini ifade etti.<\/p>\n<p>&nbsp;<\/p>\n<p>OKUMA ORANI Y\u00dcKSEK, GAZETE YOK<\/p>\n<p>&nbsp;<\/p>\n<p>G\u00fclnar\u2019\u0131n okuma oran\u0131n\u0131n y\u00fcksek olmas\u0131na ra\u011fmen il\u00e7ede g\u00fcnl\u00fck gazetelerin bulunmamas\u0131 dikkat \u00e7ekiyor. \u00d6zellikle yerel ve ulusal bas\u0131n\u0131 takip etmek isteyen vatanda\u015flar, gazetelere art\u0131k internet ve dijital platformlar \u00fczerinden ula\u015fmaya \u00e7al\u0131\u015f\u0131yor.<\/p>\n<p>&nbsp;<\/p>\n<p>G\u00fclnar\u2019da vatanda\u015flar, \u201cOkuma oran\u0131m\u0131z y\u00fcksek, ancak okuyacak g\u00fcnl\u00fck gazete bulam\u0131yoruz\u201d diyerek ya\u015fanan duruma dikkat \u00e7ekiyor.<\/p>\n<p>&nbsp;<\/p>\n<p>Gazete da\u011f\u0131t\u0131m\u0131n\u0131n ekonomik ko\u015fullar nedeniyle sona ermesi, yaln\u0131zca bir sat\u0131\u015f noktalar\u0131n\u0131n kapanmas\u0131 de\u011fil, ayn\u0131 zamanda il\u00e7enin g\u00fcnl\u00fck bas\u0131nla ba\u011f\u0131n\u0131n da zay\u0131flamas\u0131 olarak de\u011ferlendiriliyor.<\/p>\n","protected":false},"excerpt":{"rendered":"<p>Mersin\u2019in G\u00fclnar il\u00e7esinde g\u00fcnl\u00fck gazetelerin sat\u0131\u015f\u0131n\u0131n durmas\u0131, il\u00e7edeki okuma k\u00fclt\u00fcr\u00fc ve bas\u0131na eri\u015fim konusunda dikkat \u00e7ekici bir tablo ortaya \u00e7\u0131kard\u0131. &nbsp; \u0130statistiklere g\u00f6re okuma oran\u0131n\u0131n y\u00fczde 97 seviyelerinde oldu\u011fu belirtilen G\u00fclnar, e\u011fitim ve k\u00fclt\u00fcr alan\u0131nda yeti\u015fmi\u015f insan g\u00fcc\u00fcyle de \u00f6ne \u00e7\u0131kan il\u00e7eler aras\u0131nda yer al\u0131yor. Yakla\u015f\u0131k 40 bin n\u00fcfusa sahip olan il\u00e7enin yaz aylar\u0131nda n\u00fcfusu [&hellip;]<\/p>\n","protected":false},"author":2,"featured_media":142794,"comment_status":"open","ping_status":"open","sticky":false,"template":"","format":"standard","meta":{"footnotes":""},"categories":[1],"tags":[],"class_list":["post-142793","post","type-post","status-publish","format-standard","has-post-thumbnail","hentry","category-gundem"],"views":258,"_links":{"self":[{"href":"https:\/\/mersingazetesi.com\/index.php\/wp-json\/wp\/v2\/posts\/142793","targetHints":{"allow":["GET"]}}],"collection":[{"href":"https:\/\/mersingazetesi.com\/index.php\/wp-json\/wp\/v2\/posts"}],"about":[{"href":"https:\/\/mersingazetesi.com\/index.php\/wp-json\/wp\/v2\/types\/post"}],"author":[{"embeddable":true,"href":"https:\/\/mersingazetesi.com\/index.php\/wp-json\/wp\/v2\/users\/2"}],"replies":[{"embeddable":true,"href":"https:\/\/mersingazetesi.com\/index.php\/wp-json\/wp\/v2\/comments?post=142793"}],"version-history":[{"count":1,"href":"https:\/\/mersingazetesi.com\/index.php\/wp-json\/wp\/v2\/posts\/142793\/revisions"}],"predecessor-version":[{"id":142795,"href":"https:\/\/mersingazetesi.com\/index.php\/wp-json\/wp\/v2\/posts\/142793\/revisions\/142795"}],"wp:featuredmedia":[{"embeddable":true,"href":"https:\/\/mersingazetesi.com\/index.php\/wp-json\/wp\/v2\/media\/142794"}],"wp:attachment":[{"href":"https:\/\/mersingazetesi.com\/index.php\/wp-json\/wp\/v2\/media?parent=142793"}],"wp:term":[{"taxonomy":"category","embeddable":true,"href":"https:\/\/mersingazetesi.com\/index.php\/wp-json\/wp\/v2\/categories?post=142793"},{"taxonomy":"post_tag","embeddable":true,"href":"https:\/\/mersingazetesi.com\/index.php\/wp-json\/wp\/v2\/tags?post=142793"}],"curies":[{"name":"wp","href":"https:\/\/api.w.org\/{rel}","templated":true}]}}