{"id":142791,"date":"2026-09-05T15:44:03","date_gmt":"2026-09-05T12:44:03","guid":{"rendered":"https:\/\/mersingazetesi.com\/?p=142791"},"modified":"2026-09-05T15:44:03","modified_gmt":"2026-09-05T12:44:03","slug":"gazetecilik-meslegi-soytarilarin-eline-gecti","status":"publish","type":"post","link":"https:\/\/mersingazetesi.com\/index.php\/2026\/09\/05\/gazetecilik-meslegi-soytarilarin-eline-gecti\/","title":{"rendered":"Gazetecilik Mesle\u011fi Soytar\u0131lar\u0131n Eline Ge\u00e7ti"},"content":{"rendered":"<p>Bunun sonucunda da y\u0131llar\u0131n\u0131 bu mesle\u011fe vermi\u015f, gecesini g\u00fcnd\u00fcz\u00fcne katm\u0131\u015f, do\u011fru haber i\u00e7in m\u00fccadele etmi\u015f gazetecilerin eme\u011fi ve itibar\u0131 zarar g\u00f6r\u00fcyor.<\/p>\n<p>&nbsp;<\/p>\n<p>MESLE\u011e\u0130N ONURU KORUNMALI<\/p>\n<p>Ben gazetecili\u011fe g\u00f6n\u00fcl vermi\u015f bir insan olarak \u015funa inan\u0131yorum:<\/p>\n<p>&nbsp;<\/p>\n<p>Gazetecilik, soytar\u0131l\u0131k de\u011fildir.<\/p>\n<p>&nbsp;<\/p>\n<p>Gazeteci de soytar\u0131 de\u011fildir.<\/p>\n<p>&nbsp;<\/p>\n<p>Gazetecinin g\u00f6revi insanlar\u0131 kand\u0131rmak, yanl\u0131\u015f y\u00f6nlendirmek veya birka\u00e7 dakika daha fazla izlenmek u\u011fruna mesle\u011fin sayg\u0131nl\u0131\u011f\u0131n\u0131 ayaklar alt\u0131na almak de\u011fildir.<\/p>\n<p>&nbsp;<\/p>\n<p>Gazeteci; gerekti\u011finde g\u00fc\u00e7l\u00fcye kar\u015f\u0131 do\u011fruyu s\u00f6yleyen, gerekti\u011finde kendi taraf\u0131n\u0131 da ele\u015ftirebilen, kamu ad\u0131na soru soran ve ger\u00e7e\u011fin pe\u015finden ko\u015fan ki\u015fidir.<\/p>\n<p>&nbsp;<\/p>\n<p>T\u00fcrkiye&#8217;nin art\u0131k gazetecilik mesle\u011finin itibar\u0131n\u0131 g\u00fc\u00e7lendirecek, meslek ilkelerini daha etkin hale getirecek ve etik kurallar\u0131n uygulanmas\u0131n\u0131 sa\u011flayacak g\u00fc\u00e7l\u00fc bir yap\u0131ya ihtiyac\u0131 vard\u0131r.<\/p>\n<p>&nbsp;<\/p>\n<p>\u00c7\u00fcnk\u00fc bas\u0131n \u00f6zg\u00fcrl\u00fc\u011f\u00fc kadar bas\u0131n sorumlulu\u011fu da \u00f6nemlidir.<\/p>\n<p>&nbsp;<\/p>\n<p>65 y\u0131l \u00f6nce Devrim otomobili \u00fczerinden yap\u0131lan habercilik anlay\u0131\u015f\u0131yla bug\u00fcn yap\u0131lan baz\u0131 yay\u0131nlar aras\u0131nda benzerlik g\u00f6r\u00fcyorsak, burada d\u00fc\u015f\u00fcnmemiz gereken \u00e7ok \u015fey var.<\/p>\n<p>&nbsp;<\/p>\n<p>Teknoloji de\u011fi\u015fmi\u015f olabilir.<\/p>\n<p>&nbsp;<\/p>\n<p>Televizyonlar de\u011fi\u015fmi\u015f olabilir.<\/p>\n<p>&nbsp;<\/p>\n<p>Otomobiller de\u011fi\u015fmi\u015f olabilir.<\/p>\n<p>&nbsp;<\/p>\n<p>Ama zihniyet de\u011fi\u015fmiyorsa, demek ki as\u0131l mesele ba\u015fka yerde.<\/p>\n<p>&nbsp;<\/p>\n<p>Benim s\u00f6z\u00fcm \u00e7ok a\u00e7\u0131k:<\/p>\n<p>&nbsp;<\/p>\n<p>Etik kurullar\u0131 etkin \u00e7al\u0131\u015fmayan, gazetecilik meslek ilkelerinin g\u00fc\u00e7l\u00fc bi\u00e7imde uygulanmad\u0131\u011f\u0131, bas\u0131n mesle\u011finin itibar\u0131n\u0131 koruyacak d\u00fczenlemelerin yeterince hayata ge\u00e7irilemedi\u011fi bir ortamda gazetecilik, ne yaz\u0131k ki baz\u0131 ki\u015filerin elinde ger\u00e7ek anlam\u0131ndan uzakla\u015ft\u0131r\u0131l\u0131yor. Gazetecilik Meslek Yasas\u0131 \u00c7\u0131kmal\u0131d\u0131r. KGK Genel Ba\u015fkan\u0131 Mehmet Ali Dim bu konuda ki \u00e7al\u0131\u015fmalar\u0131 KGK ailesinin \u00e7al\u0131\u015fmas\u0131 TBMM taraf\u0131ndan yasal hale getirilmelidir.<\/p>\n<p>&nbsp;<\/p>\n<p>Buna itiraz etmek gerekiyor.<\/p>\n<p>&nbsp;<\/p>\n<p>\u00c7\u00fcnk\u00fc gazetecilik sadece bir meslek de\u011fil, ayn\u0131 zamanda topluma kar\u015f\u0131 bir sorumluluktur.<\/p>\n<p>&nbsp;<\/p>\n<p>Mesle\u011fimizin onurunu korumak hepimizin g\u00f6revidir.<\/p>\n<p>&nbsp;<\/p>\n<p>Ger\u00e7e\u011fin pe\u015finden ko\u015fan, halk\u0131n haber alma hakk\u0131na sayg\u0131 duyan, kalemini ve ekran\u0131n\u0131 ki\u015fisel \u00e7\u0131karlar\u0131n \u00fczerinde tutan b\u00fct\u00fcn meslekta\u015flar\u0131ma selam olsun.<\/p>\n<p>&nbsp;<\/p>\n<p>Gazetecilik ya\u015fat\u0131lmal\u0131, gazetecili\u011fin onuru korunmal\u0131d\u0131r.<\/p>\n<p>&nbsp;<\/p>\n<p>Kal\u0131n sa\u011fl\u0131cakla\u2026<\/p>\n<p>&nbsp;<\/p>\n<p>Bekir Do\u011fan<\/p>\n<p style=\"text-align: left;\">Kahramanmara\u015f Gazetesi<\/p>\n","protected":false},"excerpt":{"rendered":"<p>Bunun sonucunda da y\u0131llar\u0131n\u0131 bu mesle\u011fe vermi\u015f, gecesini g\u00fcnd\u00fcz\u00fcne katm\u0131\u015f, do\u011fru haber i\u00e7in m\u00fccadele etmi\u015f gazetecilerin eme\u011fi ve itibar\u0131 zarar g\u00f6r\u00fcyor. &nbsp; MESLE\u011e\u0130N ONURU KORUNMALI Ben gazetecili\u011fe g\u00f6n\u00fcl vermi\u015f bir insan olarak \u015funa inan\u0131yorum: &nbsp; Gazetecilik, soytar\u0131l\u0131k de\u011fildir. &nbsp; Gazeteci de soytar\u0131 de\u011fildir. &nbsp; Gazetecinin g\u00f6revi insanlar\u0131 kand\u0131rmak, yanl\u0131\u015f y\u00f6nlendirmek veya birka\u00e7 dakika daha fazla [&hellip;]<\/p>\n","protected":false},"author":24,"featured_media":141130,"comment_status":"open","ping_status":"open","sticky":false,"template":"","format":"standard","meta":{"footnotes":""},"categories":[134],"tags":[],"class_list":["post-142791","post","type-post","status-publish","format-standard","has-post-thumbnail","hentry","category-okuyucu-mektubu"],"views":224,"_links":{"self":[{"href":"https:\/\/mersingazetesi.com\/index.php\/wp-json\/wp\/v2\/posts\/142791","targetHints":{"allow":["GET"]}}],"collection":[{"href":"https:\/\/mersingazetesi.com\/index.php\/wp-json\/wp\/v2\/posts"}],"about":[{"href":"https:\/\/mersingazetesi.com\/index.php\/wp-json\/wp\/v2\/types\/post"}],"author":[{"embeddable":true,"href":"https:\/\/mersingazetesi.com\/index.php\/wp-json\/wp\/v2\/users\/24"}],"replies":[{"embeddable":true,"href":"https:\/\/mersingazetesi.com\/index.php\/wp-json\/wp\/v2\/comments?post=142791"}],"version-history":[{"count":1,"href":"https:\/\/mersingazetesi.com\/index.php\/wp-json\/wp\/v2\/posts\/142791\/revisions"}],"predecessor-version":[{"id":142792,"href":"https:\/\/mersingazetesi.com\/index.php\/wp-json\/wp\/v2\/posts\/142791\/revisions\/142792"}],"wp:featuredmedia":[{"embeddable":true,"href":"https:\/\/mersingazetesi.com\/index.php\/wp-json\/wp\/v2\/media\/141130"}],"wp:attachment":[{"href":"https:\/\/mersingazetesi.com\/index.php\/wp-json\/wp\/v2\/media?parent=142791"}],"wp:term":[{"taxonomy":"category","embeddable":true,"href":"https:\/\/mersingazetesi.com\/index.php\/wp-json\/wp\/v2\/categories?post=142791"},{"taxonomy":"post_tag","embeddable":true,"href":"https:\/\/mersingazetesi.com\/index.php\/wp-json\/wp\/v2\/tags?post=142791"}],"curies":[{"name":"wp","href":"https:\/\/api.w.org\/{rel}","templated":true}]}}