{"id":142784,"date":"2026-09-05T12:05:22","date_gmt":"2026-09-05T09:05:22","guid":{"rendered":"https:\/\/mersingazetesi.com\/?p=142784"},"modified":"2026-09-05T12:05:22","modified_gmt":"2026-09-05T09:05:22","slug":"antakya-gazetesi-60-yayin-yilini-kutladi","status":"publish","type":"post","link":"https:\/\/mersingazetesi.com\/index.php\/2026\/09\/05\/antakya-gazetesi-60-yayin-yilini-kutladi\/","title":{"rendered":"ANTAKYA GAZETES\u0130 60. YAYIN YILINI KUTLADI"},"content":{"rendered":"<p><b>Hatay\u2019\u0131n k\u00f6kl\u00fc yerel bas\u0131n kurulu\u015flar\u0131ndan Antakya Gazetesi, 60. yay\u0131n y\u0131l\u0131n\u0131 pasta keserek kutlad\u0131. Yar\u0131m asr\u0131 a\u015fk\u0131n s\u00fcredir Antakya\u2019n\u0131n ve Hatay\u2019\u0131n sesi olan gazete, bas\u0131n emek\u00e7ilerini ve gazetenin bug\u00fcnlere gelmesinde katk\u0131s\u0131 bulunan isimleri de sayg\u0131yla and\u0131.<\/b><\/p>\n<p>4 Eyl\u00fcl 1966 tarihinde\u00a0<b>S\u00fcleyman Galio\u011flu, Bekta\u015f G\u00f6\u00e7men ve Nezih Gassan Seyfettino\u011flu<\/b>\u00a0ortakl\u0131\u011f\u0131nda kurulan Antakya Gazetesi, 60 y\u0131ll\u0131k yay\u0131n hayat\u0131nda kent bas\u0131n\u0131n\u0131n \u00f6nemli kurumlar\u0131ndan biri haline geldi.<\/p>\n<p>Toplumcu ve halk gazetecili\u011fi anlay\u0131\u015f\u0131yla yay\u0131n hayat\u0131n\u0131 s\u00fcrd\u00fcren Antakya Gazetesi, ge\u00e7en 60 y\u0131ll\u0131k s\u00fcre\u00e7te \u00e7ok say\u0131da gazeteci ve bas\u0131n emek\u00e7isine de mesleki anlamda okul oldu.<\/p>\n<p><b>SEYFETT\u0130NO\u011eLU A\u0130LES\u0130NE VE BASIN EMEK\u00c7\u0130LER\u0130NE \u00d6VG\u00dc<\/b><\/p>\n<p>Antakya Gazetesi\u2019nin bug\u00fcnlere ula\u015fmas\u0131nda \u00f6nemli katk\u0131lar\u0131 bulunan Seyfettino\u011flu ailesinin \u00f6zverili \u00e7al\u0131\u015fmalar\u0131 da kutlamada an\u0131ld\u0131.<\/p>\n<p>Gazetenin kurucular\u0131ndan merhum\u00a0<b>N. Gassan Seyfettino\u011flu<\/b>\u00a0ile yak\u0131n zamanda hayat\u0131n\u0131 kaybeden\u00a0<b>Sinan Seyfettino\u011flu<\/b>\u00a0sayg\u0131yla an\u0131l\u0131rken, gazetenin ya\u015fat\u0131lmas\u0131nda b\u00fcy\u00fck emek veren Seyfettino\u011flu ailesinin yan\u0131 s\u0131ra gazetenin t\u00fcm bas\u0131n emek\u00e7ilerine te\u015fekk\u00fcr edildi.<\/p>\n<p>Hatayl\u0131 i\u015f insan\u0131\u00a0<b>\u0130brahim Seyfettino\u011flu<\/b>\u00a0ba\u015fta olmak \u00fczere, Gassan Seyfettino\u011flu\u2019nun e\u015fi Fedva Seyfettino\u011flu ile \u00e7ocuklar\u0131 Sinem ve Selvi Seyfettino\u011flu\u2019nun, Antakya Gazetesi\u2019nin yar\u0131m asr\u0131 a\u015fan yay\u0131n ser\u00fcveninin s\u00fcrd\u00fcr\u00fclmesi i\u00e7in g\u00f6sterdikleri \u00f6zveri takdirle kar\u015f\u0131land\u0131.<\/p>\n<p><b>\u201cBU GURUR HEP\u0130M\u0130Z\u0130N\u201d<\/b><\/p>\n<ol start=\"60\">\n<li>kurulu\u015f y\u0131l d\u00f6n\u00fcm\u00fc dolay\u0131s\u0131yla gazete \u00e7al\u0131\u015fanlar\u0131 ve y\u00f6neticileri bir araya gelerek pasta kesti. Kutlamada, gazetenin yak\u0131n zamanda ya\u015fam\u0131n\u0131 yitiren isimlerinden Sinan Seyfettino\u011flu da foto\u011fraf\u0131 \u00f6n\u00fcnde an\u0131ld\u0131.<\/li>\n<\/ol>\n<p>Antakya Gazetesi taraf\u0131ndan yap\u0131lan a\u00e7\u0131klamada,\u00a0<b>\u201c4 Eyl\u00fcl 1966\u2019da merhum Nezih Gassan Seyfettino\u011flu taraf\u0131ndan kurulan Antakya Toplumcu Halk Gazetesi\u2019nin 60. kurulu\u015f y\u0131l d\u00f6n\u00fcm\u00fcn\u00fc pasta keserek kutlad\u0131k. Merhum Sinan Seyfettino\u011flu\u2019nun foto\u011fraf\u0131 \u00f6n\u00fcnde bir araya gelen kadromuz, Seyfettino\u011flu ailesinin 60 y\u0131ll\u0131k bas\u0131n miras\u0131n\u0131 ya\u015fatmaya ve Antakya\u2019n\u0131n sesi olmaya devam edecek\u201d<\/b>\u00a0ifadelerine yer verildi.<\/p>\n<p>Gazetenin 60. y\u0131l\u0131 dolay\u0131s\u0131yla yap\u0131lan kutlamada, ge\u00e7mi\u015ften bug\u00fcne Antakya Gazetesi\u2019nde g\u00f6rev yapan gazeteciler ve bas\u0131n emek\u00e7ileri de an\u0131l\u0131rken,\u00a0<b>\u201cBu gurur hepimizin\u201d<\/b>\u00a0mesaj\u0131 \u00f6ne \u00e7\u0131kt\u0131.<\/p>\n<p>Antakya Gazetesi, 60 y\u0131ll\u0131k yay\u0131n ser\u00fcveninin ard\u0131ndan kentin sorunlar\u0131n\u0131 g\u00fcndeme ta\u015f\u0131yan ve Antakya\u2019n\u0131n sesini kamuoyuna duyuran yerel bas\u0131n kurulu\u015flar\u0131ndan biri olarak yay\u0131n hayat\u0131n\u0131 s\u00fcrd\u00fcr\u00fcyor.<\/p>\n","protected":false},"excerpt":{"rendered":"<p>Hatay\u2019\u0131n k\u00f6kl\u00fc yerel bas\u0131n kurulu\u015flar\u0131ndan Antakya Gazetesi, 60. yay\u0131n y\u0131l\u0131n\u0131 pasta keserek kutlad\u0131. Yar\u0131m asr\u0131 a\u015fk\u0131n s\u00fcredir Antakya\u2019n\u0131n ve Hatay\u2019\u0131n sesi olan gazete, bas\u0131n emek\u00e7ilerini ve gazetenin bug\u00fcnlere gelmesinde katk\u0131s\u0131 bulunan isimleri de sayg\u0131yla and\u0131. 4 Eyl\u00fcl 1966 tarihinde\u00a0S\u00fcleyman Galio\u011flu, Bekta\u015f G\u00f6\u00e7men ve Nezih Gassan Seyfettino\u011flu\u00a0ortakl\u0131\u011f\u0131nda kurulan Antakya Gazetesi, 60 y\u0131ll\u0131k yay\u0131n hayat\u0131nda kent bas\u0131n\u0131n\u0131n [&hellip;]<\/p>\n","protected":false},"author":2,"featured_media":142785,"comment_status":"open","ping_status":"open","sticky":false,"template":"","format":"standard","meta":{"footnotes":""},"categories":[1],"tags":[],"class_list":["post-142784","post","type-post","status-publish","format-standard","has-post-thumbnail","hentry","category-gundem"],"views":61,"_links":{"self":[{"href":"https:\/\/mersingazetesi.com\/index.php\/wp-json\/wp\/v2\/posts\/142784","targetHints":{"allow":["GET"]}}],"collection":[{"href":"https:\/\/mersingazetesi.com\/index.php\/wp-json\/wp\/v2\/posts"}],"about":[{"href":"https:\/\/mersingazetesi.com\/index.php\/wp-json\/wp\/v2\/types\/post"}],"author":[{"embeddable":true,"href":"https:\/\/mersingazetesi.com\/index.php\/wp-json\/wp\/v2\/users\/2"}],"replies":[{"embeddable":true,"href":"https:\/\/mersingazetesi.com\/index.php\/wp-json\/wp\/v2\/comments?post=142784"}],"version-history":[{"count":1,"href":"https:\/\/mersingazetesi.com\/index.php\/wp-json\/wp\/v2\/posts\/142784\/revisions"}],"predecessor-version":[{"id":142786,"href":"https:\/\/mersingazetesi.com\/index.php\/wp-json\/wp\/v2\/posts\/142784\/revisions\/142786"}],"wp:featuredmedia":[{"embeddable":true,"href":"https:\/\/mersingazetesi.com\/index.php\/wp-json\/wp\/v2\/media\/142785"}],"wp:attachment":[{"href":"https:\/\/mersingazetesi.com\/index.php\/wp-json\/wp\/v2\/media?parent=142784"}],"wp:term":[{"taxonomy":"category","embeddable":true,"href":"https:\/\/mersingazetesi.com\/index.php\/wp-json\/wp\/v2\/categories?post=142784"},{"taxonomy":"post_tag","embeddable":true,"href":"https:\/\/mersingazetesi.com\/index.php\/wp-json\/wp\/v2\/tags?post=142784"}],"curies":[{"name":"wp","href":"https:\/\/api.w.org\/{rel}","templated":true}]}}