{"id":142775,"date":"2026-09-05T12:03:28","date_gmt":"2026-09-05T09:03:28","guid":{"rendered":"https:\/\/mersingazetesi.com\/?p=142775"},"modified":"2026-09-05T12:03:28","modified_gmt":"2026-09-05T09:03:28","slug":"yaz-kurslarina-katilanlar-yeteneklerini-sergiledi","status":"publish","type":"post","link":"https:\/\/mersingazetesi.com\/index.php\/2026\/09\/05\/yaz-kurslarina-katilanlar-yeteneklerini-sergiledi\/","title":{"rendered":"Yaz kurslar\u0131na kat\u0131lanlar yeteneklerini sergiledi"},"content":{"rendered":"<p><strong class=\"searchword\">Mersin<\/strong>&#8216;in Erdemli il\u00e7esinde yaz kurslar\u0131nda e\u011fitim alan \u00e7ocuklar, gen\u00e7ler ve kad\u0131nlar d\u00fczenlenen konserde yeteneklerini sergiledi. \u00c7ocuklar\u0131n g\u00f6sterilerinden kad\u0131nlar\u0131n ritim grubuna kadar sahnelenen g\u00f6steriler ayakta alk\u0131\u015fland\u0131.<br \/>\nErdemli Belediyesi K\u00fclt\u00fcr, Sanat ve Sosyal \u0130\u015fler M\u00fcd\u00fcrl\u00fc\u011f\u00fc taraf\u0131ndan a\u00e7\u0131lan m\u00fczik ve halk oyunlar\u0131 kurslar\u0131 yo\u011fun talep g\u00f6rd\u00fc. Yakla\u015f\u0131k 2 ay s\u00fcreyle halk oyunlar\u0131, gitar, piyona ve \u00e7e\u015fitli alanlarda e\u011fitim verildi. E\u011fitimlere \u00e7ocuklar\u0131n yan\u0131 s\u0131ra kad\u0131nlarda kat\u0131ld\u0131. Kurslar\u0131n tamamlanmas\u0131yla birlikte m\u00fczik \u00f6\u011fretmeni Ay\u015fen Y\u0131lmaz ile halk oyunlar\u0131 \u00f6\u011fretmeni Remziye Obut&#8217;un koordinesinde Erdemli Belediyesi K\u00fclt\u00fc Merkezi&#8217;nde konser d\u00fczenlendi. Konser de Kum Zambaklar\u0131 Polifonik \u00c7ocuk Korosu, Kad\u0131n ve \u00c7ocuk Ritim Toplulu\u011fu, gitar ve piyano \u00f6\u011frencileri ile halk oyunu ekibi sahne ald\u0131.<br \/>\nAilelerin salonu doldurdu\u011fu konserde kursa kat\u0131lanlar\u0131n performanslar\u0131 ayakta alk\u0131\u015fland\u0131.<\/p>\n","protected":false},"excerpt":{"rendered":"<p>Mersin&#8216;in Erdemli il\u00e7esinde yaz kurslar\u0131nda e\u011fitim alan \u00e7ocuklar, gen\u00e7ler ve kad\u0131nlar d\u00fczenlenen konserde yeteneklerini sergiledi. \u00c7ocuklar\u0131n g\u00f6sterilerinden kad\u0131nlar\u0131n ritim grubuna kadar sahnelenen g\u00f6steriler ayakta alk\u0131\u015fland\u0131. Erdemli Belediyesi K\u00fclt\u00fcr, Sanat ve Sosyal \u0130\u015fler M\u00fcd\u00fcrl\u00fc\u011f\u00fc taraf\u0131ndan a\u00e7\u0131lan m\u00fczik ve halk oyunlar\u0131 kurslar\u0131 yo\u011fun talep g\u00f6rd\u00fc. Yakla\u015f\u0131k 2 ay s\u00fcreyle halk oyunlar\u0131, gitar, piyona ve \u00e7e\u015fitli alanlarda e\u011fitim [&hellip;]<\/p>\n","protected":false},"author":2,"featured_media":142776,"comment_status":"open","ping_status":"open","sticky":false,"template":"","format":"standard","meta":{"footnotes":""},"categories":[1],"tags":[],"class_list":["post-142775","post","type-post","status-publish","format-standard","has-post-thumbnail","hentry","category-gundem"],"views":61,"_links":{"self":[{"href":"https:\/\/mersingazetesi.com\/index.php\/wp-json\/wp\/v2\/posts\/142775","targetHints":{"allow":["GET"]}}],"collection":[{"href":"https:\/\/mersingazetesi.com\/index.php\/wp-json\/wp\/v2\/posts"}],"about":[{"href":"https:\/\/mersingazetesi.com\/index.php\/wp-json\/wp\/v2\/types\/post"}],"author":[{"embeddable":true,"href":"https:\/\/mersingazetesi.com\/index.php\/wp-json\/wp\/v2\/users\/2"}],"replies":[{"embeddable":true,"href":"https:\/\/mersingazetesi.com\/index.php\/wp-json\/wp\/v2\/comments?post=142775"}],"version-history":[{"count":1,"href":"https:\/\/mersingazetesi.com\/index.php\/wp-json\/wp\/v2\/posts\/142775\/revisions"}],"predecessor-version":[{"id":142777,"href":"https:\/\/mersingazetesi.com\/index.php\/wp-json\/wp\/v2\/posts\/142775\/revisions\/142777"}],"wp:featuredmedia":[{"embeddable":true,"href":"https:\/\/mersingazetesi.com\/index.php\/wp-json\/wp\/v2\/media\/142776"}],"wp:attachment":[{"href":"https:\/\/mersingazetesi.com\/index.php\/wp-json\/wp\/v2\/media?parent=142775"}],"wp:term":[{"taxonomy":"category","embeddable":true,"href":"https:\/\/mersingazetesi.com\/index.php\/wp-json\/wp\/v2\/categories?post=142775"},{"taxonomy":"post_tag","embeddable":true,"href":"https:\/\/mersingazetesi.com\/index.php\/wp-json\/wp\/v2\/tags?post=142775"}],"curies":[{"name":"wp","href":"https:\/\/api.w.org\/{rel}","templated":true}]}}