{"id":142772,"date":"2026-09-05T09:47:25","date_gmt":"2026-09-05T06:47:25","guid":{"rendered":"https:\/\/mersingazetesi.com\/?p=142772"},"modified":"2026-09-05T09:47:25","modified_gmt":"2026-09-05T06:47:25","slug":"pozanti-tarsus-mersin-otoyolu-tarsus-adana-gaziantep-otoyolu-ozellestirildi","status":"publish","type":"post","link":"https:\/\/mersingazetesi.com\/index.php\/2026\/09\/05\/pozanti-tarsus-mersin-otoyolu-tarsus-adana-gaziantep-otoyolu-ozellestirildi\/","title":{"rendered":"Pozant\u0131-Tarsus-Mersin Otoyolu   Tarsus-Adana-Gaziantep Otoyolu \u00d6zelle\u015ftirildi"},"content":{"rendered":"<p>Cumhurba\u015fkan\u0131\u00a0<strong>Recep Tayyip Erdo\u011fan&#8217;<\/strong>\u0131n imzas\u0131yla yay\u0131mlanan kararla, Ni\u011fde-Pozant\u0131 Otoyolu, Gaziantep \u00c7evre Otoyolu ve Bursa \u00c7evre Otoyolu&#8217;nun \u00c7a\u011flayan Kav\u015fa\u011f\u0131-Yeni\u015fehir Kav\u015fa\u011f\u0131 aras\u0131ndaki b\u00f6l\u00fcm\u00fc \u00f6zelle\u015ftirme kapsam ve program\u0131na al\u0131nd\u0131.\u00a0<span class=\"TextRun SCXW201922290 BCX4\" lang=\"TR-TR\" xml:lang=\"TR-TR\" data-contrast=\"auto\"><span class=\"NormalTextRun SCXW201922290 BCX4\">S\u00f6z konusu kararla, 2003 ve 2010 tarihli kararlarla daha \u00f6nce \u00f6zelle\u015ftirme kapsam ve program\u0131na al\u0131nan otoyol ve k\u00f6pr\u00fclerin de \u00f6zelle\u015ftirilmesine karar verildi. Bu kapsamda 15 Temmuz \u015eehitler K\u00f6pr\u00fcs\u00fc ile Fatih Sultan Mehmet K\u00f6pr\u00fcs\u00fc de yer al\u0131yor.<\/span><\/span><span class=\"EOP Selected SCXW201922290 BCX4\" data-ccp-props=\"{}\">\u00a0<\/span><\/p>\n<p><strong><span data-contrast=\"auto\">Resm\u00ee Gazete&#8217;deki kararla \u00f6zelle\u015ftirme kapsam\u0131ndaki otoyol, \u00e7evreyolu ve k\u00f6pr\u00fcler \u015f\u00f6yle:<\/span><\/strong><\/p>\n<p><span data-contrast=\"auto\">Edirne-\u0130stanbul-Ankara Otoyolu<\/span><span data-ccp-props=\"{}\">\u00a0<\/span><\/p>\n<p><span data-contrast=\"auto\">Pozant\u0131-Tarsus-Mersin Otoyolu<\/span><span data-ccp-props=\"{}\">\u00a0<\/span><\/p>\n<p><span data-contrast=\"auto\">Tarsus-Adana-Gaziantep Otoyolu<\/span><span data-ccp-props=\"{}\">\u00a0<\/span><\/p>\n<p><span data-contrast=\"auto\">Toprakkale-\u0130skenderun Otoyolu<\/span><span data-ccp-props=\"{}\">\u00a0<\/span><\/p>\n<p><span data-contrast=\"auto\">Gaziantep-\u015eanl\u0131urfa Otoyolu<\/span><span data-ccp-props=\"{}\">\u00a0<\/span><\/p>\n<p><span data-contrast=\"auto\">\u0130zmir-\u00c7e\u015fme Otoyolu<\/span><span data-ccp-props=\"{}\">\u00a0<\/span><\/p>\n<p><span data-contrast=\"auto\">\u0130zmir-Ayd\u0131n Otoyolu<\/span><span data-ccp-props=\"{}\">\u00a0<\/span><\/p>\n<p><span data-contrast=\"auto\">Ni\u011fde-Pozant\u0131 Otoyolu<\/span><span data-ccp-props=\"{}\">\u00a0<\/span><\/p>\n<p><span data-contrast=\"auto\">Ankara \u00c7evre Otoyolu<\/span><span data-ccp-props=\"{}\">\u00a0<\/span><\/p>\n<p><span data-contrast=\"auto\">\u0130zmir \u00c7evre Otoyolu<\/span><span data-ccp-props=\"{}\">\u00a0<\/span><\/p>\n<p><span data-contrast=\"auto\">Fatih Sultan Mehmet K\u00f6pr\u00fcs\u00fc \u00c7evre Otoyolu<\/span><span data-ccp-props=\"{}\">\u00a0<\/span><\/p>\n<p><span data-contrast=\"auto\">Gaziantep \u00c7evre Otoyolu<\/span><\/p>\n<p><span data-contrast=\"auto\">Bursa \u00c7evre Otoyolu&#8217;nun \u00c7a\u011flayan Kav\u015fa\u011f\u0131-Yeni\u015fehir Kav\u015fa\u011f\u0131 aras\u0131<\/span><span data-ccp-props=\"{}\">\u00a0<\/span><\/p>\n<p><span data-contrast=\"auto\">15 Temmuz \u015eehitler K\u00f6pr\u00fcs\u00fc<\/span><span data-ccp-props=\"{}\">\u00a0<\/span><\/p>\n<p><span data-contrast=\"auto\">Fatih Sultan Mehmet K\u00f6pr\u00fcs\u00fc<\/span><span data-ccp-props=\"{}\">\u00a0<\/span><\/p>\n<div id=\"FIOnDemandWrapper_fiInstance_116487_0_1902734896289479\" class=\"FIOnDemandWrapper\">\n<div class=\"apd_hybridDocked\">\n<div class=\"fi-detachable-hybriddocked\">\n<p>Otoyollar, \u00e7evre yollar\u0131, k\u00f6pr\u00fcler ve ba\u011flant\u0131l\u0131 tesisler; m\u00fclkiyet devri hari\u00e7 olmak \u00fczere i\u015fletme hakk\u0131n\u0131n verilmesi, kiralama, gayri ayni hak tesisi, gelir ortakl\u0131\u011f\u0131 modeli veya i\u015fin gere\u011fine uygun di\u011fer y\u00f6ntemlerle \u00f6zelle\u015ftirilecek.<\/p>\n<p>\u00d6zelle\u015ftirme s\u00f6zle\u015fmelerinin s\u00fcresi 30 y\u0131l olarak belirlenirken i\u015flemlerin 31 Aral\u0131k 2031\u2019e kadar tamamlanmas\u0131 \u00f6ng\u00f6r\u00fcld\u00fc.<\/p>\n<\/div>\n<\/div>\n<\/div>\n","protected":false},"excerpt":{"rendered":"<p>Cumhurba\u015fkan\u0131\u00a0Recep Tayyip Erdo\u011fan&#8217;\u0131n imzas\u0131yla yay\u0131mlanan kararla, Ni\u011fde-Pozant\u0131 Otoyolu, Gaziantep \u00c7evre Otoyolu ve Bursa \u00c7evre Otoyolu&#8217;nun \u00c7a\u011flayan Kav\u015fa\u011f\u0131-Yeni\u015fehir Kav\u015fa\u011f\u0131 aras\u0131ndaki b\u00f6l\u00fcm\u00fc \u00f6zelle\u015ftirme kapsam ve program\u0131na al\u0131nd\u0131.\u00a0S\u00f6z konusu kararla, 2003 ve 2010 tarihli kararlarla daha \u00f6nce \u00f6zelle\u015ftirme kapsam ve program\u0131na al\u0131nan otoyol ve k\u00f6pr\u00fclerin de \u00f6zelle\u015ftirilmesine karar verildi. Bu kapsamda 15 Temmuz \u015eehitler K\u00f6pr\u00fcs\u00fc ile Fatih Sultan [&hellip;]<\/p>\n","protected":false},"author":2,"featured_media":142773,"comment_status":"open","ping_status":"open","sticky":false,"template":"","format":"standard","meta":{"footnotes":""},"categories":[8],"tags":[],"class_list":["post-142772","post","type-post","status-publish","format-standard","has-post-thumbnail","hentry","category-mersin"],"views":79,"_links":{"self":[{"href":"https:\/\/mersingazetesi.com\/index.php\/wp-json\/wp\/v2\/posts\/142772","targetHints":{"allow":["GET"]}}],"collection":[{"href":"https:\/\/mersingazetesi.com\/index.php\/wp-json\/wp\/v2\/posts"}],"about":[{"href":"https:\/\/mersingazetesi.com\/index.php\/wp-json\/wp\/v2\/types\/post"}],"author":[{"embeddable":true,"href":"https:\/\/mersingazetesi.com\/index.php\/wp-json\/wp\/v2\/users\/2"}],"replies":[{"embeddable":true,"href":"https:\/\/mersingazetesi.com\/index.php\/wp-json\/wp\/v2\/comments?post=142772"}],"version-history":[{"count":1,"href":"https:\/\/mersingazetesi.com\/index.php\/wp-json\/wp\/v2\/posts\/142772\/revisions"}],"predecessor-version":[{"id":142774,"href":"https:\/\/mersingazetesi.com\/index.php\/wp-json\/wp\/v2\/posts\/142772\/revisions\/142774"}],"wp:featuredmedia":[{"embeddable":true,"href":"https:\/\/mersingazetesi.com\/index.php\/wp-json\/wp\/v2\/media\/142773"}],"wp:attachment":[{"href":"https:\/\/mersingazetesi.com\/index.php\/wp-json\/wp\/v2\/media?parent=142772"}],"wp:term":[{"taxonomy":"category","embeddable":true,"href":"https:\/\/mersingazetesi.com\/index.php\/wp-json\/wp\/v2\/categories?post=142772"},{"taxonomy":"post_tag","embeddable":true,"href":"https:\/\/mersingazetesi.com\/index.php\/wp-json\/wp\/v2\/tags?post=142772"}],"curies":[{"name":"wp","href":"https:\/\/api.w.org\/{rel}","templated":true}]}}