{"id":142769,"date":"2026-09-05T09:41:32","date_gmt":"2026-09-05T06:41:32","guid":{"rendered":"https:\/\/mersingazetesi.com\/?p=142769"},"modified":"2026-09-05T09:41:32","modified_gmt":"2026-09-05T06:41:32","slug":"gulnarda-kara-erik-hasadi-basladi","status":"publish","type":"post","link":"https:\/\/mersingazetesi.com\/index.php\/2026\/09\/05\/gulnarda-kara-erik-hasadi-basladi\/","title":{"rendered":"G\u00dcLNAR\u2019DA KARA ER\u0130K HASADI BA\u015eLADI"},"content":{"rendered":"<p><b>Mersin\u2019in G\u00fclnar il\u00e7esinde b\u00f6lgenin \u00f6nemli ge\u00e7im kaynaklar\u0131ndan biri olan kara erikte hasat sezonu ba\u015flad\u0131.<\/b><\/p>\n<p>G\u00fclnar\u2019da genellikle a\u011fustos ay\u0131n\u0131n sonu ile eyl\u00fcl ay\u0131n\u0131n ba\u015f\u0131nda ger\u00e7ekle\u015ftirilen kara erik hasad\u0131, \u00fcreticilerin yo\u011fun mesaisiyle s\u00fcr\u00fcyor. Y\u00fcksek rak\u0131m\u0131, kendine \u00f6zg\u00fc iklimi ve toprak yap\u0131s\u0131, il\u00e7ede kaliteli ve aromas\u0131 g\u00fc\u00e7l\u00fc kara erik yeti\u015ftirilmesine olanak sa\u011fl\u0131yor.<\/p>\n<p>G\u00fclnar\u2019da yeti\u015ftirilen kara erikler;\u00a0<b>sert dokusu, uzun raf \u00f6mr\u00fc ve aromatik lezzetiyle<\/b>\u00a0i\u00e7 piyasada tercih edilirken, ba\u015fta Rusya ve Ortado\u011fu \u00fclkeleri olmak \u00fczere \u00e7e\u015fitli d\u0131\u015f pazarlara da g\u00f6nderiliyor.<\/p>\n<p>Dayan\u0131kl\u0131 yap\u0131s\u0131yla dikkat \u00e7eken G\u00fclnar eri\u011fi, uygun ko\u015fullarda so\u011fuk hava depolar\u0131nda uzun s\u00fcre kalitesini koruyabiliyor. Bu \u00f6zelli\u011fi, \u00fcr\u00fcn\u00fcn pazarlanmas\u0131nda \u00fcreticilere \u00f6nemli avantaj sa\u011fl\u0131yor.<\/p>\n<p><b>\u0130L\u00c7E EKONOM\u0130S\u0130NE KATKI SA\u011eLIYOR<\/b><\/p>\n<p>G\u00fclnar ekonomisi a\u00e7\u0131s\u0131ndan \u00f6nemli bir yere sahip olan kara erik \u00fcretimi, yaln\u0131zca \u00fcreticilere de\u011fil, hasat d\u00f6neminde \u00e7al\u0131\u015fmak \u00fczere b\u00f6lgeye gelen\u00a0<b>y\u00fczlerce mevsimlik i\u015f\u00e7iye de istihdam olana\u011f\u0131<\/b>\u00a0sa\u011fl\u0131yor.<\/p>\n<p>\u0130l\u00e7ede y\u0131lda ortalama\u00a0<b>4 bin ton civar\u0131nda kara erik \u00fcretimi<\/b>\u00a0ger\u00e7ekle\u015ftirildi\u011fi belirtilirken, hasat d\u00f6neminde bah\u00e7elerde yo\u011fun bir \u00e7al\u0131\u015fma ya\u015fan\u0131yor.<\/p>\n<p>\u00dcreticiler, G\u00fclnar\u2019\u0131n iklim ve co\u011frafi \u00f6zelliklerinin \u00fcr\u00fcne \u00f6nemli bir kalite kazand\u0131rd\u0131\u011f\u0131n\u0131 belirterek, kara eri\u011fin hem i\u00e7 hem de d\u0131\u015f pazardaki de\u011ferinin art\u0131r\u0131lmas\u0131 i\u00e7in \u00fcretim, paketleme ve ihracat altyap\u0131s\u0131n\u0131n geli\u015ftirilmesinin \u00f6nemine dikkat \u00e7ekiyor.<\/p>\n","protected":false},"excerpt":{"rendered":"<p>Mersin\u2019in G\u00fclnar il\u00e7esinde b\u00f6lgenin \u00f6nemli ge\u00e7im kaynaklar\u0131ndan biri olan kara erikte hasat sezonu ba\u015flad\u0131. G\u00fclnar\u2019da genellikle a\u011fustos ay\u0131n\u0131n sonu ile eyl\u00fcl ay\u0131n\u0131n ba\u015f\u0131nda ger\u00e7ekle\u015ftirilen kara erik hasad\u0131, \u00fcreticilerin yo\u011fun mesaisiyle s\u00fcr\u00fcyor. Y\u00fcksek rak\u0131m\u0131, kendine \u00f6zg\u00fc iklimi ve toprak yap\u0131s\u0131, il\u00e7ede kaliteli ve aromas\u0131 g\u00fc\u00e7l\u00fc kara erik yeti\u015ftirilmesine olanak sa\u011fl\u0131yor. G\u00fclnar\u2019da yeti\u015ftirilen kara erikler;\u00a0sert dokusu, uzun [&hellip;]<\/p>\n","protected":false},"author":2,"featured_media":142770,"comment_status":"open","ping_status":"open","sticky":false,"template":"","format":"standard","meta":{"footnotes":""},"categories":[1],"tags":[],"class_list":["post-142769","post","type-post","status-publish","format-standard","has-post-thumbnail","hentry","category-gundem"],"views":53,"_links":{"self":[{"href":"https:\/\/mersingazetesi.com\/index.php\/wp-json\/wp\/v2\/posts\/142769","targetHints":{"allow":["GET"]}}],"collection":[{"href":"https:\/\/mersingazetesi.com\/index.php\/wp-json\/wp\/v2\/posts"}],"about":[{"href":"https:\/\/mersingazetesi.com\/index.php\/wp-json\/wp\/v2\/types\/post"}],"author":[{"embeddable":true,"href":"https:\/\/mersingazetesi.com\/index.php\/wp-json\/wp\/v2\/users\/2"}],"replies":[{"embeddable":true,"href":"https:\/\/mersingazetesi.com\/index.php\/wp-json\/wp\/v2\/comments?post=142769"}],"version-history":[{"count":1,"href":"https:\/\/mersingazetesi.com\/index.php\/wp-json\/wp\/v2\/posts\/142769\/revisions"}],"predecessor-version":[{"id":142771,"href":"https:\/\/mersingazetesi.com\/index.php\/wp-json\/wp\/v2\/posts\/142769\/revisions\/142771"}],"wp:featuredmedia":[{"embeddable":true,"href":"https:\/\/mersingazetesi.com\/index.php\/wp-json\/wp\/v2\/media\/142770"}],"wp:attachment":[{"href":"https:\/\/mersingazetesi.com\/index.php\/wp-json\/wp\/v2\/media?parent=142769"}],"wp:term":[{"taxonomy":"category","embeddable":true,"href":"https:\/\/mersingazetesi.com\/index.php\/wp-json\/wp\/v2\/categories?post=142769"},{"taxonomy":"post_tag","embeddable":true,"href":"https:\/\/mersingazetesi.com\/index.php\/wp-json\/wp\/v2\/tags?post=142769"}],"curies":[{"name":"wp","href":"https:\/\/api.w.org\/{rel}","templated":true}]}}