{"id":142766,"date":"2026-09-05T09:40:18","date_gmt":"2026-09-05T06:40:18","guid":{"rendered":"https:\/\/mersingazetesi.com\/?p=142766"},"modified":"2026-09-05T09:40:18","modified_gmt":"2026-09-05T06:40:18","slug":"buyuksehirin-kortlarinda-zafer-coskusu-sampiyonlukla-taclandi","status":"publish","type":"post","link":"https:\/\/mersingazetesi.com\/index.php\/2026\/09\/05\/buyuksehirin-kortlarinda-zafer-coskusu-sampiyonlukla-taclandi\/","title":{"rendered":"B\u00dcY\u00dcK\u015eEH\u0130R&#8217;\u0130N KORTLARINDA ZAFER CO\u015eKUSU \u015eAMP\u0130YONLUKLA TA\u00c7LANDI"},"content":{"rendered":"<p>Mersin B\u00fcy\u00fck\u015fehir Belediyesi, 30 A\u011fustos Zafer Bayram\u0131&#8217;n\u0131n 104. y\u0131l d\u00f6n\u00fcm\u00fc dolay\u0131s\u0131yla d\u00fczenledi\u011fi sportif etkinliklerle bayram co\u015fkusunu kentin d\u00f6rt bir yan\u0131na ta\u015f\u0131d\u0131. K\u00fclt\u00fcr, Sanat ve Sosyal \u0130\u015fler Dairesi Ba\u015fkanl\u0131\u011f\u0131 Gen\u00e7lik ve Spor Hizmetleri \u015eube M\u00fcd\u00fcrl\u00fc\u011f\u00fc taraf\u0131ndan Macit \u00d6zcan Spor Tesisleri&#8217;nde ger\u00e7ekle\u015ftirilen\u00a0<strong><em>&#8217;30 A\u011fustos Zafer Bayram\u0131 Tenis Turnuvas\u0131&#8217;<\/em><\/strong>, \u00e7eki\u015fmeli final m\u00fcsabakalar\u0131n\u0131n ard\u0131ndan d\u00fczenlenen \u00f6d\u00fcl t\u00f6reniyle tamamland\u0131.<\/p>\n<p>&nbsp;<\/p>\n<p>B\u00fcy\u00fck\u015fehir&#8217;in \u00fccretsiz tenis kurslar\u0131nda e\u011fitim alan kursiyerleri bir araya getiren turnuvada sporcular, kad\u0131nlar ve erkekler kategorilerinde \u015fampiyonlu\u011fa ula\u015fabilmek i\u00e7in raket sallad\u0131. G\u00fcnler boyunca devam eden kar\u015f\u0131la\u015fmalara tatl\u0131 bir rekabet ve Zafer Bayram\u0131 co\u015fkusu h\u00e2kim olurken, kad\u0131nlar finalinde Sena Belgin, erkekler finalinde ise Alperen Y\u0131ld\u0131z rakiplerini geride b\u0131rakarak \u015fampiyonluk kupas\u0131n\u0131n sahibi oldu. Finalist sporcular\u0131n kupalar\u0131 takdim edilirken, turnuvaya kat\u0131lan t\u00fcm sporculara da madalya verildi.<\/p>\n<p>&nbsp;<\/p>\n<p>\u00d6d\u00fcl t\u00f6reninde ayr\u0131ca &#8216;En Gen\u00e7 Sporcu&#8217;, &#8216;En Ya\u015fl\u0131 Sporcu&#8217;, &#8216;En Centilmen Sporcu&#8217; ve &#8216;En M\u00fccadeleci Sporcu&#8217; \u00f6d\u00fclleri sahiplerini buldu.<\/p>\n<p>&nbsp;<\/p>\n<p><strong>Kurua\u011fa\u00e7: &#8220;Tenisi Mersin&#8217;de daha geni\u015f kitlelere ula\u015ft\u0131rmak istiyoruz&#8221;<\/strong><\/p>\n<p>Mersin B\u00fcy\u00fck\u015fehir Belediyesi Tenis Antren\u00f6r\u00fc Abidin Kurua\u011fa\u00e7, turnuvaya g\u00f6sterilen yo\u011fun ilginin kendilerini \u00e7ok mutlu etti\u011fini belirterek,\u00a0<strong>&#8220;B\u00f6ylesine g\u00fczel bir kat\u0131l\u0131m\u0131 ve bu yo\u011funlu\u011fu beklemiyorduk. Heyecan\u0131m\u0131z \u00e7ok y\u00fcksek oldu. Biz de sporcular\u0131m\u0131zla birlikte duyguland\u0131k&#8221;<\/strong>\u00a0dedi.<\/p>\n<p>&nbsp;<\/p>\n<p>19 May\u0131s ve 30 A\u011fustos dolay\u0131s\u0131yla d\u00fczenlenen iki turnuvay\u0131 geride b\u0131rakt\u0131klar\u0131n\u0131 kaydeden Kurua\u011fa\u00e7, kat\u0131l\u0131mc\u0131lar\u0131n mutlulu\u011funa ve m\u00fcsabakalardaki y\u00fcksek rekabet g\u00fcc\u00fcne tan\u0131kl\u0131k ettiklerini ifade ederek,\u00a0<strong>&#8220;\u00c7ok g\u00fczel bir aile ortam\u0131m\u0131z oldu ve biz bunun devam etmesini istiyoruz. \u00c7ocuklar\u0131m\u0131z da b\u00f6yle bir ortamda b\u00fcy\u00fcs\u00fcn; tenisi Mersin&#8217;de daha geni\u015f kitlelere ula\u015ft\u0131ral\u0131m istiyoruz&#8221;<\/strong>\u00a0s\u00f6zlerini kaydetti.<\/p>\n<p>&nbsp;<\/p>\n<p><strong>Tenis turnuvalar\u0131 y\u0131l boyunca devam edecek<\/strong><\/p>\n<p>\u00d6n\u00fcm\u00fczdeki d\u00f6neme ili\u015fkin turnuva planlamas\u0131n\u0131 da payla\u015fan Kurua\u011fa\u00e7, ilk olarak 29 Ekim Cumhuriyet Bayram\u0131 dolay\u0131s\u0131yla\u00a0<strong><em>&#8216;Cumhuriyet Kupas\u0131&#8217;<\/em><\/strong>, ard\u0131ndan ocak ay\u0131n\u0131n ilk haftas\u0131nda Mersin&#8217;in d\u00fc\u015fman i\u015fgalinden kurtulu\u015fu dolay\u0131s\u0131yla\u00a0<strong><em>&#8216;K\u0131\u015f Kupas\u0131&#8217;<\/em><\/strong>\u00a0d\u00fczenlemeyi planlad\u0131klar\u0131n\u0131 s\u00f6yledi. Turnuva heyecan\u0131n\u0131n 19 May\u0131s ve 30 A\u011fustos organizasyonlar\u0131yla devam edece\u011fini belirten Kurua\u011fa\u00e7, yeterli kat\u0131l\u0131m sa\u011flanmas\u0131 h\u00e2linde m\u00fcsabakalar\u0131n grup ma\u00e7lar\u0131 \u015feklinde d\u00fczenlenece\u011fini aktard\u0131.<\/p>\n<p>&nbsp;<\/p>\n<p>Turnuvaya kat\u0131lan sporcular\u0131n ortaya koyduklar\u0131 performanslarla kendilerini \u015fa\u015f\u0131rtt\u0131\u011f\u0131n\u0131 da s\u00f6zlerine ekleyen Kurua\u011fa\u00e7,\u00a0<strong>&#8220;Tenisi sevdirmek, kursiyerlerimizi kendini geli\u015ftirmeni sa\u011flamak, bu turnuvalar\u0131 d\u00fczenlemek ve sporcular\u0131m\u0131z\u0131n ba\u015far\u0131l\u0131 olmas\u0131 i\u00e7in elimizden geleni yapaca\u011f\u0131z&#8221;\u00a0<\/strong>diye konu\u015ftu.<\/p>\n<p>&nbsp;<\/p>\n<p><strong>B\u00fcy\u00fck\u015fehir&#8217;in \u00fccretsiz kurslar\u0131nda \u00f6\u011frendiler, kortlar\u0131n \u015fampiyonu oldular<\/strong><\/p>\n<p>Erkekler kategorisinde \u015fampiyon olan avukat Alperen Y\u0131ld\u0131z, turnuva boyunca heyecanl\u0131 ve e\u011flenceli m\u00fcsabakalar oynad\u0131klar\u0131n\u0131 belirterek,\u00a0<strong>&#8220;\u00c7ok mutluyum. \u00c7ok g\u00fczel ma\u00e7lar ge\u00e7ti; heyecanl\u0131yd\u0131, e\u011flenceliydi. G\u00fczel ma\u00e7lar i\u00e7in rakiplerime de te\u015fekk\u00fcr ediyorum&#8221;\u00a0<\/strong>dedi. Tenise B\u00fcy\u00fck\u015fehir Belediyesi&#8217;nin \u00fccretsiz kurslar\u0131 sayesinde ba\u015flad\u0131\u011f\u0131n\u0131 anlatan Y\u0131ld\u0131z,\u00a0<strong>&#8220;Kurslar da \u00e7ok g\u00fczel ve e\u011flenceliydi. B\u00fct\u00fcn ma\u00e7lar, i\u015fin i\u00e7inde heyecan oldu\u011fu zaman biraz zorlu oluyor ama son ma\u00e7\u0131m en zoruydu diyebilirim&#8221;\u00a0<\/strong>ifadelerine yer verdi.<\/p>\n<p>&nbsp;<\/p>\n<p>B\u00fcy\u00fck\u015fehir Belediyesi&#8217;nin insanlar\u0131 spora y\u00f6nlendirmesini \u00e7ok de\u011ferli buldu\u011funu dile getiren Y\u0131ld\u0131z,\u00a0<strong>&#8220;\u0130nsanlara bu konuda \u00e7ok yard\u0131mc\u0131 oluyorlar. Sanat alanlar\u0131nda da dersler oldu\u011funu duydum. Onlara da ba\u015fvurmay\u0131 d\u00fc\u015f\u00fcn\u00fcyorum. Bence belediye ad\u0131na gayet g\u00fczel bir \u00e7al\u0131\u015fma&#8221;<\/strong>\u00a0diye konu\u015ftu.<\/p>\n<p>&nbsp;<\/p>\n<p>Kad\u0131nlar kategorisinin \u015fampiyonu Sena Belgin ise iki saatten uzun s\u00fcren \u00e7eki\u015fmeli final kar\u015f\u0131la\u015fmas\u0131n\u0131n ard\u0131ndan b\u00fcy\u00fck mutluluk ya\u015fad\u0131\u011f\u0131n\u0131 belirterek,\u00a0<strong>&#8220;\u00c7ok mutlu ve heyecanl\u0131y\u0131m. K\u0131ran k\u0131rana bir m\u00fccadele oldu. Yakla\u015f\u0131k 2 saat, hatta 2 saatten fazla ma\u00e7 yapt\u0131k. Burada olmak ve bu kadar g\u00fczel insanla bu heyecan\u0131 payla\u015fmak \u00e7ok g\u00fczel. Eme\u011fi ge\u00e7en herkese \u00e7ok te\u015fekk\u00fcr ediyoruz&#8221;<\/strong>\u00a0dedi.<\/p>\n<p>&nbsp;<\/p>\n<p>Daha \u00f6nce tenis oynad\u0131\u011f\u0131n\u0131 ancak B\u00fcy\u00fck\u015fehir&#8217;in sundu\u011fu imk\u00e2n sayesinde kendisini daha fazla geli\u015ftirdi\u011fini aktaran Belgin,\u00a0<strong>&#8220;Belediyemizin bu imk\u00e2n\u0131 bizi \u00e7ok daha ileri bir seviyeye getirdi. Bulundu\u011fumuz yerden 3-5 ad\u0131m \u00f6ne gitmemizi sa\u011flad\u0131. \u00d6zellikle Abidin Hocam\u0131zla birlikte kendimizi geli\u015ftirme f\u0131rsat\u0131 bulduk. Ona da ayr\u0131ca \u00e7ok te\u015fekk\u00fcr ediyorum.<\/strong>\u00a0<strong>Bu kurslar ger\u00e7ekten \u00e7ok faydal\u0131 ve bence her vatanda\u015f\u0131n yararlanmas\u0131 gereken bir proje. Burada imk\u00e2n\u0131 olan ya da olmayan herkesin gelip stres atmas\u0131, kendisini geli\u015ftirmesi ve bir ad\u0131m \u00f6ne ta\u015f\u0131mas\u0131 a\u00e7\u0131s\u0131ndan \u00e7ok faydal\u0131 ve bizim i\u00e7in \u00e7ok de\u011ferli. Eme\u011fi ge\u00e7en herkese tekrar \u00e7ok te\u015fekk\u00fcr ediyoruz&#8221;<\/strong>\u00a0s\u00f6zlerini kaydetti.<\/p>\n","protected":false},"excerpt":{"rendered":"<p>Mersin B\u00fcy\u00fck\u015fehir Belediyesi, 30 A\u011fustos Zafer Bayram\u0131&#8217;n\u0131n 104. y\u0131l d\u00f6n\u00fcm\u00fc dolay\u0131s\u0131yla d\u00fczenledi\u011fi sportif etkinliklerle bayram co\u015fkusunu kentin d\u00f6rt bir yan\u0131na ta\u015f\u0131d\u0131. K\u00fclt\u00fcr, Sanat ve Sosyal \u0130\u015fler Dairesi Ba\u015fkanl\u0131\u011f\u0131 Gen\u00e7lik ve Spor Hizmetleri \u015eube M\u00fcd\u00fcrl\u00fc\u011f\u00fc taraf\u0131ndan Macit \u00d6zcan Spor Tesisleri&#8217;nde ger\u00e7ekle\u015ftirilen\u00a0&#8217;30 A\u011fustos Zafer Bayram\u0131 Tenis Turnuvas\u0131&#8217;, \u00e7eki\u015fmeli final m\u00fcsabakalar\u0131n\u0131n ard\u0131ndan d\u00fczenlenen \u00f6d\u00fcl t\u00f6reniyle tamamland\u0131. &nbsp; B\u00fcy\u00fck\u015fehir&#8217;in [&hellip;]<\/p>\n","protected":false},"author":2,"featured_media":142767,"comment_status":"open","ping_status":"open","sticky":false,"template":"","format":"standard","meta":{"footnotes":""},"categories":[1],"tags":[],"class_list":["post-142766","post","type-post","status-publish","format-standard","has-post-thumbnail","hentry","category-gundem"],"views":51,"_links":{"self":[{"href":"https:\/\/mersingazetesi.com\/index.php\/wp-json\/wp\/v2\/posts\/142766","targetHints":{"allow":["GET"]}}],"collection":[{"href":"https:\/\/mersingazetesi.com\/index.php\/wp-json\/wp\/v2\/posts"}],"about":[{"href":"https:\/\/mersingazetesi.com\/index.php\/wp-json\/wp\/v2\/types\/post"}],"author":[{"embeddable":true,"href":"https:\/\/mersingazetesi.com\/index.php\/wp-json\/wp\/v2\/users\/2"}],"replies":[{"embeddable":true,"href":"https:\/\/mersingazetesi.com\/index.php\/wp-json\/wp\/v2\/comments?post=142766"}],"version-history":[{"count":1,"href":"https:\/\/mersingazetesi.com\/index.php\/wp-json\/wp\/v2\/posts\/142766\/revisions"}],"predecessor-version":[{"id":142768,"href":"https:\/\/mersingazetesi.com\/index.php\/wp-json\/wp\/v2\/posts\/142766\/revisions\/142768"}],"wp:featuredmedia":[{"embeddable":true,"href":"https:\/\/mersingazetesi.com\/index.php\/wp-json\/wp\/v2\/media\/142767"}],"wp:attachment":[{"href":"https:\/\/mersingazetesi.com\/index.php\/wp-json\/wp\/v2\/media?parent=142766"}],"wp:term":[{"taxonomy":"category","embeddable":true,"href":"https:\/\/mersingazetesi.com\/index.php\/wp-json\/wp\/v2\/categories?post=142766"},{"taxonomy":"post_tag","embeddable":true,"href":"https:\/\/mersingazetesi.com\/index.php\/wp-json\/wp\/v2\/tags?post=142766"}],"curies":[{"name":"wp","href":"https:\/\/api.w.org\/{rel}","templated":true}]}}