{"id":142754,"date":"2026-09-05T09:35:00","date_gmt":"2026-09-05T06:35:00","guid":{"rendered":"https:\/\/mersingazetesi.com\/?p=142754"},"modified":"2026-09-05T09:35:00","modified_gmt":"2026-09-05T06:35:00","slug":"ozdemirci-halk-egitimi-merkezi-kuran-kursu-kapanis-programina-katildi","status":"publish","type":"post","link":"https:\/\/mersingazetesi.com\/index.php\/2026\/09\/05\/ozdemirci-halk-egitimi-merkezi-kuran-kursu-kapanis-programina-katildi\/","title":{"rendered":"\u00d6ZDEM\u0130RC\u0130, HALK E\u011e\u0130T\u0130M\u0130 MERKEZ\u0130 KURAN KURSU KAPANI\u015e PROGRAMINA KATILDI"},"content":{"rendered":"<p>\u0130l Mill\u00ee E\u011fitim M\u00fcd\u00fcr\u00fc Muhammed \u00d6zdemirci, Halk E\u011fitimi Merkezi b\u00fcnyesinde a\u00e7\u0131lan Kuran Kursu E\u011fitimi Kapan\u0131\u015f Program\u0131&#8217;na kat\u0131ld\u0131.<\/p>\n<p>Dr. Kamil Tarhan \u0130lkokulu\/Ortaokulunda d\u00fczenlenen programda e\u011fitimlerini ba\u015far\u0131yla tamamlayan kursiyerler ve \u00f6\u011frenciler bir araya geldi.<\/p>\n<p>\u0130l Mill\u00ee E\u011fitim M\u00fcd\u00fcr\u00fc Muhammed \u00d6zdemirci, Kur&#8217;an-\u0131 Kerim&#8217;in sadece okunacak bir kitap de\u011fil, hayata rehberlik eden bir ahlak kayna\u011f\u0131 oldu\u011funu vurgulad\u0131. Muhammed \u00d6zdemirci,<\/p>\n<p>&#8220;T\u00fcrkiye Y\u00fczy\u0131l\u0131 Maarif Modelimiz de e\u011fitim anlay\u0131\u015f\u0131n\u0131 yaln\u0131zca akademik ba\u015far\u0131dan ibaret g\u00f6rmeyen; bilgiyi, beceriyi, karakteri ve de\u011ferleri bir b\u00fct\u00fcn olarak ele alan bir anlay\u0131\u015f\u0131 esas almaktad\u0131r. Biz evlatlar\u0131m\u0131z\u0131n milli ve manevi de\u011ferlerine sahip \u00e7\u0131kan, k\u00f6k\u00fc mazide g\u00f6z\u00fc atide bir nesil olarak yeti\u015fmelerini istiyoruz.&#8221; ifadelerini kulland\u0131.<\/p>\n<p>&nbsp;<\/p>\n<p>E\u011fitimi ba\u015far\u0131yla tamamlayan \u00f6\u011frencileri tebrik eden \u00d6zdemirci, emek veren \u00f6\u011fretmenlere ve desteklerini esirgemeyen velilere te\u015fekk\u00fcr etti. Program, kursiyerlere belgelerinin takdim edilmesi ve toplu foto\u011fraf \u00e7ekimiyle sona erdi.<\/p>\n","protected":false},"excerpt":{"rendered":"<p>\u0130l Mill\u00ee E\u011fitim M\u00fcd\u00fcr\u00fc Muhammed \u00d6zdemirci, Halk E\u011fitimi Merkezi b\u00fcnyesinde a\u00e7\u0131lan Kuran Kursu E\u011fitimi Kapan\u0131\u015f Program\u0131&#8217;na kat\u0131ld\u0131. Dr. Kamil Tarhan \u0130lkokulu\/Ortaokulunda d\u00fczenlenen programda e\u011fitimlerini ba\u015far\u0131yla tamamlayan kursiyerler ve \u00f6\u011frenciler bir araya geldi. \u0130l Mill\u00ee E\u011fitim M\u00fcd\u00fcr\u00fc Muhammed \u00d6zdemirci, Kur&#8217;an-\u0131 Kerim&#8217;in sadece okunacak bir kitap de\u011fil, hayata rehberlik eden bir ahlak kayna\u011f\u0131 oldu\u011funu vurgulad\u0131. Muhammed \u00d6zdemirci, [&hellip;]<\/p>\n","protected":false},"author":2,"featured_media":142755,"comment_status":"open","ping_status":"open","sticky":false,"template":"","format":"standard","meta":{"footnotes":""},"categories":[1],"tags":[],"class_list":["post-142754","post","type-post","status-publish","format-standard","has-post-thumbnail","hentry","category-gundem"],"views":59,"_links":{"self":[{"href":"https:\/\/mersingazetesi.com\/index.php\/wp-json\/wp\/v2\/posts\/142754","targetHints":{"allow":["GET"]}}],"collection":[{"href":"https:\/\/mersingazetesi.com\/index.php\/wp-json\/wp\/v2\/posts"}],"about":[{"href":"https:\/\/mersingazetesi.com\/index.php\/wp-json\/wp\/v2\/types\/post"}],"author":[{"embeddable":true,"href":"https:\/\/mersingazetesi.com\/index.php\/wp-json\/wp\/v2\/users\/2"}],"replies":[{"embeddable":true,"href":"https:\/\/mersingazetesi.com\/index.php\/wp-json\/wp\/v2\/comments?post=142754"}],"version-history":[{"count":1,"href":"https:\/\/mersingazetesi.com\/index.php\/wp-json\/wp\/v2\/posts\/142754\/revisions"}],"predecessor-version":[{"id":142756,"href":"https:\/\/mersingazetesi.com\/index.php\/wp-json\/wp\/v2\/posts\/142754\/revisions\/142756"}],"wp:featuredmedia":[{"embeddable":true,"href":"https:\/\/mersingazetesi.com\/index.php\/wp-json\/wp\/v2\/media\/142755"}],"wp:attachment":[{"href":"https:\/\/mersingazetesi.com\/index.php\/wp-json\/wp\/v2\/media?parent=142754"}],"wp:term":[{"taxonomy":"category","embeddable":true,"href":"https:\/\/mersingazetesi.com\/index.php\/wp-json\/wp\/v2\/categories?post=142754"},{"taxonomy":"post_tag","embeddable":true,"href":"https:\/\/mersingazetesi.com\/index.php\/wp-json\/wp\/v2\/tags?post=142754"}],"curies":[{"name":"wp","href":"https:\/\/api.w.org\/{rel}","templated":true}]}}