{"id":142751,"date":"2026-09-05T09:33:59","date_gmt":"2026-09-05T06:33:59","guid":{"rendered":"https:\/\/mersingazetesi.com\/?p=142751"},"modified":"2026-09-05T09:33:59","modified_gmt":"2026-09-05T06:33:59","slug":"bitkin-dusen-leylege-mahallenin-gencleri-sahip-cikti","status":"publish","type":"post","link":"https:\/\/mersingazetesi.com\/index.php\/2026\/09\/05\/bitkin-dusen-leylege-mahallenin-gencleri-sahip-cikti\/","title":{"rendered":"Bitkin d\u00fc\u015fen leyle\u011fe mahallenin gen\u00e7leri sahip \u00e7\u0131kt\u0131"},"content":{"rendered":"<p>Mersin&#8217;in Erdemli il\u00e7esinde bitkin d\u00fc\u015fen leylek gen\u00e7ler taraf\u0131ndan koruma alt\u0131na al\u0131narak bak\u0131m\u0131 yap\u0131ld\u0131, tekrar do\u011fal ortam\u0131na sal\u0131nd\u0131.<br \/>\nOlay, il\u00e7eye ba\u011fl\u0131 K\u00f6sereli Mahallesi&#8217;nde ya\u015fand\u0131. Leyleklerden biri dire\u011fe konmak istedi\u011fi s\u0131rada yere d\u00fc\u015ft\u00fc. Bitkin oldu\u011fu g\u00f6zlemlenen leyle\u011fi kamelyaya alan gen\u00e7ler, su verip yard\u0131m etmeye \u00e7al\u0131\u015ft\u0131. Durumu Do\u011fa Koruma ve Milli Parklar \u015eubesi&#8217;ne bildiren gen\u00e7ler hayvan\u0131n koruma alt\u0131na al\u0131nmas\u0131n\u0131 sa\u011flad\u0131.<br \/>\nMahallenin gen\u00e7lerinden Muhammet Keser, &#8220;Di\u011fere konmak isteyen leylek yere d\u00fc\u015ft\u00fc. Bizde koruma alt\u0131na alarak su i\u00e7irdik. Yaras\u0131 var m\u0131 diye bakt\u0131k, yoktu. Bitkin d\u00fc\u015ft\u00fc\u011f\u00fc i\u00e7in ilgili kurumlara bildirdik&#8221; dedi.<br \/>\n\u00d6te yandan, bitkin d\u00fc\u015fen leyle\u011fin bir s\u00fcre koruma alt\u0131na tutulduktan sonra tekrar do\u011fal ortam\u0131na sal\u0131nd\u0131\u011f\u0131 \u00f6\u011frenildi.<\/p>\n","protected":false},"excerpt":{"rendered":"<p>Mersin&#8217;in Erdemli il\u00e7esinde bitkin d\u00fc\u015fen leylek gen\u00e7ler taraf\u0131ndan koruma alt\u0131na al\u0131narak bak\u0131m\u0131 yap\u0131ld\u0131, tekrar do\u011fal ortam\u0131na sal\u0131nd\u0131. Olay, il\u00e7eye ba\u011fl\u0131 K\u00f6sereli Mahallesi&#8217;nde ya\u015fand\u0131. Leyleklerden biri dire\u011fe konmak istedi\u011fi s\u0131rada yere d\u00fc\u015ft\u00fc. Bitkin oldu\u011fu g\u00f6zlemlenen leyle\u011fi kamelyaya alan gen\u00e7ler, su verip yard\u0131m etmeye \u00e7al\u0131\u015ft\u0131. Durumu Do\u011fa Koruma ve Milli Parklar \u015eubesi&#8217;ne bildiren gen\u00e7ler hayvan\u0131n koruma alt\u0131na [&hellip;]<\/p>\n","protected":false},"author":2,"featured_media":142752,"comment_status":"open","ping_status":"open","sticky":false,"template":"","format":"standard","meta":{"footnotes":""},"categories":[1],"tags":[],"class_list":["post-142751","post","type-post","status-publish","format-standard","has-post-thumbnail","hentry","category-gundem"],"views":57,"_links":{"self":[{"href":"https:\/\/mersingazetesi.com\/index.php\/wp-json\/wp\/v2\/posts\/142751","targetHints":{"allow":["GET"]}}],"collection":[{"href":"https:\/\/mersingazetesi.com\/index.php\/wp-json\/wp\/v2\/posts"}],"about":[{"href":"https:\/\/mersingazetesi.com\/index.php\/wp-json\/wp\/v2\/types\/post"}],"author":[{"embeddable":true,"href":"https:\/\/mersingazetesi.com\/index.php\/wp-json\/wp\/v2\/users\/2"}],"replies":[{"embeddable":true,"href":"https:\/\/mersingazetesi.com\/index.php\/wp-json\/wp\/v2\/comments?post=142751"}],"version-history":[{"count":1,"href":"https:\/\/mersingazetesi.com\/index.php\/wp-json\/wp\/v2\/posts\/142751\/revisions"}],"predecessor-version":[{"id":142753,"href":"https:\/\/mersingazetesi.com\/index.php\/wp-json\/wp\/v2\/posts\/142751\/revisions\/142753"}],"wp:featuredmedia":[{"embeddable":true,"href":"https:\/\/mersingazetesi.com\/index.php\/wp-json\/wp\/v2\/media\/142752"}],"wp:attachment":[{"href":"https:\/\/mersingazetesi.com\/index.php\/wp-json\/wp\/v2\/media?parent=142751"}],"wp:term":[{"taxonomy":"category","embeddable":true,"href":"https:\/\/mersingazetesi.com\/index.php\/wp-json\/wp\/v2\/categories?post=142751"},{"taxonomy":"post_tag","embeddable":true,"href":"https:\/\/mersingazetesi.com\/index.php\/wp-json\/wp\/v2\/tags?post=142751"}],"curies":[{"name":"wp","href":"https:\/\/api.w.org\/{rel}","templated":true}]}}