{"id":142748,"date":"2026-09-05T09:33:19","date_gmt":"2026-09-05T06:33:19","guid":{"rendered":"https:\/\/mersingazetesi.com\/?p=142748"},"modified":"2026-09-05T09:33:19","modified_gmt":"2026-09-05T06:33:19","slug":"kahramanmarastaki-okul-katliami-davasinda-ilk-durusma-tamamlandi-anne-tahliye-edildi","status":"publish","type":"post","link":"https:\/\/mersingazetesi.com\/index.php\/2026\/09\/05\/kahramanmarastaki-okul-katliami-davasinda-ilk-durusma-tamamlandi-anne-tahliye-edildi\/","title":{"rendered":"Kahramanmara\u015f&#8217;taki okul katliam\u0131 davas\u0131nda ilk duru\u015fma tamamland\u0131: Anne tahliye edildi"},"content":{"rendered":"<p>Kahramanmara\u015f&#8217;taki okul sald\u0131r\u0131s\u0131n\u0131n g\u00f6r\u00fclen ilk duru\u015fmas\u0131 tamamland\u0131. Anne P\u0131nar Peyman Mersinli&#8217;nin oy \u00e7oklu\u011fuyla tahliyesine, baba U\u011fur Mersinli&#8217;nin tutukluluk halinin devam\u0131na karar verilirken duru\u015fma 4 Aral\u0131k&#8217;a ertelendi.<br \/>\nKahramanmara\u015f&#8217;ta 9 \u00f6\u011frenci ve 1 \u00f6\u011fretmenin hayat\u0131n\u0131 kaybetti\u011fi okul sald\u0131r\u0131s\u0131yla ilgili davan\u0131n ilk duru\u015fmas\u0131 Kahramanmara\u015f 3&#8217;\u00fcnc\u00fc A\u011f\u0131r Ceza Mahkemesi&#8217;nde g\u00f6r\u00fcld\u00fc.<br \/>\nSald\u0131rgan \u0130sa Aras Mersinli&#8217;nin babas\u0131 U\u011fur Mersinli &#8216;Olas\u0131 kastla adam \u00f6ld\u00fcrme su\u00e7undan 10 kez m\u00fcebbet&#8217; ve &#8216;Olas\u0131 kastla yaralama&#8217; su\u00e7undan da 30 y\u0131la kadar, anne Peyman P\u0131nar Mersinli ise &#8216;Bilin\u00e7li taksirle birden fazla ki\u015finin \u00f6l\u00fcm\u00fcne ve yaralanmas\u0131na neden olma&#8217; su\u00e7undan 22,5 y\u0131la kadar hapis istemiyle yarg\u0131lan\u0131yor. Duru\u015fmaya tutuklu san\u0131klar U\u011fur Mersinli ve Peyman P\u0131nar Mersinli SEGB\u0130S arac\u0131l\u0131\u011f\u0131yla kat\u0131l\u0131rken hayat\u0131n\u0131 kaybeden \u00f6\u011frencilerin ve \u00f6\u011fretmenlerin yak\u0131nlar\u0131 ve avukatlar\u0131 salonda haz\u0131r bulundu.<br \/>\nSabah 09.00&#8217;da ba\u015flayan duru\u015fmada baba U\u011fur ve anne P\u0131nar Peyman Mersinli ile avukatlar\u0131n\u0131n savunmalar\u0131n\u0131n ard\u0131ndan hayat\u0131n\u0131 kaybedenlerin yak\u0131nlar\u0131 konu\u015ftu.<br \/>\nAdnan G\u00f6kt\u00fcrk Ye\u015fil&#8217;in (11) annesi Sonay Ye\u015fil, o\u011flunun bebeklik kunda\u011f\u0131yla duru\u015fmaya geldi. O\u011flunun hayat\u0131n\u0131 kaybetti\u011fi g\u00fcn \u00fczerinden \u00e7\u0131kan k\u0131yafetleri kunda\u011fa koydu\u011funu s\u00f6yleyerek, &#8220;O\u011flumun kabrine gidip konu\u015fuyoruz. O benim tek evlad\u0131md\u0131. Anne ve baban\u0131n en a\u011f\u0131r cezay\u0131 almas\u0131n\u0131 istiyorum, \u015fikayet\u00e7iyim&#8221; dedi.<br \/>\nBaba Abdullah Cevdet Ye\u015fil ise Mersinli \u00e7iftinden \u015fikayet\u00e7i olduklar\u0131n\u0131 ve sonuna kadar bu davay\u0131 takip edeceklerini s\u00f6yledi.<br \/>\n&#8220;K\u0131z\u0131m\u0131 \u00f6pt\u00fc\u011f\u00fcm aln\u0131ndan kur\u015fun \u00e7\u0131kt\u0131&#8221;<br \/>\nAlmina A\u011fao\u011flu&#8217;nun (11) babas\u0131 Ahmet Mira\u00e7 A\u011fao\u011flu ve annesi G\u00fclden ise ihmali olan herkesten \u015fikayet\u00e7i oldu\u011funu s\u00f6yledi. Anne G\u00fclden, &#8220;K\u0131z\u0131m\u0131n aln\u0131ndan \u00f6p\u00fcp okula yollad\u0131m ama o \u00f6pt\u00fc\u011f\u00fcm aln\u0131ndan kur\u015fun \u00e7\u0131kt\u0131&#8221; dedi.<br \/>\n&#8220;G\u00f6mle\u011fime annemin kan\u0131 bula\u015ft\u0131&#8221;<br \/>\n\u00d6\u011fretmen Ayla Kara&#8217;n\u0131n (56) avukat o\u011flu Furkan Kara, &#8220;Annem k\u00fc\u00e7\u00fck \u00e7ocuklar\u0131n savunmas\u0131z oldu\u011funu bildi\u011fi i\u00e7in onlara bir anne \u015fefkatiyle yakla\u015fm\u0131\u015ft\u0131r. Bu g\u00f6r\u00fclen davan\u0131n T\u00fcrkiye \u00e7ap\u0131nda emsal bir dava oldu\u011funu d\u00fc\u015f\u00fcn\u00fcyorum. T\u00fcrk tarihinde b\u00f6yle sald\u0131r\u0131 olmam\u0131\u015ft\u0131r. Olay g\u00fcn\u00fc biz haber ald\u0131\u011f\u0131m\u0131zda okula gittik. Benim o g\u00fcn \u00fcst\u00fcmde ilk kez giydi\u011fim g\u00f6mlek vard\u0131. G\u00f6mle\u011fime kan\u0131 bula\u015ft\u0131. O g\u00f6mle\u011fi dolab\u0131mda ast\u0131m ve e\u015fime de asla y\u0131kay\u0131p \u00fct\u00fclemeyeceksin dedim. San\u0131klardan sonuna kadar \u015fikayet\u00e7iyim&#8221; dedi.<br \/>\n&#8220;Benim yavrumun ba\u015f\u0131nda 4 kur\u015fun \u00e7\u0131kt\u0131&#8221;<br \/>\nFurkan Sancak Balal&#8217;\u0131n (11) annesi Tu\u011fba Benli, &#8220;Ben 7 y\u0131ld\u0131r 2 evlad\u0131m\u0131 tek ba\u015f\u0131ma pazar tezgahlar\u0131nda b\u00fcy\u00fctt\u00fcm. Benim yavrum okuyacakt\u0131, belki \u00e7ok g\u00fczel yerlere gelecekti. Benim yavrumun ba\u015f\u0131nda 4 kur\u015fun \u00e7\u0131kt\u0131, ben yavrumu tan\u0131yamad\u0131m. Onu kendi ellerimle y\u0131kad\u0131m ama tan\u0131yamad\u0131m. \u015eikayet\u00e7iyim, davam\u0131n arkas\u0131nday\u0131m&#8221; dedi.<br \/>\n&#8220;Benim evlad\u0131m 9 kur\u015fun ald\u0131&#8221;<br \/>\n\u015euranur Sevgi Kaz\u0131c\u0131&#8217;n\u0131n (11) annesi Ay\u015feg\u00fcl Kaz\u0131c\u0131 ise k\u0131z\u0131n\u0131n 9 kur\u015funla \u00f6ld\u00fcr\u00fcld\u00fc\u011f\u00fcn\u00fc anlatarak, &#8220;Benim evlad\u0131m 9 kur\u015fun ald\u0131. \u0130lk vurulan benim \u00e7ocu\u011fum, benim \u00e7ocu\u011fum kalkmak istemi\u015f ama bir daha s\u0131km\u0131\u015f. O kadar fazla ihmal var. Ben kad\u0131n halimle o \u00e7ocu\u011fu durdurabilirdim. Di\u011fer \u00e7ocuklar ke\u015fke \u00f6lmeseydi. Benim \u00e7ocu\u011fumun otopsi raporu a\u00e7\u0131kland\u0131 ve o\u011flum onu saklam\u0131\u015f, ben g\u00f6rmeyim diye&#8221; ifadelerini kulland\u0131.<br \/>\n&#8220;Polislik yapm\u0131\u015f bir baba su\u00e7lu evlad\u0131n\u0131 tan\u0131maz m\u0131?&#8221;<br \/>\nBayram Nabi \u015ei\u015fik&#8217;in (11) babas\u0131 \u0130smail \u015ei\u015fik ise \u0130sa Aras Mersinli&#8217;nin manifestosuna de\u011finerek, &#8220;D\u00fcn evlad\u0131m\u0131n do\u011fum g\u00fcn\u00fcyd\u00fc. Yakla\u015f\u0131k 5 y\u0131l s\u00fcren bir manifesto var. Bunun \u00e7ocuk taraf\u0131ndan haz\u0131rland\u0131\u011f\u0131na inanm\u0131yorum. Baban\u0131n katk\u0131s\u0131 oldu\u011funu d\u00fc\u015f\u00fcn\u00fcyorum. Ablas\u0131 diyor ki \u2018\u0130sa Aras psikolo\u011fa gitti\u011finde 2-3 g\u00fcn iyi hissediyor&#8217;. Anne ve baba bu \u00e7ocu\u011fu nas\u0131l b\u00f6yle yeti\u015ftirdiniz. Polislik yapm\u0131\u015f bir baba su\u00e7lu evlad\u0131n\u0131 tan\u0131maz m\u0131?&#8221; diye konu\u015ftu.<br \/>\n&#8220;Bu insanlar haysiyetsiz&#8221;<br \/>\nKerem Erdem G\u00fcng\u00f6r&#8217;\u00fcn (11) babas\u0131 Mustafa G\u00fcng\u00f6r, &#8220;Bu insanlar haysiyetsiz. 3 bin y\u0131ll\u0131k T\u00fcrk tarihimizde olmayan bir \u015fey siz ikinize nasip oldu. Normal bir insanken anormal bir insane d\u00f6nd\u00fck. Herkesin \u00e7ocu\u011fu var. Okullarda 1-2 \u00e7ocuk problemlidir, onlar\u0131n aileleri de problemli&#8221; ifadelerini kulland\u0131.<br \/>\n&#8220;Ke\u015fke kalbindeki siyah noktalar\u0131 tedavi ettirseydin&#8221;<br \/>\nYusuf Tar\u0131k G\u00fcl&#8217;\u00fcn (12) babas\u0131 Murat G\u00fcl,<br \/>\n&#8220;Evlad\u0131m\u0131 en \u00e7ok g\u00fcvendi\u011fim yer olan okula g\u00f6nderdim ve birka\u00e7 saat sonra onun tabutunu ald\u0131m. \u00c7ocu\u011funun y\u00fcz\u00fcndeki siyah noktalar\u0131 tedavi ettirmek i\u00e7in g\u00fczellik merkezine g\u00f6t\u00fcrece\u011fine kalbindeki siyah noktalar\u0131 tedavi ettirseydin. Ben, bu anne ve babada zerre kadar vicdan oldu\u011funa inanm\u0131yorum&#8221; dedi.<br \/>\nZeynep K\u0131l\u0131\u00e7&#8217;\u0131n (11) babas\u0131 Ahmet \u00d6zkan K\u0131l\u0131\u00e7 ise san\u0131klar\u0131n en a\u011f\u0131r cezay\u0131 almas\u0131n\u0131 istedi.<br \/>\nAnne Emine K\u0131l\u0131\u00e7 ise k\u0131z\u0131n\u0131n 4 kur\u015funla \u00f6ld\u00fcr\u00fcld\u00fc\u011f\u00fcn\u00fc, ayn\u0131 eylemlerin bir daha ya\u015fanmamas\u0131 i\u00e7in olay\u0131n t\u00fcm y\u00f6nleriyle ara\u015ft\u0131r\u0131lmas\u0131n\u0131 istedi.<br \/>\nHayat\u0131n\u0131 kaybedenlerin aileleri ve avukatlar\u0131n\u0131n konu\u015fmas\u0131n\u0131n ard\u0131ndan tan\u0131klarda konu\u015ftu.<br \/>\n&#8220;Baba, \u2018Otizm te\u015fhisi ald\u0131&#8217; diye s\u00f6yledi&#8221;<br \/>\nEmniyetin psikolo\u011fu Dilek \u00d6zakda\u011f ise &#8220;Te\u015fkilat mensuplar\u0131m\u0131za, e\u015f ve \u00e7ocuklar\u0131na psikolojik destek sa\u011flar\u0131z. 2025 y\u0131l\u0131 Eyl\u00fcl ay\u0131nda U\u011fur Mersinli m\u00fcd\u00fcr\u00fcm\u00fcz o\u011flunun s\u0131nav kayg\u0131s\u0131 nedeniyle ba\u015fvuru yapt\u0131. Bana geldi\u011finde, \u2018Bana k\u0131zacak m\u0131s\u0131n?&#8217; diye sordu. Bir s\u00fcre geldi ve sonras\u0131nda gelmemeye ba\u015flad\u0131. G\u00f6n\u00fcll\u00fc bir program oldu\u011fu i\u00e7in yapt\u0131r\u0131m\u0131 olmad\u0131. Aral\u0131k ay\u0131na kadar 5 kez g\u00f6r\u00fc\u015ft\u00fck. Nisan ay\u0131n\u0131n ilk haftas\u0131nda e\u015fimle y\u00fcr\u00fcy\u00fc\u015f yaparken U\u011fur Mersinli m\u00fcd\u00fcr\u00fcm\u00fc yolda g\u00f6rd\u00fcm ve \u2018Nas\u0131ls\u0131n\u0131z, Aras neden gelmiyor&#8217; diye sordum. Bana kendisi, \u2018Biz bir psikiyatriste gidiyoruz. Otizm te\u015fhisi ald\u0131k, Aras&#8217;ta ben de mutluyum dedi. Hatta ben otizmin hangi t\u00fcr\u00fc diye sorunca bir duraksad\u0131. Sonra yollar\u0131m\u0131z\u0131 ay\u0131rd\u0131k&#8221; dedi.<br \/>\n&#8220;Anne, o\u011flunun e\u015fcinsel arkada\u015flar\u0131 oldu\u011funu s\u00f6yledi&#8221;<br \/>\nPsikolojik Dan\u0131\u015fman H\u00fcseyin Gebe\u015f, &#8220;Ben 7 Mart&#8217;ta anne, baba ve \u00e7ocukla g\u00f6r\u00fc\u015fme yapt\u0131m. Daha sonra \u00e7ocu\u011fu g\u00f6r\u00fc\u015fmeye ald\u0131m. Teknoloji kullan\u0131m\u0131n\u0131n y\u00fcksek oldu\u011funu tespit ettim. Canl\u0131 oyun arkada\u015flar\u0131 oldu\u011funu bana s\u00f6yledi. Ben de bunu anne ve babas\u0131na s\u00f6yledim. Onlarda oyun \u00e7ok oynad\u0131\u011f\u0131n\u0131 s\u00f6ylediler. Dikkatli takip edilmesi gerekti\u011fini s\u00f6yledim. \u0130kinci g\u00f6r\u00fc\u015fmemizde taramalar yapt\u0131m ve halkla ili\u015fkilerinin zay\u0131f oldu\u011fu, okulu sevmedi\u011fini s\u00f6yledi. \u00dc\u00e7\u00fcnc\u00fc g\u00f6r\u00fc\u015fmeye geldi\u011finde \u00e7ok istekli de\u011fildi. Anne bana o\u011flunun e\u015fcinsel arkada\u015flar\u0131n\u0131n oldu\u011funu s\u00f6yledi. \u0130sa Aras&#8217;a bunu sordu\u011fumda inkar etmedi. Annesiyle bir g\u00f6r\u00fc\u015fme yapt\u0131m ve sonra ayr\u0131ld\u0131lar. Olay\u0131n ger\u00e7ekle\u015fti\u011fi g\u00fcne randevu olu\u015fturmu\u015flard\u0131. Ben \u00e7evreye bir sorun olu\u015fturaca\u011f\u0131n\u0131 hissetmedim&#8221; diye konu\u015ftu.<br \/>\n&#8220;Resmi kay\u0131tlara ge\u00e7ilip ge\u00e7meyece\u011fini sordu&#8221;<br \/>\nTan\u0131klardan Feyza Boz ise &#8220;P\u0131nar Peyman ile telefonda g\u00f6r\u00fc\u015ft\u00fcm ve bana bu g\u00f6r\u00fc\u015fmelerin resmi kay\u0131tlara ge\u00e7ilip ge\u00e7meyece\u011fini sordu. Ben de fatura istenilirse ge\u00e7ece\u011fini s\u00f6yledim&#8221; dedi.<br \/>\n&#8220;Aileyle 1 kere g\u00f6r\u00fc\u015ft\u00fcm&#8221;<br \/>\nTan\u0131klardan emniyetin psikologlar\u0131ndan Yunus G\u00f6kdemir, &#8220;Babas\u0131, o\u011flumun okulda arkada\u015f sorunlar\u0131 var diyerek ba\u015fvurdu. Kendisiyle yapt\u0131\u011f\u0131m g\u00f6r\u00fc\u015fmede, \u2018Arkada\u015flar\u0131m\u0131 cahil olarak g\u00f6r\u00fcyorum&#8217; dedi. Bana s\u0131k\u0131nt\u0131s\u0131 oldu\u011funu s\u00f6ylemek istedi ama s\u00f6yleyemedi. Ailesiyle ilgili sorular sorunca biraz t\u0131kand\u0131. 10-15 dakikal\u0131k bir g\u00f6r\u00fc\u015fmeydi. 1 kere g\u00f6r\u00fc\u015ft\u00fcm, ba\u015fka da aileyle g\u00f6r\u00fc\u015fmedim&#8221; diye konu\u015ftu.<br \/>\n&#8220;Eylemi yapan \u00e7ocu\u011fu g\u00f6r\u00fcnce silahla kendimi geri \u00e7ektim&#8221;<br \/>\nAyser \u00c7al\u0131k Ortaokulu Rehber \u00d6\u011fretmeni Ejder \u0130nce, &#8220;\u0130sa Aras Mersinli&#8217;yi 5.s\u0131n\u0131ftan itibaren tan\u0131yorum. 5. s\u0131n\u0131ftan itibaren 28&#8217;e yak\u0131n g\u00f6r\u00fc\u015fme yapt\u0131m. Bu g\u00f6r\u00fc\u015fmelerin 5-6 tanesi veli g\u00f6r\u00fc\u015fmesi. 6 ve 7. s\u0131n\u0131fta kimlik aray\u0131\u015f\u0131na y\u00f6nelik g\u00f6r\u00fc\u015fme yapt\u0131k. 5.s\u0131n\u0131fta a\u011flama krizleri vard\u0131. S\u0131n\u0131fta a\u011flama krizi ge\u00e7irip gelirdi, aileyi psikiyatriye gitmesi gerekti\u011fini s\u00f6ylemi\u015ftim. 6 ve 7.s\u0131n\u0131fta kimlik aray\u0131\u015f\u0131 vard\u0131 yine aileye s\u00f6ylemi\u015ftim. 8.s\u0131n\u0131fta \u00e7antayla bo\u011faz\u0131n\u0131 s\u0131km\u0131\u015ft\u0131. \u0130ntihar giri\u015fimi olarak alg\u0131lamad\u0131m. Kendisiyle de g\u00f6r\u00fc\u015ft\u00fcm s\u0131k\u0131ld\u0131\u011f\u0131 i\u00e7in yapt\u0131\u011f\u0131n\u0131 s\u00f6ylemi\u015fti.<br \/>\nBen babaya \u00e7ocu\u011fu teslim ettim ve annesine \u00e7ocu\u011fun psikolojik destek almas\u0131 gerekti\u011fini s\u00f6yledim. Aileyle bir\u00e7ok kez g\u00f6r\u00fc\u015ft\u00fcm. Ben g\u00f6r\u00fc\u015fmeyi yapt\u0131ktan sonra rehberlik sistemini a\u00e7ar ve giri\u015fi yapar\u0131m. Ge\u00e7mi\u015fe d\u00f6n\u00fck bir giri\u015f yapamam. 5 ve 6.s\u0131n\u0131flarda psikolojik destek al\u0131yoruz diye ailenin beyan\u0131 var. Mart ay\u0131nda bizim idaremiz de\u011fi\u015fti. Mart ay\u0131na kadarki idaremiz \u0130sa Aras&#8217;\u0131n durumunu biliyor. 4 y\u0131l boyunca kimseyle kavga etti\u011fini duymad\u0131m. Olay ba\u015flad\u0131\u011f\u0131 anda birisi okulu bast\u0131 diye d\u00fc\u015f\u00fcnd\u00fck. S\u0131n\u0131flar\u0131 kontrol etmeye ba\u015flad\u0131k. Birisi, \u2018Hocam trafo mu patl\u0131yor&#8217; diye s\u00f6yledi ben de hemen gittim \u015falteri kapatt\u0131m ama sonra yerde yatan bir \u00e7ocu\u011fumuzu g\u00f6rd\u00fcm. Eylemi yapan \u00e7ocu\u011fu g\u00f6r\u00fcnce kendimi geri \u00e7ektim&#8221; ifadelerini kulland\u0131.<br \/>\n&#8220;Hocam adli rapor a\u00e7m\u0131\u015fs\u0131n\u0131z ama ben de polis ba\u015fm\u00fcfetti\u015fiyim&#8221;<br \/>\nTan\u0131klardan Kahramanmara\u015f S\u00fct\u00e7\u00fc \u0130mam \u00dcniversitesi&#8217;nde g\u00f6revli acil servis doktoru Nur\u015fah Er\u00e7elebi Sa\u011fer, \u015funlar\u0131 s\u00f6yledi:<br \/>\n&#8220;\u0130fade ve beyanlar\u0131m aynen devam ediyor. N\u00f6bet\u00e7i arkada\u015ftan n\u00f6beti yeni devralm\u0131\u015ft\u0131m. Ayser \u00c7al\u0131k&#8217;tan bir ambulans geldi. Bilinci a\u00e7\u0131k, de\u011ferleri stabildi. \u00d6n muayenemi yapt\u0131m, n\u00f6rolojik tetkikleri do\u011fald\u0131. EKG \u00e7ekilirken ben de kabine girdim. Kolunun bir k\u0131sm\u0131nda \u00e7izik g\u00f6rd\u00fcm. Kendisine sordum ve kollar\u0131n\u0131n devam\u0131nda bolca \u00e7izik vard\u0131. D\u00fcn gece oldu\u011funu s\u00f6yleyip, kendisinin yapt\u0131\u011f\u0131n\u0131 s\u00f6yledi. Baz\u0131 zamanlarda \u00e7ok can\u0131n\u0131n s\u0131k\u0131ld\u0131\u011f\u0131n\u0131 ve \u00f6yle vakit ge\u00e7irdi\u011fini s\u00f6yledi. Bunun \u00fczerine hastan\u0131n geli\u015fini adli vaka olarak de\u011fi\u015ftirdik ve hastanenin \u00e7ocuk psikiyatri doktoruna durumu bildirdik. Babas\u0131 geldi ve \u2018Hocam adli rapor a\u00e7m\u0131\u015fs\u0131n\u0131z ama ben de polis ba\u015fm\u00fcfetti\u015fiyim&#8217; dedi. Bende g\u00f6revimi yapt\u0131\u011f\u0131m\u0131 s\u00f6yleyince can\u0131n\u0131z sa\u011f olsun deyip ayr\u0131ld\u0131, doktorlar ile g\u00f6r\u00fc\u015ft\u00fc. \u00c7ocuk psikiyatri doktoru d\u00fczenli olarak takip edilmesi gerekti\u011fini belirtti. Tetkikleri yapt\u0131k ve taburcu ettik.&#8221;<br \/>\nTan\u0131klar\u0131n dinlenmesinin ard\u0131ndan mahkeme heyeti anne P\u0131nar Peyman Mersinli&#8217;nin oy \u00e7oklu\u011fuyla tahliyesine baba U\u011fur Mersinli&#8217;nin ise tutukluluk halinin devam\u0131na karar vererek duru\u015fmay\u0131 4 Aral\u0131k&#8217;a erteledi.<\/p>\n","protected":false},"excerpt":{"rendered":"<p>Kahramanmara\u015f&#8217;taki okul sald\u0131r\u0131s\u0131n\u0131n g\u00f6r\u00fclen ilk duru\u015fmas\u0131 tamamland\u0131. Anne P\u0131nar Peyman Mersinli&#8217;nin oy \u00e7oklu\u011fuyla tahliyesine, baba U\u011fur Mersinli&#8217;nin tutukluluk halinin devam\u0131na karar verilirken duru\u015fma 4 Aral\u0131k&#8217;a ertelendi. Kahramanmara\u015f&#8217;ta 9 \u00f6\u011frenci ve 1 \u00f6\u011fretmenin hayat\u0131n\u0131 kaybetti\u011fi okul sald\u0131r\u0131s\u0131yla ilgili davan\u0131n ilk duru\u015fmas\u0131 Kahramanmara\u015f 3&#8217;\u00fcnc\u00fc A\u011f\u0131r Ceza Mahkemesi&#8217;nde g\u00f6r\u00fcld\u00fc. Sald\u0131rgan \u0130sa Aras Mersinli&#8217;nin babas\u0131 U\u011fur Mersinli &#8216;Olas\u0131 kastla [&hellip;]<\/p>\n","protected":false},"author":2,"featured_media":142749,"comment_status":"open","ping_status":"open","sticky":false,"template":"","format":"standard","meta":{"footnotes":""},"categories":[1],"tags":[],"class_list":["post-142748","post","type-post","status-publish","format-standard","has-post-thumbnail","hentry","category-gundem"],"views":52,"_links":{"self":[{"href":"https:\/\/mersingazetesi.com\/index.php\/wp-json\/wp\/v2\/posts\/142748","targetHints":{"allow":["GET"]}}],"collection":[{"href":"https:\/\/mersingazetesi.com\/index.php\/wp-json\/wp\/v2\/posts"}],"about":[{"href":"https:\/\/mersingazetesi.com\/index.php\/wp-json\/wp\/v2\/types\/post"}],"author":[{"embeddable":true,"href":"https:\/\/mersingazetesi.com\/index.php\/wp-json\/wp\/v2\/users\/2"}],"replies":[{"embeddable":true,"href":"https:\/\/mersingazetesi.com\/index.php\/wp-json\/wp\/v2\/comments?post=142748"}],"version-history":[{"count":1,"href":"https:\/\/mersingazetesi.com\/index.php\/wp-json\/wp\/v2\/posts\/142748\/revisions"}],"predecessor-version":[{"id":142750,"href":"https:\/\/mersingazetesi.com\/index.php\/wp-json\/wp\/v2\/posts\/142748\/revisions\/142750"}],"wp:featuredmedia":[{"embeddable":true,"href":"https:\/\/mersingazetesi.com\/index.php\/wp-json\/wp\/v2\/media\/142749"}],"wp:attachment":[{"href":"https:\/\/mersingazetesi.com\/index.php\/wp-json\/wp\/v2\/media?parent=142748"}],"wp:term":[{"taxonomy":"category","embeddable":true,"href":"https:\/\/mersingazetesi.com\/index.php\/wp-json\/wp\/v2\/categories?post=142748"},{"taxonomy":"post_tag","embeddable":true,"href":"https:\/\/mersingazetesi.com\/index.php\/wp-json\/wp\/v2\/tags?post=142748"}],"curies":[{"name":"wp","href":"https:\/\/api.w.org\/{rel}","templated":true}]}}