{"id":142733,"date":"2026-09-04T14:53:34","date_gmt":"2026-09-04T11:53:34","guid":{"rendered":"https:\/\/mersingazetesi.com\/?p=142733"},"modified":"2026-09-04T14:59:58","modified_gmt":"2026-09-04T11:59:58","slug":"refah-degil-sefalet-cogaliyor","status":"publish","type":"post","link":"https:\/\/mersingazetesi.com\/index.php\/2026\/09\/04\/refah-degil-sefalet-cogaliyor\/","title":{"rendered":"&#8220;REFAH DE\u011e\u0130L SEFALET \u00c7O\u011eALIYOR&#8221;"},"content":{"rendered":"<p>T\u00fcrkiye Emekliler Derne\u011fi, 2021 T\u00fcm Emekliler Sendikas\u0131, T\u00fcm Emekliler Derne\u011fi ve Atat\u00fcrk\u00e7\u00fc D\u00fc\u015f\u00fcnce Derne\u011fi Mersin \u015fubeleri, emeklilerin ekonomik sorunlar\u0131na dikkat \u00e7ekmek i\u00e7in Mersin \u00d6zg\u00fcr \u00c7ocuk Park\u0131\u2019nda ortak bas\u0131n a\u00e7\u0131klamas\u0131 yapt\u0131. A\u00e7\u0131klamay\u0131 2021 T\u00fcm Emekliler Sendikas\u0131 Mersin \u015eube Ba\u015fkan\u0131 H\u00fcseyin Kurt okudu.<\/p>\n<p>&nbsp;<\/p>\n<p>&#8220;17 M\u0130LYON EMEKL\u0130 YOKSULLUKLA KAR\u015eI KAR\u015eIYA&#8221;<\/p>\n<p>Kurt, T\u00fcrkiye\u2019de yakla\u015f\u0131k 17 milyon SGK\u2019l\u0131 emekli bulundu\u011funu, dul ve yetimlerle birlikte bu say\u0131n\u0131n daha da artt\u0131\u011f\u0131n\u0131 s\u00f6yledi. Temmuz ay\u0131nda T\u00dc\u0130K\u2019in enflasyon verilerine g\u00f6re yap\u0131lan art\u0131\u015f\u0131n yetersiz kald\u0131\u011f\u0131n\u0131 belirten Kurt, &#8220;Ger\u00e7ek enflasyonu yans\u0131tmayan bu m\u00fctevaz\u0131 art\u0131\u015f, emeklinin derin yoksullu\u011funa \u00e7are olmad\u0131&#8221; dedi.<\/p>\n<p>En d\u00fc\u015f\u00fck emekli ayl\u0131\u011f\u0131n\u0131n 23 bin 552 liraya \u00e7\u0131kar\u0131lmas\u0131na ra\u011fmen ortalama emekli ayl\u0131\u011f\u0131n\u0131n 27 bin liraya yak\u0131n oldu\u011funu vurgulayan Kurt, &#8220;Emeklilerin b\u00fcy\u00fck \u00e7o\u011funlu\u011fu 25-26 bin lira al\u0131yor. Yani refah de\u011fil sefalet \u00e7o\u011fal\u0131yor, yoksullukta en dibe do\u011fru bir y\u0131\u011f\u0131lma var&#8221; ifadelerini kulland\u0131.<\/p>\n<p>&#8220;BU D\u00dcZEN GAYR\u0130 \u0130NSAN\u0130&#8221;<\/p>\n<p>&#8220;Emeklinin oturacak evi yoksa ayl\u0131\u011f\u0131 kiraya yetmiyor. \u00c7ar\u015f\u0131ya pazara \u00e7\u0131kan emekli, en temel ihtiyac\u0131yla zar zor geri d\u00f6n\u00fcyor&#8221; diyen Kurt, &#8220;Emeklisini, dul ve yetimini, ya\u015fl\u0131s\u0131n\u0131 bu sefalete mecbur eden bir toplum d\u00fczeni gayri insanidir, adil de\u011fildir. Emekliler bunun hesab\u0131n\u0131 ilk demokratik se\u00e7imde sand\u0131kta soracak&#8221; diye konu\u015ftu.<\/p>\n<p>EKONOM\u0130 POL\u0130T\u0130KALARINA ELE\u015eT\u0130R\u0130<\/p>\n<p>Kurt, uygulanan ekonomi program\u0131n\u0131n emek\u00e7i ve emekliler i\u00e7in a\u011f\u0131r sonu\u00e7lar do\u011furdu\u011funu savundu. \u00d6zelle\u015ftirmeler, faiz, d\u00f6viz ve bor\u00e7 politikalar\u0131n\u0131n y\u00fck\u00fcn\u00fc halk\u0131n s\u0131rtlad\u0131\u011f\u0131n\u0131 belirten Kurt, asgari \u00fccrete temmuzda zam yap\u0131lmamas\u0131n\u0131 da ele\u015ftirdi. Ayr\u0131ca maden i\u015f\u00e7ilerinin eylemleri, \u00f6\u011fretmenlerin durumu ve \u00f6zelle\u015ftirmelere dikkat \u00e7ekti.<\/p>\n<p>10 MADDEL\u0130K TALEP L\u0130STES\u0130<\/p>\n<p>Emekli \u00f6rg\u00fctleri h\u00fck\u00fcmete \u015fu taleplerini s\u0131ralad\u0131:<\/p>\n<p>En d\u00fc\u015f\u00fck emekli, dul ve yetim ayl\u0131\u011f\u0131 en d\u00fc\u015f\u00fck memur maa\u015f\u0131na e\u015fitlensinAyl\u0131k ba\u011flama oran\u0131 yeniden %70\u2019e \u00e7\u0131kar\u0131ls\u0131n<\/p>\n<p>Emekli ayl\u0131klar\u0131 ger\u00e7ek enflasyon oranlar\u0131na g\u00f6re g\u00fcncellensin<\/p>\n<p>Emekli, dul ve yetimlere y\u0131lda 4 kez asgari \u00fccret d\u00fczeyinde ikramiye verilsin<\/p>\n<p>K\u00f6k maa\u015flara seyyanen zam yap\u0131ls\u0131nEmekli sendikalar\u0131na yasal stat\u00fc ve toplu s\u00f6zle\u015fme hakk\u0131 tan\u0131ns\u0131n<\/p>\n<p>Sa\u011fl\u0131k hizmetlerindeki emekli kesintileri kald\u0131r\u0131ls\u0131n<\/p>\n<p>Emeklilere \u015fehir i\u00e7i toplu ta\u015f\u0131mada \u00fccretsiz ula\u015f\u0131m hakk\u0131Temel g\u0131da ve enerjide vergi y\u00fck\u00fc azalt\u0131ls\u0131n<\/p>\n<p>Banka promosyonlar\u0131 g\u00fcncellensin ve konutsuz emeklilere TOK\u0130 + bar\u0131nma deste\u011fi sa\u011flans\u0131n<\/p>\n<p>Kurt a\u00e7\u0131klamas\u0131n\u0131, &#8220;\u00dclkemizi biz emek\u00e7iler kurduk. Toplumsal refahtan en b\u00fcy\u00fck pay\u0131 almak ana s\u00fct\u00fc kadar hakk\u0131m\u0131zd\u0131r&#8221; s\u00f6zleriyle tamamlad\u0131.<\/p>\n","protected":false},"excerpt":{"rendered":"<p>T\u00fcrkiye Emekliler Derne\u011fi, 2021 T\u00fcm Emekliler Sendikas\u0131, T\u00fcm Emekliler Derne\u011fi ve Atat\u00fcrk\u00e7\u00fc D\u00fc\u015f\u00fcnce Derne\u011fi Mersin \u015fubeleri, emeklilerin ekonomik sorunlar\u0131na dikkat \u00e7ekmek i\u00e7in Mersin \u00d6zg\u00fcr \u00c7ocuk Park\u0131\u2019nda ortak bas\u0131n a\u00e7\u0131klamas\u0131 yapt\u0131. A\u00e7\u0131klamay\u0131 2021 T\u00fcm Emekliler Sendikas\u0131 Mersin \u015eube Ba\u015fkan\u0131 H\u00fcseyin Kurt okudu. &nbsp; &#8220;17 M\u0130LYON EMEKL\u0130 YOKSULLUKLA KAR\u015eI KAR\u015eIYA&#8221; Kurt, T\u00fcrkiye\u2019de yakla\u015f\u0131k 17 milyon SGK\u2019l\u0131 emekli [&hellip;]<\/p>\n","protected":false},"author":2,"featured_media":142734,"comment_status":"open","ping_status":"open","sticky":false,"template":"","format":"standard","meta":{"footnotes":""},"categories":[1],"tags":[],"class_list":["post-142733","post","type-post","status-publish","format-standard","has-post-thumbnail","hentry","category-gundem"],"views":77,"_links":{"self":[{"href":"https:\/\/mersingazetesi.com\/index.php\/wp-json\/wp\/v2\/posts\/142733","targetHints":{"allow":["GET"]}}],"collection":[{"href":"https:\/\/mersingazetesi.com\/index.php\/wp-json\/wp\/v2\/posts"}],"about":[{"href":"https:\/\/mersingazetesi.com\/index.php\/wp-json\/wp\/v2\/types\/post"}],"author":[{"embeddable":true,"href":"https:\/\/mersingazetesi.com\/index.php\/wp-json\/wp\/v2\/users\/2"}],"replies":[{"embeddable":true,"href":"https:\/\/mersingazetesi.com\/index.php\/wp-json\/wp\/v2\/comments?post=142733"}],"version-history":[{"count":2,"href":"https:\/\/mersingazetesi.com\/index.php\/wp-json\/wp\/v2\/posts\/142733\/revisions"}],"predecessor-version":[{"id":142736,"href":"https:\/\/mersingazetesi.com\/index.php\/wp-json\/wp\/v2\/posts\/142733\/revisions\/142736"}],"wp:featuredmedia":[{"embeddable":true,"href":"https:\/\/mersingazetesi.com\/index.php\/wp-json\/wp\/v2\/media\/142734"}],"wp:attachment":[{"href":"https:\/\/mersingazetesi.com\/index.php\/wp-json\/wp\/v2\/media?parent=142733"}],"wp:term":[{"taxonomy":"category","embeddable":true,"href":"https:\/\/mersingazetesi.com\/index.php\/wp-json\/wp\/v2\/categories?post=142733"},{"taxonomy":"post_tag","embeddable":true,"href":"https:\/\/mersingazetesi.com\/index.php\/wp-json\/wp\/v2\/tags?post=142733"}],"curies":[{"name":"wp","href":"https:\/\/api.w.org\/{rel}","templated":true}]}}