{"id":142730,"date":"2026-09-04T14:43:07","date_gmt":"2026-09-04T11:43:07","guid":{"rendered":"https:\/\/mersingazetesi.com\/?p=142730"},"modified":"2026-09-04T14:43:07","modified_gmt":"2026-09-04T11:43:07","slug":"mersinde-denetimli-serbestlik-yukumlulerinden-6-okulda-bakim-ve-tadilat","status":"publish","type":"post","link":"https:\/\/mersingazetesi.com\/index.php\/2026\/09\/04\/mersinde-denetimli-serbestlik-yukumlulerinden-6-okulda-bakim-ve-tadilat\/","title":{"rendered":"Mersin&#8217;de denetimli serbestlik y\u00fck\u00fcml\u00fclerinden 6 okulda bak\u0131m ve tadilat"},"content":{"rendered":"<p><strong class=\"searchword\">Mersin<\/strong>&#8216;de denetimli serbestlik y\u00fck\u00fcml\u00fcleri, kamu yarar\u0131na \u00e7al\u0131\u015fma kapsam\u0131nda 6 okulda boya, bak\u0131m ve tadilat \u00e7al\u0131\u015fmas\u0131 ger\u00e7ekle\u015ftirdi.<br \/>\n<strong class=\"searchword\">Mersin<\/strong>\u00a0Cumhuriyet Ba\u015fsavc\u0131l\u0131\u011f\u0131 koordinesinde,\u00a0<strong class=\"searchword\">Mersin<\/strong>\u00a0Denetimli Serbestlik M\u00fcd\u00fcrl\u00fc\u011f\u00fc taraf\u0131ndan kamuya yararl\u0131 bir i\u015fte \u00fccretsiz \u00e7al\u0131\u015ft\u0131r\u0131lma y\u00fck\u00fcml\u00fcl\u00fc\u011f\u00fc kapsam\u0131nda okullar\u0131n ihtiya\u00e7lar\u0131na y\u00f6nelik \u00e7al\u0131\u015fmalar ger\u00e7ekle\u015ftirildi. \u00d6\u011frencilerin bulunmad\u0131\u011f\u0131 d\u00f6nemlerde Akdeniz il\u00e7esindeki 6 okulun s\u0131n\u0131f, koridor ve d\u0131\u015f cephelerinde bak\u0131m ve boya \u00e7al\u0131\u015fmalar\u0131 yap\u0131ld\u0131.<br \/>\n\u00c7al\u0131\u015fmalar kapsam\u0131nda Cengiz Topel \u0130lk ve Ortaokulu, Ahmet Mete I\u015f\u0131kara \u0130lkokulu, Mehmet Da\u011fl\u0131 \u0130mam Hatip Ortaokulu, Mine G\u00fcna\u015ft\u0131 Anadolu \u0130mam Hatip Lisesi, K\u00fcrk\u00e7\u00fc Abdulkadir Per\u015fembe Ortaokulu ve Ertu\u011frul Gazi Ortaokulunda boya kaz\u0131ma, al\u00e7\u0131pan, astar boya ve ya\u011fl\u0131 boya \u00e7al\u0131\u015fmalar\u0131 ger\u00e7ekle\u015ftirildi.<\/p>\n<p>&#8220;\u00d6\u011frencilerimizin daha iyi e\u011fitim ortamlar\u0131na kavu\u015fmas\u0131na katk\u0131 sa\u011fl\u0131yoruz&#8221;<br \/>\nY\u00fcr\u00fct\u00fclen \u00e7al\u0131\u015fmalar\u0131n hem e\u011fitim kurumlar\u0131n\u0131n fiziki \u015fartlar\u0131n\u0131n iyile\u015ftirilmesine hem de denetimli serbestlik y\u00fck\u00fcml\u00fclerinin topluma faydal\u0131 \u00e7al\u0131\u015fmalar i\u00e7erisinde yer almas\u0131na katk\u0131 sundu\u011funu belirten\u00a0<strong class=\"searchword\">Mersin<\/strong>\u00a0Cumhuriyet Ba\u015fsavc\u0131s\u0131 Yasin Emre, &#8220;Denetimli serbestlik uygulamas\u0131n\u0131 yaln\u0131zca bir y\u00fck\u00fcml\u00fcl\u00fc\u011f\u00fcn yerine getirilmesi olarak de\u011fil, ki\u015filerin topluma yeniden kazand\u0131r\u0131lmas\u0131na ve kamu yarar\u0131na katk\u0131 sunmalar\u0131na imkan sa\u011flayan \u00f6nemli bir s\u00fcre\u00e7 olarak de\u011ferlendiriyoruz. Bu kapsamda okullar\u0131m\u0131zda ger\u00e7ekle\u015ftirilen bak\u0131m, onar\u0131m ve boya \u00e7al\u0131\u015fmalar\u0131yla \u00f6\u011frencilerimizin daha iyi e\u011fitim ortamlar\u0131na kavu\u015fmas\u0131na katk\u0131 sa\u011flamaktan memnuniyet duyuyoruz&#8221; dedi.<br \/>\nKamu yarar\u0131na ger\u00e7ekle\u015ftirilen \u00e7al\u0131\u015fmalar\u0131n y\u00fck\u00fcml\u00fclerde sorumluluk bilincinin geli\u015ftirilmesine de katk\u0131 sa\u011flad\u0131\u011f\u0131n\u0131 ifade eden Emre, &#8220;E\u011fitim kurumlar\u0131m\u0131z\u0131n ihtiya\u00e7lar\u0131n\u0131n kar\u015f\u0131lanmas\u0131na y\u00f6nelik bu t\u00fcr \u00e7al\u0131\u015fmalar\u0131n \u00f6n\u00fcm\u00fczdeki s\u00fcre\u00e7te de devam etmesini \u00f6nemsiyoruz&#8221; ifadelerini kulland\u0131.<br \/>\n<strong class=\"searchword\">Mersin<\/strong>\u00a0Denetimli Serbestlik M\u00fcd\u00fcrl\u00fc\u011f\u00fc taraf\u0131ndan kamuya yararl\u0131 bir i\u015fte \u00fccretsiz \u00e7al\u0131\u015ft\u0131r\u0131lma y\u00fck\u00fcml\u00fcl\u00fc\u011f\u00fc kapsam\u0131nda okul ve kurumlar\u0131n ihtiya\u00e7lar\u0131 do\u011frultusunda boya, tadilat ve temizlik \u00e7al\u0131\u015fmalar\u0131n\u0131n s\u00fcrd\u00fcr\u00fcld\u00fc\u011f\u00fc bildirildi.<\/p>\n","protected":false},"excerpt":{"rendered":"<p>Mersin&#8216;de denetimli serbestlik y\u00fck\u00fcml\u00fcleri, kamu yarar\u0131na \u00e7al\u0131\u015fma kapsam\u0131nda 6 okulda boya, bak\u0131m ve tadilat \u00e7al\u0131\u015fmas\u0131 ger\u00e7ekle\u015ftirdi. Mersin\u00a0Cumhuriyet Ba\u015fsavc\u0131l\u0131\u011f\u0131 koordinesinde,\u00a0Mersin\u00a0Denetimli Serbestlik M\u00fcd\u00fcrl\u00fc\u011f\u00fc taraf\u0131ndan kamuya yararl\u0131 bir i\u015fte \u00fccretsiz \u00e7al\u0131\u015ft\u0131r\u0131lma y\u00fck\u00fcml\u00fcl\u00fc\u011f\u00fc kapsam\u0131nda okullar\u0131n ihtiya\u00e7lar\u0131na y\u00f6nelik \u00e7al\u0131\u015fmalar ger\u00e7ekle\u015ftirildi. \u00d6\u011frencilerin bulunmad\u0131\u011f\u0131 d\u00f6nemlerde Akdeniz il\u00e7esindeki 6 okulun s\u0131n\u0131f, koridor ve d\u0131\u015f cephelerinde bak\u0131m ve boya \u00e7al\u0131\u015fmalar\u0131 yap\u0131ld\u0131. \u00c7al\u0131\u015fmalar kapsam\u0131nda Cengiz [&hellip;]<\/p>\n","protected":false},"author":2,"featured_media":142731,"comment_status":"open","ping_status":"open","sticky":false,"template":"","format":"standard","meta":{"footnotes":""},"categories":[1],"tags":[],"class_list":["post-142730","post","type-post","status-publish","format-standard","has-post-thumbnail","hentry","category-gundem"],"views":68,"_links":{"self":[{"href":"https:\/\/mersingazetesi.com\/index.php\/wp-json\/wp\/v2\/posts\/142730","targetHints":{"allow":["GET"]}}],"collection":[{"href":"https:\/\/mersingazetesi.com\/index.php\/wp-json\/wp\/v2\/posts"}],"about":[{"href":"https:\/\/mersingazetesi.com\/index.php\/wp-json\/wp\/v2\/types\/post"}],"author":[{"embeddable":true,"href":"https:\/\/mersingazetesi.com\/index.php\/wp-json\/wp\/v2\/users\/2"}],"replies":[{"embeddable":true,"href":"https:\/\/mersingazetesi.com\/index.php\/wp-json\/wp\/v2\/comments?post=142730"}],"version-history":[{"count":1,"href":"https:\/\/mersingazetesi.com\/index.php\/wp-json\/wp\/v2\/posts\/142730\/revisions"}],"predecessor-version":[{"id":142732,"href":"https:\/\/mersingazetesi.com\/index.php\/wp-json\/wp\/v2\/posts\/142730\/revisions\/142732"}],"wp:featuredmedia":[{"embeddable":true,"href":"https:\/\/mersingazetesi.com\/index.php\/wp-json\/wp\/v2\/media\/142731"}],"wp:attachment":[{"href":"https:\/\/mersingazetesi.com\/index.php\/wp-json\/wp\/v2\/media?parent=142730"}],"wp:term":[{"taxonomy":"category","embeddable":true,"href":"https:\/\/mersingazetesi.com\/index.php\/wp-json\/wp\/v2\/categories?post=142730"},{"taxonomy":"post_tag","embeddable":true,"href":"https:\/\/mersingazetesi.com\/index.php\/wp-json\/wp\/v2\/tags?post=142730"}],"curies":[{"name":"wp","href":"https:\/\/api.w.org\/{rel}","templated":true}]}}