{"id":142726,"date":"2026-09-04T14:09:05","date_gmt":"2026-09-04T11:09:05","guid":{"rendered":"https:\/\/mersingazetesi.com\/?p=142726"},"modified":"2026-09-04T14:09:05","modified_gmt":"2026-09-04T11:09:05","slug":"cbk-mersinin-milli-gururlari-il-muduru-goksun-ozu-ziyaret-etti","status":"publish","type":"post","link":"https:\/\/mersingazetesi.com\/index.php\/2026\/09\/04\/cbk-mersinin-milli-gururlari-il-muduru-goksun-ozu-ziyaret-etti\/","title":{"rendered":"\u00c7BK Mersin\u2019in Milli Gururlar\u0131, \u0130l M\u00fcd\u00fcr\u00fc G\u00f6ksun \u00d6z\u2019\u00fc Ziyaret Etti"},"content":{"rendered":"<div class=\"x14z9mp xat24cr x1lziwak x1vvkbs xtlvy1s x126k92a\">\n<div dir=\"auto\">\u00c7BK Mersin Basketbol Kul\u00fcb\u00fc altyap\u0131 sporcular\u0131 Kadriye Duru \u00d6zek, Ay\u015fe Naz Harma ve Liva Nur Aksoy, Kurum Antren\u00f6r\u00fc Halil Demirbilek ve Altyap\u0131 Sorumlusu Kartal \u00d6nel, Mersin Gen\u00e7lik ve Spor \u0130l M\u00fcd\u00fcr\u00fc G\u00f6ksun \u00d6z\u2019\u00fc makam\u0131nda ziyaret etti.<\/div>\n<\/div>\n<div class=\"x14z9mp xat24cr x1lziwak x1vvkbs xtlvy1s x126k92a\">\n<div dir=\"auto\">Mersin&#8217;i\u00a0ve \u00fclkemizi ulusal ve uluslararas\u0131 organizasyonlarda ba\u015far\u0131yla temsil eden gen\u00e7 sporcular, kendilerine sunulan desteklerden dolay\u0131 \u0130l M\u00fcd\u00fcr\u00fc G\u00f6ksun \u00d6z\u2019e te\u015fekk\u00fcrlerini iletti.<\/div>\n<\/div>\n<div class=\"x14z9mp xat24cr x1lziwak x1vvkbs xtlvy1s x126k92a\">\n<div dir=\"auto\">Ziyarette gen\u00e7 sporcular\u0131n elde etti\u011fi ba\u015far\u0131lar ve milli tak\u0131m yolculuklar\u0131 \u00fczerine de\u011ferlendirmelerde bulunuldu.<\/div>\n<div dir=\"auto\"><\/div>\n<\/div>\n<div class=\"x14z9mp xat24cr x1lziwak x1vvkbs xtlvy1s x126k92a\">\n<div dir=\"auto\">Kadriye Duru \u00d6zek\u2019ten Avrupa\u2019da Tarihi Ba\u015far\u0131<\/div>\n<div dir=\"auto\"><\/div>\n<\/div>\n<div class=\"x14z9mp xat24cr x1lziwak x1vvkbs xtlvy1s x126k92a\">\n<div dir=\"auto\">Yetenek Taramas\u0131 Projesi kapsam\u0131nda ke\u015ffedilen Kadriye Duru \u00d6zek, yakla\u015f\u0131k 8 y\u0131ld\u0131r Mersin Gen\u00e7lik ve Spor \u0130l M\u00fcd\u00fcrl\u00fc\u011f\u00fc Kurum Antren\u00f6r\u00fc Halil Demirbilek taraf\u0131ndan \u00e7al\u0131\u015ft\u0131r\u0131l\u0131yor.<\/div>\n<\/div>\n<div class=\"x14z9mp xat24cr x1lziwak x1vvkbs xtlvy1s x126k92a\">\n<div dir=\"auto\">Gen\u00e7 ya\u015f\u0131na ra\u011fmen \u00f6nemli ba\u015far\u0131lara imza atan \u00d6zek, bu y\u0131l d\u00fczenlenen U16 Avrupa \u015eampiyonas\u0131\u2019nda asist rekoru k\u0131rarak Avrupa\u2019da bir ilke imza att\u0131. Elde etti\u011fi bu ba\u015far\u0131yla turnuvan\u0131n en dikkat \u00e7eken gen\u00e7 oyuncular\u0131 aras\u0131nda yer alan \u00d6zek, Mersin\u2019den yeti\u015fen sporcular\u0131n uluslararas\u0131 arenadaki ba\u015far\u0131s\u0131n\u0131n \u00f6nemli \u00f6rneklerinden biri oldu.<\/div>\n<div dir=\"auto\"><\/div>\n<\/div>\n<div class=\"x14z9mp xat24cr x1lziwak x1vvkbs xtlvy1s x126k92a\">\n<div dir=\"auto\">Ay\u015fe Naz Harma A Milli Tak\u0131m Kadrosunda<\/div>\n<div dir=\"auto\"><\/div>\n<\/div>\n<div class=\"x14z9mp xat24cr x1lziwak x1vvkbs xtlvy1s x126k92a\">\n<div dir=\"auto\">2007 do\u011fumlu Ay\u015fe Naz Harma, U20 kategorisinin yan\u0131 s\u0131ra bu sezon A Milli Tak\u0131m kadrosunda da yer alarak gen\u00e7 ya\u015f\u0131nda \u00f6nemli bir ba\u015far\u0131 elde etti. Yetenek ve altyap\u0131 \u00e7al\u0131\u015fmalar\u0131ndan milli tak\u0131m seviyesine uzanan yolculu\u011fuyla dikkat \u00e7eken Harma, Mersin basketbolunun gurur kaynaklar\u0131ndan biri oldu.<\/div>\n<\/div>\n<div class=\"x14z9mp xat24cr x1lziwak x1vvkbs xtlvy1s x126k92a\">\n<div dir=\"auto\">Liva Nur Aksoy ise U18 Avrupa \u015eampiyonas\u0131\u2019nda ay-y\u0131ld\u0131zl\u0131 formay\u0131 giyerek \u00fclkemizi ba\u015far\u0131yla temsil etti. Gen\u00e7 ya\u015f\u0131nda uluslararas\u0131 deneyim kazanan Aksoy, gelece\u011fin \u00f6nemli basketbolcular\u0131 aras\u0131nda g\u00f6steriliyor.<\/div>\n<div dir=\"auto\"><\/div>\n<\/div>\n<div class=\"x14z9mp xat24cr x1lziwak x1vvkbs xtlvy1s x126k92a\">\n<div dir=\"auto\">\u0130l M\u00fcd\u00fcr\u00fc G\u00f6ksun \u00d6z: \u201cAltyap\u0131dan Milli Tak\u0131ma Uzanan Ba\u015far\u0131 Hik\u00e2yeleri Bizleri Gururland\u0131r\u0131yor\u201d<\/div>\n<div dir=\"auto\"><\/div>\n<\/div>\n<div class=\"x14z9mp xat24cr x1lziwak x1vvkbs xtlvy1s x126k92a\">\n<div dir=\"auto\">Ziyaretten duydu\u011fu memnuniyeti dile getiren \u0130l M\u00fcd\u00fcr\u00fc G\u00f6ksun \u00d6z, Mersin\u2019den milli tak\u0131mlara y\u00fckselen gen\u00e7 sporcular\u0131n ba\u015far\u0131lar\u0131n\u0131n b\u00fcy\u00fck bir gurur kayna\u011f\u0131 oldu\u011funu belirtti.<\/div>\n<\/div>\n<div class=\"x14z9mp xat24cr x1lziwak x1vvkbs xtlvy1s x126k92a\">\n<div dir=\"auto\">\u0130l M\u00fcd\u00fcr\u00fc \u00d6z, \u201cYetenek taramalar\u0131m\u0131zla ke\u015ffetti\u011fimiz gen\u00e7lerimizin y\u0131llar i\u00e7erisinde geli\u015ferek milli tak\u0131m seviyesine y\u00fckseldi\u011fini ve \u00fclkemizi uluslararas\u0131 arenada temsil etti\u011fini g\u00f6rmek bizler i\u00e7in b\u00fcy\u00fck bir gurur. Kadriye Duru\u2019nun yetenek taramas\u0131ndan ke\u015ffedilerek 8 y\u0131l boyunca kurum antren\u00f6r\u00fcm\u00fcz Halil Demirbilek\u2019in eme\u011fiyle bug\u00fcn Avrupa\u2019da rekor k\u0131ran bir sporcu haline gelmesi, altyap\u0131ya yap\u0131lan yat\u0131r\u0131m\u0131n ne kadar de\u011ferli oldu\u011funu g\u00f6steriyor.\u201d dedi.<\/div>\n<\/div>\n<div class=\"x14z9mp xat24cr x1lziwak x1vvkbs xtlvy1s x126k92a\">\n<div dir=\"auto\">Ay\u015fe Naz Harma\u2019n\u0131n \u00e7ok gen\u00e7 ya\u015fta A Milli Tak\u0131m kadrosunda yer almas\u0131n\u0131n da ayr\u0131 bir gurur oldu\u011funu ifade eden \u00d6z, \u201cLiva Nur\u2019un U18 Avrupa \u015eampiyonas\u0131\u2019nda \u00fclkemizi temsil etmesi ve sporcular\u0131m\u0131z\u0131n elde etti\u011fi bu de\u011ferli ba\u015far\u0131lar, Mersin\u2019in basketboldaki potansiyelini ortaya koyuyor. Bu ba\u015far\u0131lar\u0131n arkas\u0131nda sporcular\u0131m\u0131z\u0131n azmi, ailelerinin deste\u011fi, antren\u00f6rlerimizin \u00f6zverisi ve kul\u00fcplerimizin katk\u0131s\u0131 var. Sporcular\u0131m\u0131z\u0131n yeti\u015fmesinde eme\u011fi bulunan herkesi tebrik ediyorum.\u201d ifadelerini kulland\u0131.<\/div>\n<\/div>\n<div class=\"x14z9mp xat24cr x1lziwak x1vvkbs xtlvy1s x126k92a\">\n<div dir=\"auto\">\u0130l M\u00fcd\u00fcr\u00fc G\u00f6ksun \u00d6z, Mersin\u2019den milli tak\u0131mlara daha fazla sporcu kazand\u0131rmak i\u00e7in altyap\u0131 \u00e7al\u0131\u015fmalar\u0131na ve kul\u00fcplere y\u00f6nelik desteklerin devam edece\u011fini belirterek, gen\u00e7 sporculara ba\u015far\u0131lar\u0131n\u0131n devam\u0131n\u0131 diledi<\/div>\n<\/div>\n","protected":false},"excerpt":{"rendered":"<p>\u00c7BK Mersin Basketbol Kul\u00fcb\u00fc altyap\u0131 sporcular\u0131 Kadriye Duru \u00d6zek, Ay\u015fe Naz Harma ve Liva Nur Aksoy, Kurum Antren\u00f6r\u00fc Halil Demirbilek ve Altyap\u0131 Sorumlusu Kartal \u00d6nel, Mersin Gen\u00e7lik ve Spor \u0130l M\u00fcd\u00fcr\u00fc G\u00f6ksun \u00d6z\u2019\u00fc makam\u0131nda ziyaret etti. Mersin&#8217;i\u00a0ve \u00fclkemizi ulusal ve uluslararas\u0131 organizasyonlarda ba\u015far\u0131yla temsil eden gen\u00e7 sporcular, kendilerine sunulan desteklerden dolay\u0131 \u0130l M\u00fcd\u00fcr\u00fc G\u00f6ksun \u00d6z\u2019e [&hellip;]<\/p>\n","protected":false},"author":2,"featured_media":142727,"comment_status":"open","ping_status":"open","sticky":false,"template":"","format":"standard","meta":{"footnotes":""},"categories":[6],"tags":[],"class_list":["post-142726","post","type-post","status-publish","format-standard","has-post-thumbnail","hentry","category-spor"],"views":66,"_links":{"self":[{"href":"https:\/\/mersingazetesi.com\/index.php\/wp-json\/wp\/v2\/posts\/142726","targetHints":{"allow":["GET"]}}],"collection":[{"href":"https:\/\/mersingazetesi.com\/index.php\/wp-json\/wp\/v2\/posts"}],"about":[{"href":"https:\/\/mersingazetesi.com\/index.php\/wp-json\/wp\/v2\/types\/post"}],"author":[{"embeddable":true,"href":"https:\/\/mersingazetesi.com\/index.php\/wp-json\/wp\/v2\/users\/2"}],"replies":[{"embeddable":true,"href":"https:\/\/mersingazetesi.com\/index.php\/wp-json\/wp\/v2\/comments?post=142726"}],"version-history":[{"count":2,"href":"https:\/\/mersingazetesi.com\/index.php\/wp-json\/wp\/v2\/posts\/142726\/revisions"}],"predecessor-version":[{"id":142729,"href":"https:\/\/mersingazetesi.com\/index.php\/wp-json\/wp\/v2\/posts\/142726\/revisions\/142729"}],"wp:featuredmedia":[{"embeddable":true,"href":"https:\/\/mersingazetesi.com\/index.php\/wp-json\/wp\/v2\/media\/142727"}],"wp:attachment":[{"href":"https:\/\/mersingazetesi.com\/index.php\/wp-json\/wp\/v2\/media?parent=142726"}],"wp:term":[{"taxonomy":"category","embeddable":true,"href":"https:\/\/mersingazetesi.com\/index.php\/wp-json\/wp\/v2\/categories?post=142726"},{"taxonomy":"post_tag","embeddable":true,"href":"https:\/\/mersingazetesi.com\/index.php\/wp-json\/wp\/v2\/tags?post=142726"}],"curies":[{"name":"wp","href":"https:\/\/api.w.org\/{rel}","templated":true}]}}