{"id":142720,"date":"2026-09-04T13:01:05","date_gmt":"2026-09-04T10:01:05","guid":{"rendered":"https:\/\/mersingazetesi.com\/?p=142720"},"modified":"2026-09-04T13:01:05","modified_gmt":"2026-09-04T10:01:05","slug":"bozyazida-okul-guvenlik-tedbirleri-degerlendirildi","status":"publish","type":"post","link":"https:\/\/mersingazetesi.com\/index.php\/2026\/09\/04\/bozyazida-okul-guvenlik-tedbirleri-degerlendirildi\/","title":{"rendered":"Bozyaz\u0131&#8217;da okul g\u00fcvenlik tedbirleri de\u011ferlendirildi"},"content":{"rendered":"<p>Mersin&#8217;in Bozyaz\u0131 il\u00e7esinde, e\u011fitim-\u00f6\u011fretim faaliyetlerinin huzur ve g\u00fcven i\u00e7erisinde s\u00fcrd\u00fcrebilmesi amac\u0131yla toplant\u0131 d\u00fczenlendi.<br \/>\nBozyaz\u0131 \u00d6\u011fretmenevinde Kaymakam Tuncay Topsakalo\u011flu ba\u015fkanl\u0131\u011f\u0131nda &#8220;Okul ve \u00c7evresi G\u00fcvenlik Tedbirleri Toplant\u0131s\u0131&#8221; ger\u00e7ekle\u015ftirildi. Toplant\u0131da, okul ve \u00e7evrelerinde \u00f6\u011frencilerin g\u00fcvenli\u011fini sa\u011flamak amac\u0131yla al\u0131nan tedbirler ele al\u0131nd\u0131. Okullar\u0131n giri\u015f ve \u00e7\u0131k\u0131\u015f saatlerinde trafik ve asayi\u015f g\u00fcvenli\u011finin sa\u011flanmas\u0131, okul \u00e7evrelerinde denetimlerin etkin \u015fekilde y\u00fcr\u00fct\u00fclmesi ve \u00f6\u011frencilerin g\u00fcvenli\u011fini tehdit edebilecek unsurlara kar\u015f\u0131 al\u0131nacak \u00f6nlemler de\u011ferlendirildi. Ayr\u0131ca kurumlar aras\u0131ndaki i\u015f birli\u011fi ve koordinasyonun g\u00fc\u00e7lendirilmesine y\u00f6nelik \u00e7al\u0131\u015fmalar g\u00f6r\u00fc\u015f\u00fcld\u00fc.<br \/>\nKaymakam Topsakalo\u011flu, \u00f6\u011frencilerin g\u00fcvenli ve sa\u011fl\u0131kl\u0131 bir e\u011fitim ortam\u0131nda yeti\u015fmesinin \u00f6ncelikli konular aras\u0131nda oldu\u011funu belirterek, al\u0131nan tedbirlerin titizlikle uygulanmas\u0131 ve okul \u00e7evrelerindeki g\u00fcvenlik \u00e7al\u0131\u015fmalar\u0131n\u0131n etkin \u015fekilde s\u00fcrd\u00fcr\u00fclmesi gerekti\u011fini ifade etti.<br \/>\nKar\u015f\u0131l\u0131kl\u0131 g\u00f6r\u00fc\u015f al\u0131\u015fveri\u015finin ard\u0131ndan sona eren toplant\u0131da Kaymakam\u0131 Topsakalo\u011flu&#8217;nun yan\u0131 s\u0131ra Belediye Ba\u015fkan Yard\u0131mc\u0131s\u0131 Halil M\u00fcft\u00fc, \u0130l\u00e7e Emniyet M\u00fcd\u00fcr Vekili Tu\u011fran \u00dclger, \u0130l\u00e7e Jandarma Komutan\u0131 Sedat Ahmet Y\u0131lmaz, Orman \u0130\u015fletme M\u00fcd\u00fcr\u00fc Fahri Uzlar, \u0130l\u00e7e Milli E\u011fitim M\u00fcd\u00fcr\u00fc Yusuf Batk\u0131 ve il\u00e7ede g\u00f6rev yapan okul m\u00fcd\u00fcrleri yer ald\u0131.<\/p>\n","protected":false},"excerpt":{"rendered":"<p>Mersin&#8217;in Bozyaz\u0131 il\u00e7esinde, e\u011fitim-\u00f6\u011fretim faaliyetlerinin huzur ve g\u00fcven i\u00e7erisinde s\u00fcrd\u00fcrebilmesi amac\u0131yla toplant\u0131 d\u00fczenlendi. Bozyaz\u0131 \u00d6\u011fretmenevinde Kaymakam Tuncay Topsakalo\u011flu ba\u015fkanl\u0131\u011f\u0131nda &#8220;Okul ve \u00c7evresi G\u00fcvenlik Tedbirleri Toplant\u0131s\u0131&#8221; ger\u00e7ekle\u015ftirildi. Toplant\u0131da, okul ve \u00e7evrelerinde \u00f6\u011frencilerin g\u00fcvenli\u011fini sa\u011flamak amac\u0131yla al\u0131nan tedbirler ele al\u0131nd\u0131. Okullar\u0131n giri\u015f ve \u00e7\u0131k\u0131\u015f saatlerinde trafik ve asayi\u015f g\u00fcvenli\u011finin sa\u011flanmas\u0131, okul \u00e7evrelerinde denetimlerin etkin \u015fekilde y\u00fcr\u00fct\u00fclmesi ve [&hellip;]<\/p>\n","protected":false},"author":2,"featured_media":142721,"comment_status":"open","ping_status":"open","sticky":false,"template":"","format":"standard","meta":{"footnotes":""},"categories":[1],"tags":[],"class_list":["post-142720","post","type-post","status-publish","format-standard","has-post-thumbnail","hentry","category-gundem"],"views":63,"_links":{"self":[{"href":"https:\/\/mersingazetesi.com\/index.php\/wp-json\/wp\/v2\/posts\/142720","targetHints":{"allow":["GET"]}}],"collection":[{"href":"https:\/\/mersingazetesi.com\/index.php\/wp-json\/wp\/v2\/posts"}],"about":[{"href":"https:\/\/mersingazetesi.com\/index.php\/wp-json\/wp\/v2\/types\/post"}],"author":[{"embeddable":true,"href":"https:\/\/mersingazetesi.com\/index.php\/wp-json\/wp\/v2\/users\/2"}],"replies":[{"embeddable":true,"href":"https:\/\/mersingazetesi.com\/index.php\/wp-json\/wp\/v2\/comments?post=142720"}],"version-history":[{"count":1,"href":"https:\/\/mersingazetesi.com\/index.php\/wp-json\/wp\/v2\/posts\/142720\/revisions"}],"predecessor-version":[{"id":142722,"href":"https:\/\/mersingazetesi.com\/index.php\/wp-json\/wp\/v2\/posts\/142720\/revisions\/142722"}],"wp:featuredmedia":[{"embeddable":true,"href":"https:\/\/mersingazetesi.com\/index.php\/wp-json\/wp\/v2\/media\/142721"}],"wp:attachment":[{"href":"https:\/\/mersingazetesi.com\/index.php\/wp-json\/wp\/v2\/media?parent=142720"}],"wp:term":[{"taxonomy":"category","embeddable":true,"href":"https:\/\/mersingazetesi.com\/index.php\/wp-json\/wp\/v2\/categories?post=142720"},{"taxonomy":"post_tag","embeddable":true,"href":"https:\/\/mersingazetesi.com\/index.php\/wp-json\/wp\/v2\/tags?post=142720"}],"curies":[{"name":"wp","href":"https:\/\/api.w.org\/{rel}","templated":true}]}}