{"id":142714,"date":"2026-09-04T12:59:14","date_gmt":"2026-09-04T09:59:14","guid":{"rendered":"https:\/\/mersingazetesi.com\/?p=142714"},"modified":"2026-09-04T12:59:14","modified_gmt":"2026-09-04T09:59:14","slug":"kktc-basbakani-ustel-girnedeki-gemi-faciasinda-can-kaybi-12ye-yukseldi","status":"publish","type":"post","link":"https:\/\/mersingazetesi.com\/index.php\/2026\/09\/04\/kktc-basbakani-ustel-girnedeki-gemi-faciasinda-can-kaybi-12ye-yukseldi\/","title":{"rendered":"KKTC Ba\u015fbakan\u0131 \u00dcstel: &#8220;Girne&#8217;deki gemi facias\u0131nda can kayb\u0131 12&#8217;ye y\u00fckseldi&#8221;"},"content":{"rendered":"<p>Kuzey K\u0131br\u0131s T\u00fcrk Cumhuriyeti (KKTC) Ba\u015fbakan\u0131 \u00dcnal \u00dcstel, Girne a\u00e7\u0131klar\u0131nda batan gemiye y\u00f6nelik \u00e7al\u0131\u015fmalarda 2 kad\u0131n\u0131n naa\u015f\u0131na ula\u015f\u0131ld\u0131\u011f\u0131n\u0131, faciada toplam can kayb\u0131n\u0131n 12&#8217;ye y\u00fckseldi\u011fini, kay\u0131p 16 ki\u015fiye ula\u015f\u0131lmas\u0131 i\u00e7in arama \u00e7al\u0131\u015fmalar\u0131n\u0131n s\u00fcrd\u00fc\u011f\u00fcn\u00fc a\u00e7\u0131klad\u0131. \u00dcstel, kazan\u0131n ara\u015ft\u0131r\u0131lmas\u0131 amac\u0131yla Cumhuriyet Meclisi&#8217;ne ara\u015ft\u0131rma \u00f6nergesi sunduklar\u0131n\u0131 bildirdi.<br \/>\nKKTC Ba\u015fbakan\u0131 \u00dcnal \u00dcstel, ge\u00e7ti\u011fimiz pazar g\u00fcn\u00fc Girne Liman\u0131&#8217;ndan Mersin Ta\u015fucu&#8217;na gitmek \u00fczere hareket ettikten sonra alabora olan gemiye ili\u015fkin y\u00fcr\u00fct\u00fclen arama \u00e7al\u0131\u015fmalar\u0131na dair a\u00e7\u0131klamalarda bulundu. Ba\u015fbakan \u00dcstel, pazar g\u00fcn\u00fcnden bu yana b\u00fcy\u00fck bir ac\u0131 ya\u015fand\u0131\u011f\u0131n\u0131 belirterek gemide bulunan vatanda\u015flara ula\u015f\u0131lmas\u0131 amac\u0131yla KKTC ve T\u00fcrkiye&#8217;nin t\u00fcm ilgili kurumlar\u0131n\u0131n arama-kurtarma \u00e7al\u0131\u015fmalar\u0131n\u0131 s\u00fcrd\u00fcrd\u00fc\u011f\u00fcn\u00fc s\u00f6yledi. Kazada ya\u015fam\u0131n\u0131 yitirenlerin ve kay\u0131p ki\u015filerin bulundu\u011funu ifade eden \u00dcstel, T\u00fcrkiye&#8217;ye ait arama-kurtarma gemisi TCG I\u015f\u0131n&#8217;\u0131n KKTC&#8217;ye ula\u015fmas\u0131n\u0131n ard\u0131ndan \u00e7al\u0131\u015fmalara ba\u015flad\u0131\u011f\u0131n\u0131 kaydetti. \u00dcstel, TCG I\u015f\u0131n&#8217;\u0131n ard\u0131ndan TCG Alemdar&#8217;\u0131n da b\u00f6lgeye geldi\u011fini belirterek geminin arama \u00e7al\u0131\u015fmalar\u0131n\u0131 7 g\u00fcn 24 saat esas\u0131na g\u00f6re aral\u0131ks\u0131z s\u00fcrd\u00fcrd\u00fc\u011f\u00fcn\u00fc ifade etti.<\/p>\n<p>&#8220;\u00c7al\u0131\u015fmalar robotik sistemlerle y\u00fcr\u00fct\u00fcl\u00fcyor&#8221;<br \/>\nArama \u00e7al\u0131\u015fmalar\u0131n\u0131n \u00e7ok zorlu \u015fartlar alt\u0131nda ger\u00e7ekle\u015ftirildi\u011fine dikkati \u00e7eken \u00dcstel, geminin 554 metre derinlikte bulundu\u011funu ve bu derinli\u011fe insanlar\u0131n inemedi\u011fini s\u00f6yledi. \u00c7al\u0131\u015fmalar\u0131n tamamen robotik sistemler arac\u0131l\u0131\u011f\u0131yla y\u00fcr\u00fct\u00fcld\u00fc\u011f\u00fcn\u00fc aktaran Ba\u015fbakan \u00dcstel, aramalar\u0131n ba\u015flamas\u0131n\u0131n ard\u0131ndan \u00f6nce 1 naa\u015fa, d\u00fcn ise 2&#8217;nci naa\u015fa ula\u015f\u0131ld\u0131\u011f\u0131n\u0131 belirtti.<\/p>\n<p>Y\u0131lmaz&#8217;\u0131n taziye ziyareti<br \/>\n\u00dcstel, Cumhurba\u015fkan\u0131 Yard\u0131mc\u0131s\u0131 Cevdet Y\u0131lmaz&#8217;\u0131n d\u00fcn KKTC&#8217;yi ziyaret etti\u011fini hat\u0131rlatarak Y\u0131lmaz&#8217;\u0131n hem ge\u00e7mi\u015f olsun dileklerini iletti\u011fini hem de Cumhurba\u015fkan\u0131 Recep Tayyip Erdo\u011fan&#8217;\u0131n s\u00fcreci yak\u0131ndan takip etti\u011fini ve taziye mesajlar\u0131n\u0131 iletti\u011fini s\u00f6yledi. Y\u0131lmaz&#8217;\u0131n ac\u0131l\u0131 ailelerle bir araya geldi\u011fini belirten \u00dcstel, ailelere arama-kurtarma \u00e7al\u0131\u015fmalar\u0131 hakk\u0131nda bilgi verildi\u011fini kaydetti.<\/p>\n<p>Faciada can kayb\u0131 12&#8217;ye y\u00fckseldi<br \/>\nHer sabah hem ailelere hem de bas\u0131na a\u00e7\u0131klamalarda bulunduklar\u0131n\u0131 ifade eden \u00dcstel, gece y\u00fcr\u00fct\u00fclen \u00e7al\u0131\u015fmalar\u0131n sonucunda 2 kad\u0131n\u0131n naa\u015f\u0131na daha ula\u015f\u0131ld\u0131\u011f\u0131n\u0131 belirterek, &#8220;B\u00f6ylece 554 metre derinlikten \u00e7\u0131kar\u0131lan naa\u015f say\u0131s\u0131 4&#8217;e y\u00fckseldi. Yani vefat edenlerin say\u0131s\u0131 12 oldu&#8221; ifadelerini kulland\u0131. Arama-kurtarma \u00e7al\u0131\u015fmalar\u0131n\u0131n devam etti\u011fini belirten \u00dcstel, kay\u0131p 16 ki\u015fiye daha ula\u015f\u0131lmas\u0131 i\u00e7in TCG Alemdar&#8217;\u0131n \u00e7al\u0131\u015fmalar\u0131n\u0131 s\u00fcrd\u00fcrd\u00fc\u011f\u00fcn\u00fc ifade etti.<br \/>\n\u00dcstel, T\u00fcrkiye Cumhuriyeti Deniz Kuvvetleri Komutan\u0131 Oramiral Erc\u00fcment Tatl\u0131o\u011flu&#8217;na, K\u0131br\u0131s T\u00fcrk Bar\u0131\u015f Kuvvetleri Komutan\u0131&#8217;na, G\u00fcvenlik Kuvvetleri Komutan\u0131&#8217;na, TCG Alemdar&#8217;da g\u00f6rev yapan askerlere ve \u00e7al\u0131\u015fmalara katk\u0131 koyan herkese te\u015fekk\u00fcr etti. Denizin 554 metre derinli\u011finde y\u00fcr\u00fct\u00fclen \u00e7al\u0131\u015fmalar\u0131n zorlu\u011funa dikkati \u00e7eken \u00dcstel, \u00e7al\u0131\u015fmalarda zamana ihtiya\u00e7 duyuldu\u011funu ailelerle de payla\u015ft\u0131\u011f\u0131n\u0131 s\u00f6yledi.<\/p>\n<p>&#8220;Sorumlular hukuk \u00f6n\u00fcnde hesap verecek&#8221;<br \/>\nArama \u00e7al\u0131\u015fmalar\u0131n\u0131n kay\u0131p ki\u015filere ula\u015f\u0131lana kadar devam edece\u011fini vurgulayan \u00dcstel, kazan\u0131n meydana gelmesinde ihmal veya ba\u015fka bir unsurun bulunup bulunmad\u0131\u011f\u0131n\u0131n ara\u015ft\u0131r\u0131laca\u011f\u0131n\u0131 kaydetti. \u00dcstel, kazan\u0131n ya\u015fanmas\u0131nda sorumlulu\u011fu bulunan ki\u015filerin, g\u00f6rev ve konumlar\u0131na bak\u0131lmaks\u0131z\u0131n hukuk kar\u015f\u0131s\u0131nda hesap verece\u011fini belirtti. Kazan\u0131n ara\u015ft\u0131r\u0131lmas\u0131 amac\u0131yla Cumhuriyet Meclisi&#8217;nde de \u00e7al\u0131\u015fma ba\u015flat\u0131laca\u011f\u0131n\u0131 a\u00e7\u0131klayan \u00dcstel, h\u00fck\u00fcmet olarak Meclis&#8217;e ara\u015ft\u0131rma \u00f6nergesi sunduklar\u0131n\u0131 bildirdi. \u00dcstel, &#8220;Bu konuda Cumhuriyet Meclisimizde bir ara\u015ft\u0131rma komitesi kurulmas\u0131 ve \u00e7al\u0131\u015fmalar\u0131n Cumhuriyet Meclisinde ba\u015flamas\u0131 i\u00e7in d\u00fcnden itibaren m\u00fcracaat\u0131m\u0131z\u0131 yapm\u0131\u015f bulunmaktay\u0131z&#8221; ifadelerini kulland\u0131.<br \/>\nBa\u015fbakan \u00dcstel, geli\u015fmelere ili\u015fkin ak\u015fam saatlerinde yeniden halka ve ailelere bilgi verece\u011fini kaydederek b\u00fct\u00fcn naa\u015flara tek tek ula\u015fmay\u0131 \u00fcmit ettiklerini s\u00f6yledi.<\/p>\n<p>&#8220;Kesin s\u00fcre veremiyoruz&#8221;<br \/>\nBas\u0131n mensuplar\u0131n\u0131n arama \u00e7al\u0131\u015fmalar\u0131n\u0131n ne zaman tamamlanaca\u011f\u0131na ili\u015fkin sorusunu yan\u0131tlayan \u00dcstel, umudun hi\u00e7bir zaman t\u00fckenmeyece\u011fini s\u00f6yledi. Deniz Kuvvetleri personelinin umutlar\u0131n ger\u00e7e\u011fe d\u00f6n\u00fc\u015fmesi i\u00e7in 7 g\u00fcn 24 saat \u00e7al\u0131\u015ft\u0131\u011f\u0131n\u0131 belirten \u00dcstel, \u00e7al\u0131\u015fmalar\u0131n ne zaman sonu\u00e7lanaca\u011f\u0131na ili\u015fkin kesin bir s\u00fcre verilemeyece\u011fini ifade etti. Konunun tamamen teknik oldu\u011funu dile getiren \u00dcstel, 554 metre derinlikte \u00e7ok zor \u015fartlarda y\u00fcr\u00fct\u00fclen bir \u00e7al\u0131\u015fmadan s\u00f6z edildi\u011fini vurgulad\u0131.<\/p>\n<p>Ula\u015f\u0131lan 2 naa\u015f\u0131n kimlik tespiti \u00e7al\u0131\u015fmalar\u0131 s\u00fcr\u00fcyor<br \/>\n\u00dcstel, ula\u015f\u0131lan 2 naa\u015f\u0131n kimlik tespitine ili\u015fkin bir geli\u015fme olup olmad\u0131\u011f\u0131 y\u00f6n\u00fcndeki soru \u00fczerine naa\u015flar\u0131n Dr. Burhan Nalbanto\u011flu Devlet Hastanesi&#8217;ne g\u00f6t\u00fcr\u00fcld\u00fc\u011f\u00fcn\u00fc a\u00e7\u0131klad\u0131. Kimlik tespitinin ard\u0131ndan ailelere bilgi verilece\u011fini belirten \u00dcstel, &#8220;Kimlik tespiti yap\u0131ld\u0131ktan sonra ailelerimize duyuraca\u011f\u0131z&#8221; dedi.<\/p>\n","protected":false},"excerpt":{"rendered":"<p>Kuzey K\u0131br\u0131s T\u00fcrk Cumhuriyeti (KKTC) Ba\u015fbakan\u0131 \u00dcnal \u00dcstel, Girne a\u00e7\u0131klar\u0131nda batan gemiye y\u00f6nelik \u00e7al\u0131\u015fmalarda 2 kad\u0131n\u0131n naa\u015f\u0131na ula\u015f\u0131ld\u0131\u011f\u0131n\u0131, faciada toplam can kayb\u0131n\u0131n 12&#8217;ye y\u00fckseldi\u011fini, kay\u0131p 16 ki\u015fiye ula\u015f\u0131lmas\u0131 i\u00e7in arama \u00e7al\u0131\u015fmalar\u0131n\u0131n s\u00fcrd\u00fc\u011f\u00fcn\u00fc a\u00e7\u0131klad\u0131. \u00dcstel, kazan\u0131n ara\u015ft\u0131r\u0131lmas\u0131 amac\u0131yla Cumhuriyet Meclisi&#8217;ne ara\u015ft\u0131rma \u00f6nergesi sunduklar\u0131n\u0131 bildirdi. KKTC Ba\u015fbakan\u0131 \u00dcnal \u00dcstel, ge\u00e7ti\u011fimiz pazar g\u00fcn\u00fc Girne Liman\u0131&#8217;ndan Mersin Ta\u015fucu&#8217;na gitmek [&hellip;]<\/p>\n","protected":false},"author":2,"featured_media":142715,"comment_status":"open","ping_status":"open","sticky":false,"template":"","format":"standard","meta":{"footnotes":""},"categories":[1],"tags":[],"class_list":["post-142714","post","type-post","status-publish","format-standard","has-post-thumbnail","hentry","category-gundem"],"views":63,"_links":{"self":[{"href":"https:\/\/mersingazetesi.com\/index.php\/wp-json\/wp\/v2\/posts\/142714","targetHints":{"allow":["GET"]}}],"collection":[{"href":"https:\/\/mersingazetesi.com\/index.php\/wp-json\/wp\/v2\/posts"}],"about":[{"href":"https:\/\/mersingazetesi.com\/index.php\/wp-json\/wp\/v2\/types\/post"}],"author":[{"embeddable":true,"href":"https:\/\/mersingazetesi.com\/index.php\/wp-json\/wp\/v2\/users\/2"}],"replies":[{"embeddable":true,"href":"https:\/\/mersingazetesi.com\/index.php\/wp-json\/wp\/v2\/comments?post=142714"}],"version-history":[{"count":1,"href":"https:\/\/mersingazetesi.com\/index.php\/wp-json\/wp\/v2\/posts\/142714\/revisions"}],"predecessor-version":[{"id":142716,"href":"https:\/\/mersingazetesi.com\/index.php\/wp-json\/wp\/v2\/posts\/142714\/revisions\/142716"}],"wp:featuredmedia":[{"embeddable":true,"href":"https:\/\/mersingazetesi.com\/index.php\/wp-json\/wp\/v2\/media\/142715"}],"wp:attachment":[{"href":"https:\/\/mersingazetesi.com\/index.php\/wp-json\/wp\/v2\/media?parent=142714"}],"wp:term":[{"taxonomy":"category","embeddable":true,"href":"https:\/\/mersingazetesi.com\/index.php\/wp-json\/wp\/v2\/categories?post=142714"},{"taxonomy":"post_tag","embeddable":true,"href":"https:\/\/mersingazetesi.com\/index.php\/wp-json\/wp\/v2\/tags?post=142714"}],"curies":[{"name":"wp","href":"https:\/\/api.w.org\/{rel}","templated":true}]}}