{"id":142703,"date":"2026-09-04T11:39:31","date_gmt":"2026-09-04T08:39:31","guid":{"rendered":"https:\/\/mersingazetesi.com\/?p=142703"},"modified":"2026-09-04T11:39:31","modified_gmt":"2026-09-04T08:39:31","slug":"milletvekili-kocamazdan-yeni-mersin-idmanyurduna-ziyaret-ve-500-bin-tl-destek","status":"publish","type":"post","link":"https:\/\/mersingazetesi.com\/index.php\/2026\/09\/04\/milletvekili-kocamazdan-yeni-mersin-idmanyurduna-ziyaret-ve-500-bin-tl-destek\/","title":{"rendered":"M\u0130LLETVEK\u0130L\u0130 KOCAMAZ&#8217;DAN YEN\u0130 MERS\u0130N \u0130DMANYURDU&#8217;NA Z\u0130YARET VE 500 B\u0130N TL DESTEK"},"content":{"rendered":"<p>Mersin Milletvekili Say\u0131n Burhanettin Kocamaz, Yeni Mersin \u0130dmanyurdu\u2019nu ziyaret etti.Ziyarette kul\u00fcb\u00fcn gelece\u011fine ili\u015fkin de\u011ferlendirmelerde bulunan Kocamaz, kentteki t\u00fcm kesimleri tak\u0131ma destek vermeye \u00e7a\u011f\u0131rd\u0131.<\/p>\n<p>\u201cBU KUL\u00dcP BU \u015eEHR\u0130N ORTAK DE\u011eER\u0130D\u0130R\u201d<\/p>\n<p>Say\u0131n Kocamaz a\u00e7\u0131klamas\u0131nda \u015fu ifadelere yer verdi:<br \/>\n\u201cHerkesi bu kul\u00fcbe destek vermeye, kul\u00fcb\u00fcm\u00fcz\u00fc hak etti\u011fi yere getirmeye davet ediyorum.\u201d<br \/>\nKocamaz, deste\u011fin yaln\u0131zca belirli ki\u015fi ve kurumlar\u0131n omuzlar\u0131na y\u00fcklenmemesi gerekti\u011fini de vurgulad\u0131.\u00a0Milletvekili Kocamaz, ziyaret kapsam\u0131nda kul\u00fcbe 500.000 TL ba\u011f\u0131\u015fta bulundu.Yeni Mersin \u0130dmanyurdu y\u00f6netimi, nazik ziyareti ve de\u011ferli katk\u0131lar\u0131 dolay\u0131s\u0131yla Say\u0131n Burhanettin Kocamaz\u2019a te\u015fekk\u00fcrlerini iletti.<\/p>\n<p>Kul\u00fcpten yap\u0131lan a\u00e7\u0131klamada, \u201cYeni Mersin \u0130dmanyurdu, Bu \u015eehrin Ortak De\u011feridir\u201d vurgusu yap\u0131ld\u0131.<\/p>\n","protected":false},"excerpt":{"rendered":"<p>Mersin Milletvekili Say\u0131n Burhanettin Kocamaz, Yeni Mersin \u0130dmanyurdu\u2019nu ziyaret etti.Ziyarette kul\u00fcb\u00fcn gelece\u011fine ili\u015fkin de\u011ferlendirmelerde bulunan Kocamaz, kentteki t\u00fcm kesimleri tak\u0131ma destek vermeye \u00e7a\u011f\u0131rd\u0131. \u201cBU KUL\u00dcP BU \u015eEHR\u0130N ORTAK DE\u011eER\u0130D\u0130R\u201d Say\u0131n Kocamaz a\u00e7\u0131klamas\u0131nda \u015fu ifadelere yer verdi: \u201cHerkesi bu kul\u00fcbe destek vermeye, kul\u00fcb\u00fcm\u00fcz\u00fc hak etti\u011fi yere getirmeye davet ediyorum.\u201d Kocamaz, deste\u011fin yaln\u0131zca belirli ki\u015fi ve kurumlar\u0131n [&hellip;]<\/p>\n","protected":false},"author":2,"featured_media":142704,"comment_status":"open","ping_status":"open","sticky":false,"template":"","format":"standard","meta":{"footnotes":""},"categories":[1],"tags":[],"class_list":["post-142703","post","type-post","status-publish","format-standard","has-post-thumbnail","hentry","category-gundem"],"views":66,"_links":{"self":[{"href":"https:\/\/mersingazetesi.com\/index.php\/wp-json\/wp\/v2\/posts\/142703","targetHints":{"allow":["GET"]}}],"collection":[{"href":"https:\/\/mersingazetesi.com\/index.php\/wp-json\/wp\/v2\/posts"}],"about":[{"href":"https:\/\/mersingazetesi.com\/index.php\/wp-json\/wp\/v2\/types\/post"}],"author":[{"embeddable":true,"href":"https:\/\/mersingazetesi.com\/index.php\/wp-json\/wp\/v2\/users\/2"}],"replies":[{"embeddable":true,"href":"https:\/\/mersingazetesi.com\/index.php\/wp-json\/wp\/v2\/comments?post=142703"}],"version-history":[{"count":2,"href":"https:\/\/mersingazetesi.com\/index.php\/wp-json\/wp\/v2\/posts\/142703\/revisions"}],"predecessor-version":[{"id":142706,"href":"https:\/\/mersingazetesi.com\/index.php\/wp-json\/wp\/v2\/posts\/142703\/revisions\/142706"}],"wp:featuredmedia":[{"embeddable":true,"href":"https:\/\/mersingazetesi.com\/index.php\/wp-json\/wp\/v2\/media\/142704"}],"wp:attachment":[{"href":"https:\/\/mersingazetesi.com\/index.php\/wp-json\/wp\/v2\/media?parent=142703"}],"wp:term":[{"taxonomy":"category","embeddable":true,"href":"https:\/\/mersingazetesi.com\/index.php\/wp-json\/wp\/v2\/categories?post=142703"},{"taxonomy":"post_tag","embeddable":true,"href":"https:\/\/mersingazetesi.com\/index.php\/wp-json\/wp\/v2\/tags?post=142703"}],"curies":[{"name":"wp","href":"https:\/\/api.w.org\/{rel}","templated":true}]}}