{"id":142698,"date":"2026-09-04T11:33:51","date_gmt":"2026-09-04T08:33:51","guid":{"rendered":"https:\/\/mersingazetesi.com\/?p=142698"},"modified":"2026-09-04T11:34:42","modified_gmt":"2026-09-04T08:34:42","slug":"mardin-osb-baskani-duyandan-mersin-osbye-ziyaret","status":"publish","type":"post","link":"https:\/\/mersingazetesi.com\/index.php\/2026\/09\/04\/mardin-osb-baskani-duyandan-mersin-osbye-ziyaret\/","title":{"rendered":"MARD\u0130N OSB BA\u015eKANI DUYAN\u2019DAN MERS\u0130N OSB\u2019YE Z\u0130YARET"},"content":{"rendered":"<p>Mardin Organize Sanayi B\u00f6lgesi Ba\u015fkan\u0131 Selahattin Duyan, Mersin OSB\u2019yi ziyaret etti. Ziyarette Duyan\u2019\u0131, Mersin OSB Ba\u015fkan\u0131 Sabri Tekli, Y\u00f6netim Kurulu \u00dcyeleri Seyfetullah I\u015f\u0131k, Mehmet Orgun, Hasan Y\u0131ld\u0131r\u0131m, Bedri Aky\u00fcz, Sn. Ali K\u0131ra\u00e7, B\u00f6lge M\u00fcd\u00fcr\u00fc Halil Y\u0131lmaz ve B\u00f6lge M\u00fcd\u00fcr Yard\u0131mc\u0131s\u0131 Hasan \u00c7ay kar\u015f\u0131lad\u0131.<\/p>\n<p>\u0130\u015e B\u0130RL\u0130\u011e\u0130 VE TECR\u00dcBE PAYLA\u015eIMI VURGUSU<\/p>\n<p>Ger\u00e7ekle\u015ftirilen g\u00f6r\u00fc\u015fmede Mersin OSB\u2019de hayata ge\u00e7irilen projeler, s\u00fcrd\u00fcr\u00fclen \u00e7al\u0131\u015fmalar ve gelece\u011fe y\u00f6nelik hedefler hakk\u0131nda kapsaml\u0131 bilgi payla\u015f\u0131m\u0131nda bulunuldu.<br \/>\nToplant\u0131da organize sanayi b\u00f6lgeleri aras\u0131ndaki i\u015f birli\u011finin g\u00fc\u00e7lendirilmesi ve tecr\u00fcbe payla\u015f\u0131m\u0131n\u0131n art\u0131r\u0131lmas\u0131na y\u00f6nelik de\u011ferlendirmeler yap\u0131ld\u0131.<\/p>\n<p>TES\u0130SLERDE \u0130NCELEME YAPILDI<\/p>\n<p>Ziyaret program\u0131 kapsam\u0131nda heyet, \u00d6zel Esra \u015eemsi G\u00fcnd\u00fcz Bak\u0131mevi ile Model Fabrika ve \u0130novasyon Merkezi\u2019nde incelemelerde bulundu. Yetkililerden y\u00fcr\u00fct\u00fclen faaliyetler hakk\u0131nda bilgi alan heyet, uygulamalar\u0131 yerinde g\u00f6rd\u00fc. Mersin OSB y\u00f6netimi, nazik ziyaretleri ve de\u011ferli g\u00f6r\u00fc\u015fleri i\u00e7in Mardin OSB Ba\u015fkan\u0131 Selahattin Duyan\u2019a te\u015fekk\u00fcr etti.<\/p>\n","protected":false},"excerpt":{"rendered":"<p>Mardin Organize Sanayi B\u00f6lgesi Ba\u015fkan\u0131 Selahattin Duyan, Mersin OSB\u2019yi ziyaret etti. Ziyarette Duyan\u2019\u0131, Mersin OSB Ba\u015fkan\u0131 Sabri Tekli, Y\u00f6netim Kurulu \u00dcyeleri Seyfetullah I\u015f\u0131k, Mehmet Orgun, Hasan Y\u0131ld\u0131r\u0131m, Bedri Aky\u00fcz, Sn. Ali K\u0131ra\u00e7, B\u00f6lge M\u00fcd\u00fcr\u00fc Halil Y\u0131lmaz ve B\u00f6lge M\u00fcd\u00fcr Yard\u0131mc\u0131s\u0131 Hasan \u00c7ay kar\u015f\u0131lad\u0131. \u0130\u015e B\u0130RL\u0130\u011e\u0130 VE TECR\u00dcBE PAYLA\u015eIMI VURGUSU Ger\u00e7ekle\u015ftirilen g\u00f6r\u00fc\u015fmede Mersin OSB\u2019de hayata ge\u00e7irilen [&hellip;]<\/p>\n","protected":false},"author":2,"featured_media":142702,"comment_status":"open","ping_status":"open","sticky":false,"template":"","format":"standard","meta":{"footnotes":""},"categories":[1],"tags":[],"class_list":["post-142698","post","type-post","status-publish","format-standard","has-post-thumbnail","hentry","category-gundem"],"views":64,"_links":{"self":[{"href":"https:\/\/mersingazetesi.com\/index.php\/wp-json\/wp\/v2\/posts\/142698","targetHints":{"allow":["GET"]}}],"collection":[{"href":"https:\/\/mersingazetesi.com\/index.php\/wp-json\/wp\/v2\/posts"}],"about":[{"href":"https:\/\/mersingazetesi.com\/index.php\/wp-json\/wp\/v2\/types\/post"}],"author":[{"embeddable":true,"href":"https:\/\/mersingazetesi.com\/index.php\/wp-json\/wp\/v2\/users\/2"}],"replies":[{"embeddable":true,"href":"https:\/\/mersingazetesi.com\/index.php\/wp-json\/wp\/v2\/comments?post=142698"}],"version-history":[{"count":2,"href":"https:\/\/mersingazetesi.com\/index.php\/wp-json\/wp\/v2\/posts\/142698\/revisions"}],"predecessor-version":[{"id":142701,"href":"https:\/\/mersingazetesi.com\/index.php\/wp-json\/wp\/v2\/posts\/142698\/revisions\/142701"}],"wp:featuredmedia":[{"embeddable":true,"href":"https:\/\/mersingazetesi.com\/index.php\/wp-json\/wp\/v2\/media\/142702"}],"wp:attachment":[{"href":"https:\/\/mersingazetesi.com\/index.php\/wp-json\/wp\/v2\/media?parent=142698"}],"wp:term":[{"taxonomy":"category","embeddable":true,"href":"https:\/\/mersingazetesi.com\/index.php\/wp-json\/wp\/v2\/categories?post=142698"},{"taxonomy":"post_tag","embeddable":true,"href":"https:\/\/mersingazetesi.com\/index.php\/wp-json\/wp\/v2\/tags?post=142698"}],"curies":[{"name":"wp","href":"https:\/\/api.w.org\/{rel}","templated":true}]}}