{"id":142690,"date":"2026-09-04T11:29:32","date_gmt":"2026-09-04T08:29:32","guid":{"rendered":"https:\/\/mersingazetesi.com\/?p=142690"},"modified":"2026-09-04T11:29:32","modified_gmt":"2026-09-04T08:29:32","slug":"yeni-mersin-idmanyurdundan-mersin-osbye-ziyaret","status":"publish","type":"post","link":"https:\/\/mersingazetesi.com\/index.php\/2026\/09\/04\/yeni-mersin-idmanyurdundan-mersin-osbye-ziyaret\/","title":{"rendered":"YEN\u0130 MERS\u0130N \u0130DMANYURDU\u2019NDAN MERS\u0130N OSB\u2019YE Z\u0130YARET"},"content":{"rendered":"<p>Yeni Mersin \u0130dmanyurdu Ba\u015fkan\u0131 Murat Alt\u0131ndere ve Y\u00f6netim Kurulu \u00dcyeleri, Mersin Organize Sanayi B\u00f6lgesi\u2019ni ziyaret etti.<\/p>\n<p>Ziyarette Alt\u0131ndere\u2019ye, Mersin OSB Ba\u015fkan\u0131 Sabri Tekli, Y\u00f6netim Kurulu \u00dcyesi Mehmet Atilla, B\u00f6lge M\u00fcd\u00fcr\u00fc Halil Y\u0131lmaz ve B\u00f6lge M\u00fcd\u00fcr Yard\u0131mc\u0131s\u0131 Hasan \u00c7ay e\u015flik etti.<\/p>\n<p>&nbsp;<\/p>\n<p>\u0130\u015e B\u0130RL\u0130\u011e\u0130 VE DAYANI\u015eMA VURGUSU<\/p>\n<p>G\u00f6r\u00fc\u015fmede sporun ve kentin ortak de\u011ferleri \u00fczerine fikir al\u0131\u015fveri\u015finde bulunuldu. Taraflar, Mersin\u2019in tan\u0131t\u0131m\u0131 ve geli\u015fimi i\u00e7in spor ile sanayinin i\u015f birli\u011fi ve dayan\u0131\u015fma i\u00e7inde hareket etmesinin \u00f6nemine dikkat.<br \/>\nZiyaret kapsam\u0131nda Ba\u015fkan Murat Alt\u0131ndere, Ba\u015fkan Sabri Tekli\u2019ye kul\u00fcp formas\u0131 takdim etti. Alt\u0131ndere, Mersin OSB\u2019nin Yeni Mersin \u0130dmanyurdu\u2019na verdi\u011fi desteklerden dolay\u0131 te\u015fekk\u00fcrlerini iletti.<\/p>\n","protected":false},"excerpt":{"rendered":"<p>Yeni Mersin \u0130dmanyurdu Ba\u015fkan\u0131 Murat Alt\u0131ndere ve Y\u00f6netim Kurulu \u00dcyeleri, Mersin Organize Sanayi B\u00f6lgesi\u2019ni ziyaret etti. Ziyarette Alt\u0131ndere\u2019ye, Mersin OSB Ba\u015fkan\u0131 Sabri Tekli, Y\u00f6netim Kurulu \u00dcyesi Mehmet Atilla, B\u00f6lge M\u00fcd\u00fcr\u00fc Halil Y\u0131lmaz ve B\u00f6lge M\u00fcd\u00fcr Yard\u0131mc\u0131s\u0131 Hasan \u00c7ay e\u015flik etti. &nbsp; \u0130\u015e B\u0130RL\u0130\u011e\u0130 VE DAYANI\u015eMA VURGUSU G\u00f6r\u00fc\u015fmede sporun ve kentin ortak de\u011ferleri \u00fczerine fikir al\u0131\u015fveri\u015finde [&hellip;]<\/p>\n","protected":false},"author":2,"featured_media":142691,"comment_status":"open","ping_status":"open","sticky":false,"template":"","format":"standard","meta":{"footnotes":""},"categories":[6],"tags":[],"class_list":["post-142690","post","type-post","status-publish","format-standard","has-post-thumbnail","hentry","category-spor"],"views":74,"_links":{"self":[{"href":"https:\/\/mersingazetesi.com\/index.php\/wp-json\/wp\/v2\/posts\/142690","targetHints":{"allow":["GET"]}}],"collection":[{"href":"https:\/\/mersingazetesi.com\/index.php\/wp-json\/wp\/v2\/posts"}],"about":[{"href":"https:\/\/mersingazetesi.com\/index.php\/wp-json\/wp\/v2\/types\/post"}],"author":[{"embeddable":true,"href":"https:\/\/mersingazetesi.com\/index.php\/wp-json\/wp\/v2\/users\/2"}],"replies":[{"embeddable":true,"href":"https:\/\/mersingazetesi.com\/index.php\/wp-json\/wp\/v2\/comments?post=142690"}],"version-history":[{"count":2,"href":"https:\/\/mersingazetesi.com\/index.php\/wp-json\/wp\/v2\/posts\/142690\/revisions"}],"predecessor-version":[{"id":142693,"href":"https:\/\/mersingazetesi.com\/index.php\/wp-json\/wp\/v2\/posts\/142690\/revisions\/142693"}],"wp:featuredmedia":[{"embeddable":true,"href":"https:\/\/mersingazetesi.com\/index.php\/wp-json\/wp\/v2\/media\/142691"}],"wp:attachment":[{"href":"https:\/\/mersingazetesi.com\/index.php\/wp-json\/wp\/v2\/media?parent=142690"}],"wp:term":[{"taxonomy":"category","embeddable":true,"href":"https:\/\/mersingazetesi.com\/index.php\/wp-json\/wp\/v2\/categories?post=142690"},{"taxonomy":"post_tag","embeddable":true,"href":"https:\/\/mersingazetesi.com\/index.php\/wp-json\/wp\/v2\/tags?post=142690"}],"curies":[{"name":"wp","href":"https:\/\/api.w.org\/{rel}","templated":true}]}}