{"id":142686,"date":"2026-09-04T11:23:47","date_gmt":"2026-09-04T08:23:47","guid":{"rendered":"https:\/\/mersingazetesi.com\/?p=142686"},"modified":"2026-09-04T11:23:47","modified_gmt":"2026-09-04T08:23:47","slug":"mersinde-iki-ayri-is-kazasi-1-olu-2-yarali","status":"publish","type":"post","link":"https:\/\/mersingazetesi.com\/index.php\/2026\/09\/04\/mersinde-iki-ayri-is-kazasi-1-olu-2-yarali\/","title":{"rendered":"Mersin&#8217;de iki ayr\u0131 i\u015f kazas\u0131: 1 \u00f6l\u00fc, 2 yaral\u0131"},"content":{"rendered":"<p>Mersin&#8217;in Tarsus il\u00e7esinde 2 ayr\u0131 in\u015faatta ya\u015fanan kazalarda 1 ki\u015fi hayat\u0131n\u0131 kaybetti, 2 ki\u015fi de yaraland\u0131.<br \/>\nAl\u0131nan bilgiye g\u00f6re, il\u00e7eye ba\u011fl\u0131 Atat\u00fcrk Mahallesi Atat\u00fcrk Caddesi \u00fczerindeki in\u015faatta \u00e7al\u0131\u015fan T.B. (48) ile M.B. (38) iskeleden d\u00fc\u015ft\u00fc. Mesai arkada\u015flar\u0131n\u0131n ihbar\u0131yla olay yerine sevk edilen ambulanslarla 2 i\u015f\u00e7i il\u00e7e devlet hastanesine kald\u0131r\u0131ld\u0131.<br \/>\nK\u0131rklars\u0131rt\u0131 Mahallesi 2673 Sokak&#8217;ta ya\u015fanan kazada da iddiaya g\u00f6re, in\u015faatta \u00e7al\u0131\u015fan Abd\u00fclkadir Polat (43), dengesini kaybederek a\u015fa\u011f\u0131 d\u00fc\u015ft\u00fc. Haber verilmesi \u00fczerine olay yerine sevk edilen ambulansla hastaneye kald\u0131r\u0131lan Polat, yap\u0131lan m\u00fcdahalelere ra\u011fmen kurtar\u0131lamad\u0131.<br \/>\nHer iki olayla ilgili soru\u015fturman\u0131n s\u00fcrd\u00fc\u011f\u00fc bildirildi.<\/p>\n","protected":false},"excerpt":{"rendered":"<p>Mersin&#8217;in Tarsus il\u00e7esinde 2 ayr\u0131 in\u015faatta ya\u015fanan kazalarda 1 ki\u015fi hayat\u0131n\u0131 kaybetti, 2 ki\u015fi de yaraland\u0131. Al\u0131nan bilgiye g\u00f6re, il\u00e7eye ba\u011fl\u0131 Atat\u00fcrk Mahallesi Atat\u00fcrk Caddesi \u00fczerindeki in\u015faatta \u00e7al\u0131\u015fan T.B. (48) ile M.B. (38) iskeleden d\u00fc\u015ft\u00fc. Mesai arkada\u015flar\u0131n\u0131n ihbar\u0131yla olay yerine sevk edilen ambulanslarla 2 i\u015f\u00e7i il\u00e7e devlet hastanesine kald\u0131r\u0131ld\u0131. K\u0131rklars\u0131rt\u0131 Mahallesi 2673 Sokak&#8217;ta ya\u015fanan kazada [&hellip;]<\/p>\n","protected":false},"author":2,"featured_media":142687,"comment_status":"open","ping_status":"open","sticky":false,"template":"","format":"standard","meta":{"footnotes":""},"categories":[1],"tags":[],"class_list":["post-142686","post","type-post","status-publish","format-standard","has-post-thumbnail","hentry","category-gundem"],"views":66,"_links":{"self":[{"href":"https:\/\/mersingazetesi.com\/index.php\/wp-json\/wp\/v2\/posts\/142686","targetHints":{"allow":["GET"]}}],"collection":[{"href":"https:\/\/mersingazetesi.com\/index.php\/wp-json\/wp\/v2\/posts"}],"about":[{"href":"https:\/\/mersingazetesi.com\/index.php\/wp-json\/wp\/v2\/types\/post"}],"author":[{"embeddable":true,"href":"https:\/\/mersingazetesi.com\/index.php\/wp-json\/wp\/v2\/users\/2"}],"replies":[{"embeddable":true,"href":"https:\/\/mersingazetesi.com\/index.php\/wp-json\/wp\/v2\/comments?post=142686"}],"version-history":[{"count":1,"href":"https:\/\/mersingazetesi.com\/index.php\/wp-json\/wp\/v2\/posts\/142686\/revisions"}],"predecessor-version":[{"id":142688,"href":"https:\/\/mersingazetesi.com\/index.php\/wp-json\/wp\/v2\/posts\/142686\/revisions\/142688"}],"wp:featuredmedia":[{"embeddable":true,"href":"https:\/\/mersingazetesi.com\/index.php\/wp-json\/wp\/v2\/media\/142687"}],"wp:attachment":[{"href":"https:\/\/mersingazetesi.com\/index.php\/wp-json\/wp\/v2\/media?parent=142686"}],"wp:term":[{"taxonomy":"category","embeddable":true,"href":"https:\/\/mersingazetesi.com\/index.php\/wp-json\/wp\/v2\/categories?post=142686"},{"taxonomy":"post_tag","embeddable":true,"href":"https:\/\/mersingazetesi.com\/index.php\/wp-json\/wp\/v2\/tags?post=142686"}],"curies":[{"name":"wp","href":"https:\/\/api.w.org\/{rel}","templated":true}]}}