{"id":142680,"date":"2026-09-04T11:22:45","date_gmt":"2026-09-04T08:22:45","guid":{"rendered":"https:\/\/mersingazetesi.com\/?p=142680"},"modified":"2026-09-04T11:22:45","modified_gmt":"2026-09-04T08:22:45","slug":"okul-saldirisi-davasi-basladi-saldirganinin-babasi-oglundan-hirsizlik-sucu-nedeniyle-sikayetci-oldu","status":"publish","type":"post","link":"https:\/\/mersingazetesi.com\/index.php\/2026\/09\/04\/okul-saldirisi-davasi-basladi-saldirganinin-babasi-oglundan-hirsizlik-sucu-nedeniyle-sikayetci-oldu\/","title":{"rendered":"Okul sald\u0131r\u0131s\u0131 davas\u0131 ba\u015flad\u0131: Sald\u0131rgan\u0131n\u0131n babas\u0131 o\u011flundan \u2018h\u0131rs\u0131zl\u0131k\u2019 su\u00e7u nedeniyle \u015fikayet\u00e7i oldu"},"content":{"rendered":"<p>Kahramanmara\u015f\u2019ta T\u00fcrkiye\u2019yi yasa bo\u011fan, 9 \u00f6\u011frenci ile 1 \u00f6\u011fretmenin hayat\u0131n\u0131 kaybetti\u011fi okul sald\u0131r\u0131s\u0131n\u0131n ilk duru\u015fmas\u0131 ger\u00e7ekle\u015fiyor. Davada yarg\u0131lanan sald\u0131rgan \u0130sa Aras Mersinli\u2019nin babas\u0131 U\u011fur Mersinli, duru\u015fmadaki savunmas\u0131nda, &#8220;Olay\u0131n b\u00fct\u00fcn riskinin taraf\u0131ma y\u00fcklenmesi yanl\u0131\u015ft\u0131r. Silahlar \u00e7al\u0131nm\u0131\u015ft\u0131r. O\u011flum hakk\u0131nda h\u0131rs\u0131zl\u0131k su\u00e7undan davac\u0131 ve \u015fikayet\u00e7iyim&#8221; dedi.<br \/>\nKahramanmara\u015f&#8217;ta 9 \u00f6\u011frenci ve 1 \u00f6\u011fretmenin hayat\u0131n\u0131 kaybetti\u011fi okul sald\u0131r\u0131s\u0131yla ilgili dava Kahramanmara\u015f 3. A\u011f\u0131r Ceza Mahkemesi\u2019nde g\u00f6r\u00fclmeye ba\u015fland\u0131.<br \/>\nDuru\u015fmada savunmas\u0131n\u0131 yapan sald\u0131rgan\u0131n babas\u0131 U\u011fur Mersinli, &#8220;\u00c7ocuk bu olayda kendisi bulmu\u015ftur. \u00c7ocu\u011fun bu olayda silahlara eri\u015fmesi ebeveyn kusuru g\u00f6stermez. Benden habersiz alm\u0131\u015ft\u0131r. Aras&#8217;\u0131n davran\u0131\u015f\u0131ndan benim kast\u0131m sonucu \u00e7\u0131kart\u0131lamaz. Aras&#8217;\u0131n okul sald\u0131r\u0131s\u0131n\u0131 yapaca\u011f\u0131n\u0131 kim biliyordu. Okul sald\u0131r\u0131s\u0131n\u0131 bilmiyordum, onunla ilgili e\u011fitim almad\u0131m. Olay\u0131n b\u00fct\u00fcn riskinin taraf\u0131ma y\u00fcklenmesi yanl\u0131\u015ft\u0131r. Silahlar \u00e7al\u0131nm\u0131\u015ft\u0131r. Yatak odalar\u0131, evlerde kap\u0131lar\u0131 kilitlenen yerlerdir. Silahlar arama s\u0131ras\u0131nda bulunmad\u0131, ben s\u00f6yledim. Yatak odas\u0131nda gardroptaki e\u015fyalar bana aittir. \u0130sa Aras Mersinli\u2019nin okul sald\u0131r\u0131s\u0131 yapaca\u011f\u0131n\u0131 g\u00f6r\u00fcp tahmin eden kamu g\u00f6revlilerinin bu bilgileri neden aileyle payla\u015fmad\u0131\u011f\u0131n\u0131 \u00f6\u011frenmek istiyorum. Adalet bir \u015feyi yerli yerine koymak demektir. \u0130sa Aras Mersinli, manifestosunu \u00f6nceden haz\u0131rlam\u0131\u015ft\u0131r ve onu poligona sevgim i\u00e7in g\u00f6t\u00fcrd\u00fcm, kand\u0131r\u0131ld\u0131\u011f\u0131m\u0131 hissediyorum&#8221; diye konu\u015ftu.<br \/>\nSan\u0131k Mersinli, ortada i\u015flenen bir su\u00e7 varsa ortada failin de oldu\u011funu s\u00f6yleyerek, &#8220;Fail \u0130sa Aras Mersinli\u2019dir ve ona kamu davas\u0131 a\u00e7\u0131lmam\u0131\u015ft\u0131r. \u0130ddia makam\u0131 anne ve babay\u0131 su\u00e7lamak i\u00e7in kamuoyu bask\u0131s\u0131yla ortaya kar\u0131\u015f\u0131k iddianame d\u00fczenlemi\u015ftir. Ben o\u011flum hakk\u0131nda h\u0131rs\u0131zl\u0131k su\u00e7undan davac\u0131 ve \u015fikayet\u00e7iyim&#8221; ifadelerini kulland\u0131.<br \/>\nDava san\u0131k baba U\u011fur Mersinli\u2019nin savunmas\u0131yla devam ediyor.<\/p>\n","protected":false},"excerpt":{"rendered":"<p>Kahramanmara\u015f\u2019ta T\u00fcrkiye\u2019yi yasa bo\u011fan, 9 \u00f6\u011frenci ile 1 \u00f6\u011fretmenin hayat\u0131n\u0131 kaybetti\u011fi okul sald\u0131r\u0131s\u0131n\u0131n ilk duru\u015fmas\u0131 ger\u00e7ekle\u015fiyor. Davada yarg\u0131lanan sald\u0131rgan \u0130sa Aras Mersinli\u2019nin babas\u0131 U\u011fur Mersinli, duru\u015fmadaki savunmas\u0131nda, &#8220;Olay\u0131n b\u00fct\u00fcn riskinin taraf\u0131ma y\u00fcklenmesi yanl\u0131\u015ft\u0131r. Silahlar \u00e7al\u0131nm\u0131\u015ft\u0131r. O\u011flum hakk\u0131nda h\u0131rs\u0131zl\u0131k su\u00e7undan davac\u0131 ve \u015fikayet\u00e7iyim&#8221; dedi. Kahramanmara\u015f&#8217;ta 9 \u00f6\u011frenci ve 1 \u00f6\u011fretmenin hayat\u0131n\u0131 kaybetti\u011fi okul sald\u0131r\u0131s\u0131yla ilgili dava [&hellip;]<\/p>\n","protected":false},"author":2,"featured_media":142681,"comment_status":"open","ping_status":"open","sticky":false,"template":"","format":"standard","meta":{"footnotes":""},"categories":[1],"tags":[],"class_list":["post-142680","post","type-post","status-publish","format-standard","has-post-thumbnail","hentry","category-gundem"],"views":70,"_links":{"self":[{"href":"https:\/\/mersingazetesi.com\/index.php\/wp-json\/wp\/v2\/posts\/142680","targetHints":{"allow":["GET"]}}],"collection":[{"href":"https:\/\/mersingazetesi.com\/index.php\/wp-json\/wp\/v2\/posts"}],"about":[{"href":"https:\/\/mersingazetesi.com\/index.php\/wp-json\/wp\/v2\/types\/post"}],"author":[{"embeddable":true,"href":"https:\/\/mersingazetesi.com\/index.php\/wp-json\/wp\/v2\/users\/2"}],"replies":[{"embeddable":true,"href":"https:\/\/mersingazetesi.com\/index.php\/wp-json\/wp\/v2\/comments?post=142680"}],"version-history":[{"count":1,"href":"https:\/\/mersingazetesi.com\/index.php\/wp-json\/wp\/v2\/posts\/142680\/revisions"}],"predecessor-version":[{"id":142682,"href":"https:\/\/mersingazetesi.com\/index.php\/wp-json\/wp\/v2\/posts\/142680\/revisions\/142682"}],"wp:featuredmedia":[{"embeddable":true,"href":"https:\/\/mersingazetesi.com\/index.php\/wp-json\/wp\/v2\/media\/142681"}],"wp:attachment":[{"href":"https:\/\/mersingazetesi.com\/index.php\/wp-json\/wp\/v2\/media?parent=142680"}],"wp:term":[{"taxonomy":"category","embeddable":true,"href":"https:\/\/mersingazetesi.com\/index.php\/wp-json\/wp\/v2\/categories?post=142680"},{"taxonomy":"post_tag","embeddable":true,"href":"https:\/\/mersingazetesi.com\/index.php\/wp-json\/wp\/v2\/tags?post=142680"}],"curies":[{"name":"wp","href":"https:\/\/api.w.org\/{rel}","templated":true}]}}