{"id":142677,"date":"2026-09-04T11:21:52","date_gmt":"2026-09-04T08:21:52","guid":{"rendered":"https:\/\/mersingazetesi.com\/?p=142677"},"modified":"2026-09-04T11:21:52","modified_gmt":"2026-09-04T08:21:52","slug":"batan-yuk-gemisinde-kaybolan-26-yasindaki-makinistin-ailesi-umutla-haber-bekliyor","status":"publish","type":"post","link":"https:\/\/mersingazetesi.com\/index.php\/2026\/09\/04\/batan-yuk-gemisinde-kaybolan-26-yasindaki-makinistin-ailesi-umutla-haber-bekliyor\/","title":{"rendered":"Batan y\u00fck gemisinde kaybolan 26 ya\u015f\u0131ndaki makinistin ailesi umutla haber bekliyor"},"content":{"rendered":"<p>\u0130stanbul Silivri a\u00e7\u0131klar\u0131nda tankerle \u00e7arp\u0131\u015ft\u0131ktan sonra batan kuru y\u00fck gemisinde kaybolan m\u00fcrettebattan 26 ya\u015f\u0131ndaki Eyy\u00fcp Enes Cesur&#8217;un Mersin&#8217;deki ailesi gelecek iyi haberi bekliyor. Baba S\u00fcleyman Cesur, o\u011fluyla kazadan \u00f6nceki ak\u015fam g\u00f6r\u00fcnt\u00fcl\u00fc g\u00f6r\u00fc\u015ft\u00fcklerini belirterek, &#8220;Ac\u0131m\u0131z b\u00fcy\u00fck. \u00d6l\u00fc ya da diri bulunmas\u0131n\u0131 istiyoruz. Diri olmasa en az\u0131ndan cenazemizi alal\u0131m. Biz yan\u0131yoruz, ate\u015f d\u00fc\u015ft\u00fc&#8221; dedi.<br \/>\nKocaeli&#8217;den Alia\u011fa&#8217;ya seyreden bo\u015f durumdaki ALSU tankeri ile \u0130skenderun&#8217;dan Karadeniz Ere\u011fli&#8217;ye 4 bin 199 ton rulo sac ta\u015f\u0131yan &#8216;Tu\u011fberk \u0130mamo\u011flu&#8217; isimli kuru y\u00fck gemisi, ge\u00e7ti\u011fimiz g\u00fcn saat 03.00 s\u0131ralar\u0131nda Silivri a\u00e7\u0131klar\u0131n\u0131n 18 mil (35 kilometre) g\u00fcneyinde \u00e7arp\u0131\u015ft\u0131. \u00c7arp\u0131\u015fman\u0131n ard\u0131ndan i\u00e7erisinde 10 m\u00fcrettebat\u0131n bulundu\u011fu Tu\u011fberk \u0130mamo\u011flu isimli gemi batt\u0131. Kay\u0131p m\u00fcrettebat\u0131 bulmak i\u00e7in ba\u015flat\u0131lan arama kurtarma \u00e7al\u0131\u015fmalar\u0131 s\u00fcrerken, gemide makine b\u00f6l\u00fcm\u00fcnde g\u00f6rev yapan 26 ya\u015f\u0131ndaki Eyy\u00fcp Enes Cesur&#8217;un Mersin&#8217;in Mezitli il\u00e7esi Demir\u0131\u015f\u0131k Mahallesi&#8217;nde ya\u015fayan ailesi de gelecek haberi bekliyor.<br \/>\nDenizcilik Meslek Lisesi&#8217;nden mezun olduktan sonra makinist olan ve yakla\u015f\u0131k 8 y\u0131ld\u0131r denizlerde \u00e7al\u0131\u015fan Cesur&#8217;un, 3 karde\u015fin en k\u00fc\u00e7\u00fc\u011f\u00fc ve bekar oldu\u011fu \u00f6\u011frenildi.<\/p>\n<p>&#8220;\u00d6l\u00fc ya da diri bulunmas\u0131n\u0131 istiyoruz&#8221;<br \/>\nO\u011flundan gelecek haberi bekleyen 64 ya\u015f\u0131ndaki baba S\u00fcleyman Cesur, &#8220;Ac\u0131m\u0131z b\u00fcy\u00fck. Kayb\u0131m\u0131z \u00e7ok b\u00fcy\u00fck. Kayb\u0131m\u0131z\u0131n bulunmas\u0131n\u0131 istiyoruz. Diri olmasa \u00f6l\u00fc, en az\u0131ndan cenazemizi alal\u0131m. Bizim ba\u015fka bir \u015feyimiz yok. Biz dertliyiz. Biz yan\u0131yoruz, ate\u015f d\u00fc\u015fm\u00fc\u015f, yan\u0131yoruz, tutu\u015fuyoruz. Elimizden bir \u015fey gelmiyor. Haber bekliyoruz. Hi\u00e7bir haber, geli\u015fme yok. Devletimizden biz bunu istiyoruz&#8221; diye konu\u015ftu.<\/p>\n<p>&#8220;Kazadan \u00f6nceki ak\u015fam g\u00f6r\u00fcnt\u00fcl\u00fc g\u00f6r\u00fc\u015ft\u00fck&#8221;<br \/>\nO\u011flunun gemide makinist olarak makine b\u00f6l\u00fcm\u00fcnde \u00e7al\u0131\u015ft\u0131\u011f\u0131n\u0131 anlatan Cesur, &#8220;Kaza sabah\u0131ndan \u00f6nceki ak\u015fam g\u00f6r\u00fcnt\u00fcl\u00fc g\u00f6r\u00fc\u015ft\u00fck. \u00c7ok iyiydi, g\u00fcler y\u00fczl\u00fcyd\u00fc, g\u00fcl\u00fcyordu. Bizimle ho\u015f sohbetler yapt\u0131. Yani i\u00e7imizde kald\u0131, maalesef yaral\u0131y\u0131z. Yaram\u0131z\u0131n kapanmas\u0131 m\u00fcmk\u00fcn de\u011fil ama en az\u0131ndan hafifletilmesi i\u00e7in kayb\u0131m\u0131z\u0131n bulunmas\u0131n\u0131 rica ediyoruz&#8221; \u015feklinde konu\u015ftu.<\/p>\n","protected":false},"excerpt":{"rendered":"<p>\u0130stanbul Silivri a\u00e7\u0131klar\u0131nda tankerle \u00e7arp\u0131\u015ft\u0131ktan sonra batan kuru y\u00fck gemisinde kaybolan m\u00fcrettebattan 26 ya\u015f\u0131ndaki Eyy\u00fcp Enes Cesur&#8217;un Mersin&#8217;deki ailesi gelecek iyi haberi bekliyor. Baba S\u00fcleyman Cesur, o\u011fluyla kazadan \u00f6nceki ak\u015fam g\u00f6r\u00fcnt\u00fcl\u00fc g\u00f6r\u00fc\u015ft\u00fcklerini belirterek, &#8220;Ac\u0131m\u0131z b\u00fcy\u00fck. \u00d6l\u00fc ya da diri bulunmas\u0131n\u0131 istiyoruz. Diri olmasa en az\u0131ndan cenazemizi alal\u0131m. Biz yan\u0131yoruz, ate\u015f d\u00fc\u015ft\u00fc&#8221; dedi. Kocaeli&#8217;den Alia\u011fa&#8217;ya seyreden [&hellip;]<\/p>\n","protected":false},"author":2,"featured_media":142678,"comment_status":"open","ping_status":"open","sticky":false,"template":"","format":"standard","meta":{"footnotes":""},"categories":[1],"tags":[],"class_list":["post-142677","post","type-post","status-publish","format-standard","has-post-thumbnail","hentry","category-gundem"],"views":60,"_links":{"self":[{"href":"https:\/\/mersingazetesi.com\/index.php\/wp-json\/wp\/v2\/posts\/142677","targetHints":{"allow":["GET"]}}],"collection":[{"href":"https:\/\/mersingazetesi.com\/index.php\/wp-json\/wp\/v2\/posts"}],"about":[{"href":"https:\/\/mersingazetesi.com\/index.php\/wp-json\/wp\/v2\/types\/post"}],"author":[{"embeddable":true,"href":"https:\/\/mersingazetesi.com\/index.php\/wp-json\/wp\/v2\/users\/2"}],"replies":[{"embeddable":true,"href":"https:\/\/mersingazetesi.com\/index.php\/wp-json\/wp\/v2\/comments?post=142677"}],"version-history":[{"count":1,"href":"https:\/\/mersingazetesi.com\/index.php\/wp-json\/wp\/v2\/posts\/142677\/revisions"}],"predecessor-version":[{"id":142679,"href":"https:\/\/mersingazetesi.com\/index.php\/wp-json\/wp\/v2\/posts\/142677\/revisions\/142679"}],"wp:featuredmedia":[{"embeddable":true,"href":"https:\/\/mersingazetesi.com\/index.php\/wp-json\/wp\/v2\/media\/142678"}],"wp:attachment":[{"href":"https:\/\/mersingazetesi.com\/index.php\/wp-json\/wp\/v2\/media?parent=142677"}],"wp:term":[{"taxonomy":"category","embeddable":true,"href":"https:\/\/mersingazetesi.com\/index.php\/wp-json\/wp\/v2\/categories?post=142677"},{"taxonomy":"post_tag","embeddable":true,"href":"https:\/\/mersingazetesi.com\/index.php\/wp-json\/wp\/v2\/tags?post=142677"}],"curies":[{"name":"wp","href":"https:\/\/api.w.org\/{rel}","templated":true}]}}