{"id":142674,"date":"2026-09-04T11:19:48","date_gmt":"2026-09-04T08:19:48","guid":{"rendered":"https:\/\/mersingazetesi.com\/?p=142674"},"modified":"2026-09-04T11:19:48","modified_gmt":"2026-09-04T08:19:48","slug":"cocuklarin-hayal-dunyasi-sanatseverlerle-bulustu","status":"publish","type":"post","link":"https:\/\/mersingazetesi.com\/index.php\/2026\/09\/04\/cocuklarin-hayal-dunyasi-sanatseverlerle-bulustu\/","title":{"rendered":"\u00c7OCUKLARIN HAYAL D\u00dcNYASI SANATSEVERLERLE BULU\u015eTU"},"content":{"rendered":"<p>\u00c7ocuklar\u0131 k\u00fclt\u00fcr, sanat ve sporla erken ya\u015fta tan\u0131\u015ft\u0131ran Mersin B\u00fcy\u00fck\u015fehir Belediyesi; Mezitli, Toroslar, Huzurkent ve Silifke&#8217;de a\u00e7t\u0131\u011f\u0131 \u00c7ocuk Kamp\u00fcsleri ile binlerce \u00e7ocu\u011fun hayallerinin ilk ad\u0131m\u0131nda yan\u0131nda oluyor. Kamp\u00fcslerde yer alan at\u00f6lyeler ile \u00e7ocuklar\u0131n sevdikleri alanlarda kendilerini geli\u015ftirmelerine destek sunan Kad\u0131n ve Aile Hizmetleri Dairesi Ba\u015fkanl\u0131\u011f\u0131, at\u00f6lyelere gelen minik sanat\u00e7\u0131lar\u0131n eserlerini \u0130\u00e7el Sanat Kul\u00fcb\u00fc&#8217;nde sergiledi.<\/p>\n<p>&nbsp;<\/p>\n<p>\u00c7ocuklar\u0131n sosyal, duyusal, bili\u015fsel ve motor becerilerini geli\u015ftirmeye y\u00f6nelik faaliyetlerin y\u00fcr\u00fct\u00fcld\u00fc\u011f\u00fc kamp\u00fcslerden yararlanan minik sanat\u00e7\u0131lar\u0131n eserleri,\u00a0<strong><em>&#8216;Minik Ellerden Reng\u00e2renk Hayaller&#8217;<\/em><\/strong>\u00a0isimli sergide sanatseverlere sunuldu. Miniklerin hayallerinin hayat buldu\u011fu sergide; dokuma, oyuncak ve resimler sergilendi. Her ya\u015ftan ziyaret\u00e7i taraf\u0131ndan hayranl\u0131kla gezilen sergide \u00e7ocuklar ilk defa bir sergide eser sunman\u0131n heyecan\u0131n\u0131 ya\u015fad\u0131. Aileler \u00e7ocuklar\u0131 ile gurur duyarken, kentin sanat camias\u0131 ise \u00e7ocuklar\u0131n sanat konusunda erken ya\u015fta desteklenmesinden duyduklar\u0131 memnuniyeti ifade etti.<\/p>\n<p>&nbsp;<\/p>\n<p><strong>\u00d6zt\u00fcrk: &#8220;\u00c7ocuklar hayal d\u00fcnyalar\u0131n\u0131 s\u00fcsleyen \u00f6zg\u00fcn \u00e7al\u0131\u015fmalarla bu g\u00fczel sergiyi yapt\u0131lar&#8221;<\/strong><\/p>\n<p>Sanata ve sanat\u00e7\u0131ya her zaman de\u011fer veren T\u00fcrkiye Belediyeler Birli\u011fi (TBB) ve Mersin B\u00fcy\u00fck\u015fehir Belediye Ba\u015fkan\u0131 Vahap Se\u00e7er&#8217;in selamlar\u0131n\u0131 minik sanat\u00e7\u0131lara ileten Aile ve \u00c7ocuk \u015eube M\u00fcd\u00fcr\u00fc \u00d6zay \u00d6zt\u00fcrk,\u00a0<strong>&#8220;Sergimize katk\u0131 sunan miniklerimize hayal d\u00fcnyalar\u0131n\u0131 s\u00fcsledikleri bu resimleri yapt\u0131klar\u0131ndan dolay\u0131 te\u015fekk\u00fcr ediyorum. Toroslar, Mezitli, Huzurkent ve Silifke&#8217;deki Resim Hobi At\u00f6lyesi&#8217;nin de\u011ferli \u00f6\u011fretmenlerine te\u015fekk\u00fcr ederim. \u00c7ocuklar hem dokuma sanat\u0131 hem geri d\u00f6n\u00fc\u015f\u00fcmden yapt\u0131klar\u0131 \u00fcr\u00fcnler hem de hayal d\u00fcnyalar\u0131n\u0131 s\u00fcsleyen \u00f6zg\u00fcn \u00e7al\u0131\u015fmalarla de\u011fi\u015fik materyallerle bu g\u00fczel sergiyi \u00e7\u0131kartt\u0131lar. Herkese sonsuz te\u015fekk\u00fcr ediyorum. \u0130\u00e7el Sanat Kul\u00fcb\u00fc&#8217;yle daha nice sergilere diyorum&#8221;<\/strong>\u00a0diyerek, emek veren herkese te\u015fekk\u00fcr etti.<\/p>\n<p>&nbsp;<\/p>\n<p><strong>G\u00f6k: &#8220;Mersin k\u00fclt\u00fcr ve sanatta T\u00fcrkiye&#8217;nin \u00f6nde gelen kentlerinden birisi&#8221;<\/strong><\/p>\n<p>Daha \u00f6ncede \u0130\u00e7el Sanat Kul\u00fcb\u00fc&#8217;nde sergi yap\u0131ld\u0131\u011f\u0131n\u0131 ve \u00e7ok keyifli ge\u00e7ti\u011fini s\u00f6yleyen \u0130\u00e7el Sanat Kul\u00fcb\u00fc Ba\u015fkan\u0131 Ali G\u00f6k,\u00a0<strong>&#8220;Bu \u00e7ok de\u011ferli bir \u00e7al\u0131\u015fma, \u00fclkemizde ve kentimizde \u00f6rnek bir \u00e7al\u0131\u015fma. Mersin k\u00fclt\u00fcr sanatta T\u00fcrkiye&#8217;nin en \u00f6nde gelen kentlerinden biri. Bu \u00e7al\u0131\u015fmalar sayesinde daha da ilerleyecek. Kul\u00fcb\u00fcm\u00fcz 37 y\u0131ldan bu yana sanat\u0131n her dal\u0131nda, ayn\u0131 \u00e7ocuk kamp\u00fcslerinde oldu\u011fu gibi, 7&#8217;den 77&#8217;ye herkese e\u011fitimler veriyor. Konferanslar d\u00fczenliyor, paneller, sergiler, kitap s\u00f6yle\u015fileri, imzalar gibi etkinlikler yap\u0131yoruz. Bizim i\u00e7in bu \u00e7ok de\u011ferli bir \u00e7al\u0131\u015fma, bunun devam\u0131n\u0131 diliyorum&#8221;<\/strong>\u00a0s\u00f6zlerine yer verdi.<\/p>\n<p>&nbsp;<\/p>\n<p>\u00c7ocuk Kamp\u00fcs\u00fc&#8217;ne gelen 5-14 ya\u015f aras\u0131 \u00e7ocuklar\u0131n emeklerinin sergi ile ta\u00e7land\u0131r\u0131ld\u0131\u011f\u0131n\u0131 s\u00f6yleyen Mezitli \u00c7ocuk Kamp\u00fcs\u00fc&#8217;nde g\u00f6revli resim \u00f6\u011fretmeni Ebru D\u00fc\u015f\u00fcnsel, at\u00f6lyede d\u00f6nem boyu e\u011flenceli ve kaliteli zamanlar ge\u00e7irdiklerini ve sonucunda da memnun olduklar\u0131n\u0131 s\u00f6yledi. \u00c7ocuklar\u0131n \u00e7ok gururlu oldu\u011funu s\u00f6yleyen D\u00fc\u015f\u00fcnsel,\u00a0<strong>&#8220;Ben de \u00e7ok mutlu ve \u00e7ok gururluyum. Onlar her konu\u015ftu\u011funda t\u00fcylerim diken diken oluyor. Yeni kurlar\u0131m\u0131z eyl\u00fcl ay\u0131 ortas\u0131 gibi ba\u015flayacak ve d\u00f6nem boyunca da devam edecek. B\u00fct\u00fcn \u00e7ocuklar\u0131 bekliyoruz&#8221;<\/strong>\u00a0diye konu\u015ftu.<\/p>\n<p>&nbsp;<\/p>\n<p><strong>K\u0131ran: &#8220;\u00c7ok e\u011flenceli ve dolu dolu bir yaz oldu bizim i\u00e7in&#8221;<\/strong><\/p>\n<p>\u00c7ocuklar\u0131 Toroslar \u00c7ocuk Kamp\u00fcs\u00fc&#8217;ne giden Makbule K\u0131ran,\u00a0<strong>&#8220;\u00c7ocuklar\u0131m hemen hemen b\u00fct\u00fcn at\u00f6lyelere kat\u0131ld\u0131. \u00c7ok e\u011flenceli ve dolu dolu bir yaz oldu bizim i\u00e7in. Sergide de \u00e7ocu\u011fumun eseri var, b\u00fcy\u00fck gurur duyuyorum. Bu tad\u0131 ald\u0131ktan sonra bu do\u011frultuda e\u011fitimine devam edecektir. Biz veli olarak \u00e7ocuklar\u0131m\u0131z\u0131 zaten destekliyoruz. Bu imk\u00e2n\u0131n bize sunulmu\u015f olmas\u0131 da \u00e7ok b\u00fcy\u00fck hizmet&#8221;<\/strong>\u00a0diyerek, \u00e7al\u0131\u015fmalar\u0131n daha da art\u0131r\u0131lmas\u0131n\u0131 temenni etti.<\/p>\n<p>&nbsp;<\/p>\n<p><strong>Aslanl\u0131: &#8220;Engelliler i\u00e7in sanat daha kapsay\u0131c\u0131 ve eri\u015filebilir olmal\u0131&#8221;<\/strong><\/p>\n<p>Kad\u0131n ve Aile Hizmetleri Dairesi Ba\u015fkan\u0131 \u015eerife Haso\u011flu Dokucu e\u015fli\u011finde sergiyi gezme \u015fans\u0131 yakalayan Kad\u0131n ve Aile Hizmetleri Dairesi personeli y\u00fczde 90 g\u00f6rme engelli Zehra Aslanl\u0131,\u00a0<strong>&#8220;Deneyimlemek benim i\u00e7in gurur vericiydi. \u00c7\u00fcnk\u00fc \u00e7e\u015fitli malzemelerin bir araya gelerek nas\u0131l bir sanat eserine d\u00f6n\u00fc\u015ft\u00fc\u011f\u00fcn\u00fc burada deneyimlemi\u015f oldum. Bu beni \u00e7ok mutlu eden bir \u015fey oldu&#8221;\u00a0<\/strong>dedi. Sanat\u0131n her zaman daha kapsay\u0131c\u0131 ve eri\u015filebilir olmas\u0131 gerekti\u011fini s\u00f6yleyen Aslanl\u0131,\u00a0<strong>&#8220;Bu tarz yerlerde bulunmak bizi hem \u015fah\u0131s olarak hem de bir personel olarak \u00e7ok mutlu etti. Buradan \u00e7e\u015fitli engel gruplar\u0131na sahip t\u00fcm \u00e7ocuklara da \u00e7a\u011fr\u0131 yapmak istiyorum; burada e\u011fitimcilerimizin onlara seve seve ortam olu\u015fturacaklar\u0131n\u0131 d\u00fc\u015f\u00fcn\u00fcyorum, onlar\u0131 da bekliyoruz&#8221;<\/strong>\u00a0ifadelerini kulland\u0131.<\/p>\n<p>&nbsp;<\/p>\n<p>Eseri sergilenen Alona Dolgoba,\u00a0<strong>&#8220;\u0130lk defa resim sergisine eserimi verdim. Resimim sergilendi, \u00e7ok gururluyum&#8221;<\/strong>\u00a0diyerek, \u00f6\u011fretmenlerine te\u015fekk\u00fcr etti.<\/p>\n","protected":false},"excerpt":{"rendered":"<p>\u00c7ocuklar\u0131 k\u00fclt\u00fcr, sanat ve sporla erken ya\u015fta tan\u0131\u015ft\u0131ran Mersin B\u00fcy\u00fck\u015fehir Belediyesi; Mezitli, Toroslar, Huzurkent ve Silifke&#8217;de a\u00e7t\u0131\u011f\u0131 \u00c7ocuk Kamp\u00fcsleri ile binlerce \u00e7ocu\u011fun hayallerinin ilk ad\u0131m\u0131nda yan\u0131nda oluyor. Kamp\u00fcslerde yer alan at\u00f6lyeler ile \u00e7ocuklar\u0131n sevdikleri alanlarda kendilerini geli\u015ftirmelerine destek sunan Kad\u0131n ve Aile Hizmetleri Dairesi Ba\u015fkanl\u0131\u011f\u0131, at\u00f6lyelere gelen minik sanat\u00e7\u0131lar\u0131n eserlerini \u0130\u00e7el Sanat Kul\u00fcb\u00fc&#8217;nde sergiledi. &nbsp; [&hellip;]<\/p>\n","protected":false},"author":2,"featured_media":142675,"comment_status":"open","ping_status":"open","sticky":false,"template":"","format":"standard","meta":{"footnotes":""},"categories":[1],"tags":[],"class_list":["post-142674","post","type-post","status-publish","format-standard","has-post-thumbnail","hentry","category-gundem"],"views":61,"_links":{"self":[{"href":"https:\/\/mersingazetesi.com\/index.php\/wp-json\/wp\/v2\/posts\/142674","targetHints":{"allow":["GET"]}}],"collection":[{"href":"https:\/\/mersingazetesi.com\/index.php\/wp-json\/wp\/v2\/posts"}],"about":[{"href":"https:\/\/mersingazetesi.com\/index.php\/wp-json\/wp\/v2\/types\/post"}],"author":[{"embeddable":true,"href":"https:\/\/mersingazetesi.com\/index.php\/wp-json\/wp\/v2\/users\/2"}],"replies":[{"embeddable":true,"href":"https:\/\/mersingazetesi.com\/index.php\/wp-json\/wp\/v2\/comments?post=142674"}],"version-history":[{"count":1,"href":"https:\/\/mersingazetesi.com\/index.php\/wp-json\/wp\/v2\/posts\/142674\/revisions"}],"predecessor-version":[{"id":142676,"href":"https:\/\/mersingazetesi.com\/index.php\/wp-json\/wp\/v2\/posts\/142674\/revisions\/142676"}],"wp:featuredmedia":[{"embeddable":true,"href":"https:\/\/mersingazetesi.com\/index.php\/wp-json\/wp\/v2\/media\/142675"}],"wp:attachment":[{"href":"https:\/\/mersingazetesi.com\/index.php\/wp-json\/wp\/v2\/media?parent=142674"}],"wp:term":[{"taxonomy":"category","embeddable":true,"href":"https:\/\/mersingazetesi.com\/index.php\/wp-json\/wp\/v2\/categories?post=142674"},{"taxonomy":"post_tag","embeddable":true,"href":"https:\/\/mersingazetesi.com\/index.php\/wp-json\/wp\/v2\/tags?post=142674"}],"curies":[{"name":"wp","href":"https:\/\/api.w.org\/{rel}","templated":true}]}}