{"id":142670,"date":"2026-09-04T10:04:23","date_gmt":"2026-09-04T07:04:23","guid":{"rendered":"https:\/\/mersingazetesi.com\/?p=142670"},"modified":"2026-09-04T10:04:23","modified_gmt":"2026-09-04T07:04:23","slug":"toroslar-belediyesinden-huzurevi-sakinlerine-kisisel-bakim-hizmeti","status":"publish","type":"post","link":"https:\/\/mersingazetesi.com\/index.php\/2026\/09\/04\/toroslar-belediyesinden-huzurevi-sakinlerine-kisisel-bakim-hizmeti\/","title":{"rendered":"TOROSLAR BELED\u0130YES\u0130NDEN HUZUREV\u0130 SAK\u0130NLER\u0130NE K\u0130\u015e\u0130SEL BAKIM H\u0130ZMET\u0130"},"content":{"rendered":"<div id=\"message-htmlpart1\" class=\"message-htmlpart\">\n<div id=\"message-htmlpart1\" class=\"rcmBody\">\n<div dir=\"ltr\">\n<div class=\"v1gmail_quote v1gmail_quote_container\">\n<div dir=\"ltr\">\n<p class=\"v1MsoNormal\">Toroslar Belediyesi, sosyal belediyecilik anlay\u0131\u015f\u0131yla hayata ge\u00e7irdi\u011fi hizmetlerle kentte ya\u015fayan her bireyin hayat\u0131na dokunmaya devam ediyor. Bu kez adres, Mersin Yard\u0131m ve \u0130yilik Vakf\u0131 Huzurevi oldu.<\/p>\n<p class=\"v1MsoNormal\">\n<p class=\"v1MsoNormal\">Belediye ekipleri, huzurevinde kalan vatanda\u015flar\u0131n ki\u015fisel bak\u0131mlar\u0131n\u0131 ger\u00e7ekle\u015ftirirken, ortaya yaln\u0131zca bir bak\u0131m hizmetinden \u00e7ok daha fazlas\u0131n\u0131 ortaya koyan, samimi ve duygu dolu anlar \u00e7\u0131kt\u0131.<\/p>\n<p class=\"v1MsoNormal\">\n<p class=\"v1MsoNormal\">Ya\u015f alm\u0131\u015f bireylerin kendilerini daha iyi hissetmelerine katk\u0131 sunmak, ihtiya\u00e7lar\u0131n\u0131 kar\u015f\u0131lamak ve g\u00fcnl\u00fck ya\u015famlar\u0131n\u0131 kolayla\u015ft\u0131rmak amac\u0131yla s\u00fcrd\u00fcr\u00fclen Ki\u015fisel Bak\u0131m Hizmeti, bu kez huzurevi sakinleri i\u00e7in ger\u00e7ekle\u015ftirildi.<\/p>\n<p class=\"v1MsoNormal\">\n<p class=\"v1MsoNormal\">Toroslar Belediyesi K\u00fclt\u00fcr, Sanat ve Sosyal \u0130\u015fler M\u00fcd\u00fcrl\u00fc\u011f\u00fc koordinesinde ger\u00e7ekle\u015ftirilen \u00e7al\u0131\u015fmada, erkek huzurevi sakinlerinin sa\u00e7 ve sakal t\u0131ra\u015flar\u0131 yap\u0131l\u0131rken, kad\u0131nlara sa\u00e7 kesimi ve ki\u015fisel bak\u0131m hizmeti sunuldu. Belediye personelinin titizlikle ger\u00e7ekle\u015ftirdi\u011fi bak\u0131m s\u0131ras\u0131nda huzurevinin atmosferi ise zaman zaman \u015fark\u0131lar ve \u015fiirlerle renklendi.<\/p>\n<p class=\"v1MsoNormal\">\n<p class=\"v1MsoNormal\"><b>BAKIMDAN \u00d6TE, SICAK B\u0130R SOHBET VE G\u00dcZEL B\u0130R G\u00dcN<\/b><\/p>\n<p class=\"v1MsoNormal\">\n<p class=\"v1MsoNormal\">Sa\u00e7lar\u0131 kesilirken belediye personeliyle sohbet eden huzurevi sakinleri, kimi zaman sevdikleri \u015fark\u0131lara e\u015flik etti, kimi zaman da \u015fiirler okuyarak \u00e7evresindekilere duygu dolu anlar ya\u015fatt\u0131. Bu g\u00fczel bulu\u015fmada y\u00fczlerde tebess\u00fcm eksik olmad\u0131.<\/p>\n<p class=\"v1MsoNormal\">\n<p class=\"v1MsoNormal\">Huzurevi sakinleri, kendilerine g\u00f6sterilen ilgiden ve sunulan hizmetten duyduklar\u0131 memnuniyeti dile getirerek Toroslar Belediyesine te\u015fekk\u00fcr etti.<\/p>\n<p class=\"v1MsoNormal\"><b>\u00a0<\/b><\/p>\n<p class=\"v1MsoNormal\"><b>&#8220;B\u00dcY\u00dcKLER\u0130M\u0130Z BA\u015e TACIMIZ&#8221;<\/b><\/p>\n<p class=\"v1MsoNormal\">\n<p class=\"v1MsoNormal\">Toroslar Belediye Ba\u015fkan\u0131 Abdurrahman Y\u0131ld\u0131z, ya\u015f alm\u0131\u015f bireylerin toplumun haf\u0131zas\u0131 ve en k\u0131ymetli de\u011ferleri oldu\u011funu belirterek, onlar\u0131n hayat\u0131na dokunan her hizmeti \u00f6nemsediklerini s\u00f6yledi.<\/p>\n<p class=\"v1MsoNormal\">Ba\u015fkan Y\u0131ld\u0131z, &#8220;B\u00fcy\u00fcklerimiz, hayat tecr\u00fcbeleriyle bizlere rehber olan de\u011ferli varl\u0131klar\u0131m\u0131zd\u0131r. Bizim ba\u015f tac\u0131m\u0131z, \u00e7\u0131narlar\u0131m\u0131z\u0131n y\u00fcz\u00fcnde bir tebess\u00fcm olu\u015fturabilmek, onlar\u0131n ihtiya\u00e7lar\u0131n\u0131 kar\u015f\u0131lamak bizler i\u00e7in b\u00fcy\u00fck bir onurdur. Onlar\u0131n duas\u0131 bize g\u00fc\u00e7 veriyor. B\u00fcy\u00fcklerimize sa\u011fl\u0131kl\u0131, mutlu ve huzurlu bir \u00f6m\u00fcr diliyorum.&#8221; dedi.<\/p>\n<p class=\"v1MsoNormal\">\n<p class=\"v1MsoNormal\"><b>K\u0130\u015e\u0130SEL BAKIM H\u0130ZMET\u0130YLE HAYATLARA DOKUNULUYOR<\/b><\/p>\n<p class=\"v1MsoNormal\"><b>\u00a0<\/b><\/p>\n<p class=\"v1MsoNormal\">Toroslar Belediyesi, Ki\u015fisel Bak\u0131m Hizmeti kapsam\u0131nda ya\u015f alm\u0131\u015f bireylerin yan\u0131 s\u0131ra \u00f6zel gereksinimli, yata\u011fa ba\u011f\u0131ml\u0131 ve g\u00fcnl\u00fck ya\u015fam\u0131n\u0131 tek ba\u015f\u0131na s\u00fcrd\u00fcrmekte zorlanan vatanda\u015flar\u0131n da ki\u015fisel bak\u0131m ihtiya\u00e7lar\u0131na \u00fccretsiz destek oluyor.<\/p>\n<p class=\"v1MsoNormal\">\n<p class=\"v1MsoNormal\">Toroslar Belediyesinin Ki\u015fisel Bak\u0131m Hizmetinden yararlanmak isteyen vatanda\u015flar, mahalle muhtarlar\u0131 arac\u0131l\u0131\u011f\u0131yla veya 444 41 33 numaral\u0131 Toroslar Belediyesi \u00c7\u00f6z\u00fcm Merkezi&#8217;ni arayarak ba\u015fvuruda bulunabiliyor.<\/p>\n<\/div>\n<\/div>\n<\/div>\n<\/div>\n<\/div>\n<p class=\"image-attachment\">\n","protected":false},"excerpt":{"rendered":"<p>Toroslar Belediyesi, sosyal belediyecilik anlay\u0131\u015f\u0131yla hayata ge\u00e7irdi\u011fi hizmetlerle kentte ya\u015fayan her bireyin hayat\u0131na dokunmaya devam ediyor. Bu kez adres, Mersin Yard\u0131m ve \u0130yilik Vakf\u0131 Huzurevi oldu. Belediye ekipleri, huzurevinde kalan vatanda\u015flar\u0131n ki\u015fisel bak\u0131mlar\u0131n\u0131 ger\u00e7ekle\u015ftirirken, ortaya yaln\u0131zca bir bak\u0131m hizmetinden \u00e7ok daha fazlas\u0131n\u0131 ortaya koyan, samimi ve duygu dolu anlar \u00e7\u0131kt\u0131. Ya\u015f alm\u0131\u015f bireylerin kendilerini daha [&hellip;]<\/p>\n","protected":false},"author":2,"featured_media":142672,"comment_status":"open","ping_status":"open","sticky":false,"template":"","format":"standard","meta":{"footnotes":""},"categories":[1],"tags":[],"class_list":["post-142670","post","type-post","status-publish","format-standard","has-post-thumbnail","hentry","category-gundem"],"views":75,"_links":{"self":[{"href":"https:\/\/mersingazetesi.com\/index.php\/wp-json\/wp\/v2\/posts\/142670","targetHints":{"allow":["GET"]}}],"collection":[{"href":"https:\/\/mersingazetesi.com\/index.php\/wp-json\/wp\/v2\/posts"}],"about":[{"href":"https:\/\/mersingazetesi.com\/index.php\/wp-json\/wp\/v2\/types\/post"}],"author":[{"embeddable":true,"href":"https:\/\/mersingazetesi.com\/index.php\/wp-json\/wp\/v2\/users\/2"}],"replies":[{"embeddable":true,"href":"https:\/\/mersingazetesi.com\/index.php\/wp-json\/wp\/v2\/comments?post=142670"}],"version-history":[{"count":1,"href":"https:\/\/mersingazetesi.com\/index.php\/wp-json\/wp\/v2\/posts\/142670\/revisions"}],"predecessor-version":[{"id":142673,"href":"https:\/\/mersingazetesi.com\/index.php\/wp-json\/wp\/v2\/posts\/142670\/revisions\/142673"}],"wp:featuredmedia":[{"embeddable":true,"href":"https:\/\/mersingazetesi.com\/index.php\/wp-json\/wp\/v2\/media\/142672"}],"wp:attachment":[{"href":"https:\/\/mersingazetesi.com\/index.php\/wp-json\/wp\/v2\/media?parent=142670"}],"wp:term":[{"taxonomy":"category","embeddable":true,"href":"https:\/\/mersingazetesi.com\/index.php\/wp-json\/wp\/v2\/categories?post=142670"},{"taxonomy":"post_tag","embeddable":true,"href":"https:\/\/mersingazetesi.com\/index.php\/wp-json\/wp\/v2\/tags?post=142670"}],"curies":[{"name":"wp","href":"https:\/\/api.w.org\/{rel}","templated":true}]}}