{"id":142667,"date":"2026-09-04T10:03:15","date_gmt":"2026-09-04T07:03:15","guid":{"rendered":"https:\/\/mersingazetesi.com\/?p=142667"},"modified":"2026-09-04T10:03:15","modified_gmt":"2026-09-04T07:03:15","slug":"kazanlili-ureticilere-mersin-buyuksehirden-tarimsal-destek","status":"publish","type":"post","link":"https:\/\/mersingazetesi.com\/index.php\/2026\/09\/04\/kazanlili-ureticilere-mersin-buyuksehirden-tarimsal-destek\/","title":{"rendered":"KAZANLILI \u00dcRET\u0130C\u0130LERE MERS\u0130N B\u00dcY\u00dcK\u015eEH\u0130R&#8217;DEN TARIMSAL DESTEK"},"content":{"rendered":"<p>Tar\u0131msal destekleriyle \u00fcreticiye nefes ald\u0131ran Mersin B\u00fcy\u00fck\u015fehir Belediyesi, \u00fcretti\u011fi \u00fcr\u00fcnleri T\u00fcrkiye&#8217;nin d\u00f6rt bir yan\u0131na g\u00f6nderen Akdeniz il\u00e7esi Kazanl\u0131 Mahallesi halk\u0131n\u0131 da unutmad\u0131. Ge\u00e7imini \u00fcretimle s\u00fcrd\u00fcren Kazanl\u0131 halk\u0131, Tar\u0131msal Hizmetler Dairesi Ba\u015fkanl\u0131\u011f\u0131&#8217;n\u0131n\u00a0<strong><em>&#8216;Sera \u0130pi Deste\u011fi, Yap\u0131\u015fkan Tuzak Deste\u011fi ve Hidrolize Protein Deste\u011fi Projesi&#8217;<\/em><\/strong>nden yararland\u0131. Tar\u0131msal Destekler Da\u011f\u0131t\u0131m T\u00f6reni ile desteklerine kavu\u015fan \u00fcreticiler, T\u00fcrkiye Belediyeler Birli\u011fi (TBB) ve Mersin B\u00fcy\u00fck\u015fehir Belediye Ba\u015fkan\u0131 Vahap Se\u00e7er&#8217;in tar\u0131mda uygulad\u0131\u011f\u0131 politikalar sayesinde rahat bir nefes al\u0131yor. Girdi maliyetlerine ezdirilmeyen Mersinli \u00fcreticiler, B\u00fcy\u00fck\u015fehir&#8217;in destekleriyle daha kaliteli ve rekoltesi y\u00fcksek \u00fcr\u00fcnler \u00fcretiyor.<\/p>\n<p>&nbsp;<\/p>\n<p>\u00dcreticinin y\u00fcz\u00fcn\u00fc g\u00fcld\u00fcren t\u00f6rene; Mersin B\u00fcy\u00fck\u015fehir Belediyesi Ba\u015fkan Vekili Hamit Mert Avc\u0131, Mersin B\u00fcy\u00fck\u015fehir Belediyesi Genel Sekreter Yard\u0131mc\u0131s\u0131 Serdal G\u00f6kayaz, daire ba\u015fkanlar\u0131, muhtarlar, \u00fcreticiler ve \u00e7ok say\u0131da yurtta\u015f kat\u0131ld\u0131.<\/p>\n<p>&nbsp;<\/p>\n<p><strong>\u00dcreticilerin y\u00fcz\u00fc destekler ile g\u00fcld\u00fc<\/strong><\/p>\n<p>Sera yeti\u015ftiricili\u011finin \u00f6n plana \u00e7\u0131kt\u0131\u011f\u0131 Kazanl\u0131 b\u00f6lgesinde \u00fcreticilere maliyet olu\u015fturan sera ipi deste\u011fi sa\u011fland\u0131. Bitkilerin sa\u011fl\u0131kl\u0131 geli\u015fimi i\u00e7in yap\u0131lan bu destek ile bitkilerin ipe ba\u011flanarak dik ve d\u00fczenli \u015fekilde b\u00fcy\u00fct\u00fclmesi, g\u00fcne\u015f \u0131\u015f\u0131\u011f\u0131ndan daha etkin yararlan\u0131lmas\u0131na, hava sirk\u00fclasyonunun art\u0131r\u0131lmas\u0131na, bak\u0131m ve hasat i\u015flemlerinin kolayla\u015ft\u0131r\u0131lmas\u0131na katk\u0131 sa\u011fland\u0131. Zararl\u0131larla m\u00fccadele i\u00e7in en do\u011fal y\u00f6ntemleri kent genelinde yayg\u0131nla\u015ft\u0131rmaya \u00e7al\u0131\u015fan Mersin B\u00fcy\u00fck\u015fehir ekipleri, yap\u0131\u015fkan tuzak deste\u011fi ile verim ve kaliteyi olumsuz etkileyen zararl\u0131larla m\u00fccadele i\u00e7in bu deste\u011fi sa\u011flad\u0131. Son y\u0131llarda \u00fcreticinin k\u00e2busu haline gelen Akdeniz Meyve Sine\u011fi&#8217;ne kar\u015f\u0131 da \u00f6nlem alan ekipler, hidrolize protein deste\u011fi ile narenciyede ya\u015fan\u0131labilecek kay\u0131plar\u0131 en aza indirmeyi hedefledi. Yap\u0131lan t\u00f6renle; 3 bin \u00fcreticiye 60 kilogram sera ipi, 1000 \u00fcreticiye toplam 100 bin adet yap\u0131\u015fkan tuzak ve 888 \u00fcreticiye toplam 15 bin litre hidrolize protein deste\u011fi sa\u011fland\u0131.<\/p>\n<p>&nbsp;<\/p>\n<p><strong>Avc\u0131: &#8220;\u00c7ift\u00e7ilerimiz her \u015feyin en iyisini hak ediyor&#8221;<\/strong><\/p>\n<p>\u00dcreticilere Ba\u015fkan Se\u00e7er&#8217;in selam\u0131n\u0131 ileten Mersin B\u00fcy\u00fck\u015fehir Belediyesi Ba\u015fkan Vekili Hamit Mert Avc\u0131, Akdeniz il\u00e7esinin en \u00e7ok \u00fcreten il\u00e7elerden birisi oldu\u011funu vurgulad\u0131.\u00a0 Avc\u0131,\u00a0<strong>&#8220;\u00c7ift\u00e7ilerimiz bu emekle ve al\u0131n teriyle her \u015feyin en iyisini hak ediyor. Ba\u015fkan\u0131m\u0131z bunlar\u0131n fark\u0131nda, bu do\u011frultuda \u00e7ift\u00e7iye verilen deste\u011fi bug\u00fcne kadar durdurmad\u0131\u011f\u0131 gibi bundan sonra da artt\u0131r\u0131yor. Elbette buras\u0131 bir tar\u0131msal destek projesi ama tar\u0131mla bitmiyor. Kazanl\u0131 Mahallemize sadece 2019 y\u0131l\u0131nda 40 bin ton s\u0131cak asfalt d\u00f6k\u00fclm\u00fc\u015f. Bu duracak m\u0131, durmayacak. \u00d6n\u00fcm\u00fczdeki y\u0131l\u0131n planlamalar\u0131 devam edecek. Kanalizasyon hatt\u0131m\u0131z y\u00fczde 93 tamamland\u0131&#8221;\u00a0<\/strong>diyerek, Ba\u015fkan Se\u00e7er&#8217;in her zaman her yurtta\u015f\u0131n yan\u0131nda olmak i\u00e7in \u00e7al\u0131\u015fmalar\u0131na devam etti\u011fini vurgulad\u0131.<\/p>\n<p>&nbsp;<\/p>\n<p><strong>\u015eahuto\u011flu: &#8220;Mersin tar\u0131m\u0131n ba\u015fkenti olma yolunda ilerliyor&#8221;<\/strong><\/p>\n<p>T\u00f6rende konu\u015fan Daire Ba\u015fkan\u0131 Abdullah Sel\u00e7uk \u015eahuto\u011flu, Mersin&#8217;in tar\u0131m\u0131n ba\u015fkenti olma yolunda ilerledi\u011fini belirtti. Mersin&#8217;in do\u011fas\u0131, co\u011frafyas\u0131 ve ikliminde sebze-meyve ve hayvanc\u0131l\u0131\u011f\u0131n en iyi \u015fekilde yap\u0131ld\u0131\u011f\u0131n\u0131 s\u00f6yleyen \u015eahuto\u011flu,\u00a0<strong>&#8220;Bin bir emekle sezon boyunca topra\u011f\u0131 i\u015fliyoruz ve zengin topraklara sahibiz ama en \u00f6nemlisi de bu topra\u011f\u0131 i\u015fleyen \u00e7ok k\u0131ymetli ve \u00e7ok de\u011ferli \u00fcreticilere de sahibiz. Bizler de Mersin B\u00fcy\u00fck\u015fehir Belediyesi olarak tar\u0131m\u0131 yaln\u0131zca bir sekt\u00f6r olarak g\u00f6ren de\u011fil k\u0131rsal kalk\u0131nman\u0131n \u00f6nc\u00fcs\u00fc, istihdam\u0131n, g\u0131da g\u00fcvenli\u011finin ve ayn\u0131 zamanda bir \u00fclkenin gelece\u011fi olarak yorumluyoruz. Mersin B\u00fcy\u00fck\u015fehir Belediye Ba\u015fkan\u0131m\u0131z \u00f6nc\u00fcl\u00fc\u011f\u00fcnde sizlerin sorunlar\u0131na y\u00f6nelik projelerle yan\u0131n\u0131zda olmaya \u00e7al\u0131\u015f\u0131yoruz&#8221;<\/strong>\u00a0s\u00f6zlerine yer verdi.<\/p>\n<p>&nbsp;<\/p>\n<p><strong>Y\u0131lmaz: &#8220;Mersin B\u00fcy\u00fck\u015fehir Belediye Ba\u015fkan\u0131m\u0131z 12 ay boyunca \u00fcreticilerin yan\u0131nda&#8221;<\/strong><\/p>\n<p>Ziraat Odas\u0131 Ba\u015fkan\u0131 oldu\u011fu g\u00fcnden bu yana Ba\u015fkan Se\u00e7er&#8217;in tar\u0131mda yapt\u0131\u011f\u0131 hizmetleri ve yat\u0131r\u0131mlar\u0131 \u00fcreticilere anlatt\u0131\u011f\u0131n\u0131 s\u00f6yleyen Akdeniz Ziraat Odas\u0131 Ba\u015fkan\u0131 Musa Y\u0131lmaz, son y\u0131llarda \u00fcreticilerin ciddi sorunlar ya\u015fad\u0131\u011f\u0131n\u0131 belirterek,\u00a0<strong>&#8220;\u00dcreterek t\u00fckeniyoruz. T\u00fcrk tar\u0131m\u0131 ithalat sopas\u0131n\u0131n alt\u0131nda eriyor. Ne mutlu ki B\u00fcy\u00fck\u015fehir Belediye Ba\u015fkan\u0131m\u0131z 12 ay boyunca \u00fcretim b\u00f6lgelerimizde \u00e7ift\u00e7ilerimize \u00f6nemli desteklerde bulunuyor. Kendisi, gerek ziraat m\u00fchendisi kimli\u011fiyle, gerekse siyasetteki tecr\u00fcbeleriyle Mersin \u00e7ift\u00e7isini her zaman koruyup kollayan projeleri yapmaya devam ediyor&#8221;<\/strong>\u00a0diyerek, Ba\u015fkan Se\u00e7er&#8217;e emeklerinden dolay\u0131 te\u015fekk\u00fcr etti.<\/p>\n<p>&nbsp;<\/p>\n<p><strong>Sakar: &#8220;B\u00fcy\u00fck\u015fehir Mersin&#8217;i resmen tar\u0131m cenneti yapt\u0131&#8221;<\/strong><\/p>\n<p>T\u00fcrkiye&#8217;de serac\u0131l\u0131\u011f\u0131n en yayg\u0131n yap\u0131ld\u0131\u011f\u0131 b\u00f6lgelerden birinin Kazanl\u0131 ve \u00e7evresi oldu\u011funu belirten Limonlu Mahalle Muhtar\u0131 \u0130sa Sakar, B\u00fcy\u00fck\u015fehir&#8217;in bu alanda y\u00fcr\u00fctt\u00fc\u011f\u00fc \u00e7al\u0131\u015fmalardan \u00e7ok memnun olduklar\u0131n\u0131 s\u00f6yledi. Mahalle halk\u0131n\u0131n b\u00fcy\u00fck \u00e7o\u011funlu\u011funun \u00fcretici oldu\u011funu dile getiren Sakar,\u00a0<strong>&#8220;Ba\u015fkan\u0131m\u0131z her sene bizim b\u00f6lgemize ve di\u011fer b\u00f6lgelere farkl\u0131 projelerle ila\u00e7 olmaya \u00e7al\u0131\u015f\u0131yor, ger\u00e7ekten minnettar\u0131z. Kendisi de tar\u0131m\u0131n i\u00e7inden geldi\u011fi i\u00e7in tar\u0131msal faaliyetlere ba\u015far\u0131yla el at\u0131yor. Bu bizim i\u00e7in mutluluk verici bir durum&#8221;<\/strong>\u00a0ifadelerini kulland\u0131. \u00dcreticilerin girdi maliyetlerinin y\u00fcksek oldu\u011funu hat\u0131rlatan Sakar,\u00a0<strong>&#8220;Bu t\u00fcr destekler bir nebze de olsa bize ila\u00e7 oluyor. B\u00fcy\u00fck\u015fehir Mersin&#8217;i resmen tar\u0131m cenneti yapt\u0131, \u00e7ok te\u015fekk\u00fcr ederiz&#8221;<\/strong>\u00a0s\u00f6zlerini kaydetti.<\/p>\n<p>&nbsp;<\/p>\n<p><strong>Delil: &#8220;\u00c7al\u0131\u015fmalar \u00fcreticiye g\u00fczel bir nefes oldu&#8221;<\/strong><\/p>\n<p>Ya\u015fad\u0131klar\u0131 b\u00f6lgede tar\u0131msal \u00fcretimin yo\u011fun oldu\u011funu dile getiren H\u00fcrriyet Mahallesi Muhtar\u0131 Orhan Delil, \u00fcreticilerin en \u00e7ok Akdeniz Meyve Sine\u011fi konusunda mustarip oldu\u011funu vurgulad\u0131. B\u00fcy\u00fck\u015fehir&#8217;in bu alanda ciddi \u00e7al\u0131\u015fmalar\u0131 oldu\u011funu ifade eden Delil,\u00a0<strong>&#8220;Meyvelerimiz zarar g\u00f6r\u00fcyordu. Vahap Ba\u015fkan\u0131m\u0131z\u0131n bununla ilgili \u00e7al\u0131\u015fmalar\u0131 da gayet ba\u015far\u0131l\u0131 oldu. \u00dcreticilerimiz ila\u00e7 ve di\u011fer konularda rahatlad\u0131. \u00c7al\u0131\u015fmalar \u00fcreticiye g\u00fczel bir nefes oldu&#8221;<\/strong>\u00a0dedi. Yap\u0131\u015fkan iplerin de \u00fcreticiler a\u00e7\u0131s\u0131ndan ciddi bir maliyet oldu\u011funa de\u011finen Delil, Ba\u015fkan Se\u00e7er&#8217;e desteklerinden dolay\u0131 te\u015fekk\u00fcr etti.<\/p>\n<p>&nbsp;<\/p>\n<p><strong>Mersin&#8217;de \u00fcretim B\u00fcy\u00fck\u015fehir ile durmuyor<\/strong><\/p>\n<p>Serac\u0131l\u0131k yaparak ge\u00e7imini sa\u011flayan \u00fcretici Mert Gururtay ise,\u00a0<strong>&#8220;Serada domates ve biber \u00fcretimi yap\u0131yoruz. Sera ipinin maliyeti \u00e7ift\u00e7ilere y\u00fckt\u00fcr. Vahap Ba\u015fkan\u0131m\u0131z sa\u011f olsun her sene \u00e7ift\u00e7ileri bu y\u00fckten kurtar\u0131yor. Onun yapt\u0131\u011f\u0131 bu destekle \u00fcretim a\u015famas\u0131nda kar ediyoruz. B\u00fcy\u00fck\u015fehir&#8217;e ve Vahap Ba\u015fkan\u0131m\u0131za \u00e7ok \u00e7ok te\u015fekk\u00fcr ediyoruz. Herkese bu deste\u011fe ba\u015fvurmas\u0131n\u0131 \u00f6neriyoruz&#8221;<\/strong>\u00a0dedi.<\/p>\n<p>&nbsp;<\/p>\n<p>Akdeniz Meyve Sine\u011fi nedeniyle zor g\u00fcnler ya\u015fad\u0131klar\u0131n\u0131 ifade eden \u00fcretici S\u0131d\u0131ka G\u00f6kta\u015f da, ila\u00e7 deste\u011fi ile s\u0131k\u0131nt\u0131lar\u0131n\u0131 a\u015facaklar\u0131n\u0131 kaydederek,\u00a0<strong>&#8220;Alaca\u011f\u0131m\u0131z ila\u00e7 sayesinde meyvelerimizden verim alaca\u011f\u0131z. Ayn\u0131 zamanda do\u011fal bir i\u00e7erik elde edece\u011fiz. Vahap Ba\u015fkan\u0131m\u0131za \u00e7ok te\u015fekk\u00fcr ediyorum. Sonuna kadar arkas\u0131nday\u0131z&#8221;<\/strong>\u00a0s\u00f6zlerine yer verdi.<\/p>\n<p>&nbsp;<\/p>\n","protected":false},"excerpt":{"rendered":"<p>Tar\u0131msal destekleriyle \u00fcreticiye nefes ald\u0131ran Mersin B\u00fcy\u00fck\u015fehir Belediyesi, \u00fcretti\u011fi \u00fcr\u00fcnleri T\u00fcrkiye&#8217;nin d\u00f6rt bir yan\u0131na g\u00f6nderen Akdeniz il\u00e7esi Kazanl\u0131 Mahallesi halk\u0131n\u0131 da unutmad\u0131. Ge\u00e7imini \u00fcretimle s\u00fcrd\u00fcren Kazanl\u0131 halk\u0131, Tar\u0131msal Hizmetler Dairesi Ba\u015fkanl\u0131\u011f\u0131&#8217;n\u0131n\u00a0&#8216;Sera \u0130pi Deste\u011fi, Yap\u0131\u015fkan Tuzak Deste\u011fi ve Hidrolize Protein Deste\u011fi Projesi&#8217;nden yararland\u0131. Tar\u0131msal Destekler Da\u011f\u0131t\u0131m T\u00f6reni ile desteklerine kavu\u015fan \u00fcreticiler, T\u00fcrkiye Belediyeler Birli\u011fi (TBB) ve [&hellip;]<\/p>\n","protected":false},"author":2,"featured_media":142668,"comment_status":"open","ping_status":"open","sticky":false,"template":"","format":"standard","meta":{"footnotes":""},"categories":[1],"tags":[],"class_list":["post-142667","post","type-post","status-publish","format-standard","has-post-thumbnail","hentry","category-gundem"],"views":85,"_links":{"self":[{"href":"https:\/\/mersingazetesi.com\/index.php\/wp-json\/wp\/v2\/posts\/142667","targetHints":{"allow":["GET"]}}],"collection":[{"href":"https:\/\/mersingazetesi.com\/index.php\/wp-json\/wp\/v2\/posts"}],"about":[{"href":"https:\/\/mersingazetesi.com\/index.php\/wp-json\/wp\/v2\/types\/post"}],"author":[{"embeddable":true,"href":"https:\/\/mersingazetesi.com\/index.php\/wp-json\/wp\/v2\/users\/2"}],"replies":[{"embeddable":true,"href":"https:\/\/mersingazetesi.com\/index.php\/wp-json\/wp\/v2\/comments?post=142667"}],"version-history":[{"count":1,"href":"https:\/\/mersingazetesi.com\/index.php\/wp-json\/wp\/v2\/posts\/142667\/revisions"}],"predecessor-version":[{"id":142669,"href":"https:\/\/mersingazetesi.com\/index.php\/wp-json\/wp\/v2\/posts\/142667\/revisions\/142669"}],"wp:featuredmedia":[{"embeddable":true,"href":"https:\/\/mersingazetesi.com\/index.php\/wp-json\/wp\/v2\/media\/142668"}],"wp:attachment":[{"href":"https:\/\/mersingazetesi.com\/index.php\/wp-json\/wp\/v2\/media?parent=142667"}],"wp:term":[{"taxonomy":"category","embeddable":true,"href":"https:\/\/mersingazetesi.com\/index.php\/wp-json\/wp\/v2\/categories?post=142667"},{"taxonomy":"post_tag","embeddable":true,"href":"https:\/\/mersingazetesi.com\/index.php\/wp-json\/wp\/v2\/tags?post=142667"}],"curies":[{"name":"wp","href":"https:\/\/api.w.org\/{rel}","templated":true}]}}