{"id":142661,"date":"2026-09-04T09:43:48","date_gmt":"2026-09-04T06:43:48","guid":{"rendered":"https:\/\/mersingazetesi.com\/?p=142661"},"modified":"2026-09-04T09:43:48","modified_gmt":"2026-09-04T06:43:48","slug":"mersin-limaninda-kimyasal-sizintisi-iddiasi","status":"publish","type":"post","link":"https:\/\/mersingazetesi.com\/index.php\/2026\/09\/04\/mersin-limaninda-kimyasal-sizintisi-iddiasi\/","title":{"rendered":"Mersin liman\u0131nda kimyasal s\u0131z\u0131nt\u0131s\u0131 iddias\u0131"},"content":{"rendered":"<p><strong class=\"searchword\">Mersin<\/strong>\u00a0Liman\u0131&#8217;nda kimyasal madde i\u00e7inde bulunan bir konteyner\u0131n delinmesi sonucu s\u0131z\u0131nt\u0131 oldu\u011fu iddia edilirken, b\u00f6lgeye sevk edilen ambulanslarla \u00e7ok say\u0131da \u00e7al\u0131\u015fan\u0131n hastaneye kald\u0131r\u0131ld\u0131\u011f\u0131 \u00f6\u011frenildi.<br \/>\nAl\u0131nan bilgiye g\u00f6re,\u00a0<strong class=\"searchword\">Mersin<\/strong>\u00a0Liman\u0131&#8217;nda bir konteynerin delinmesi sonucu gaz s\u0131z\u0131nt\u0131s\u0131 meydana geldi. \u0130ddiaya g\u00f6re, ya\u015fanan s\u0131z\u0131nt\u0131 nedeniyle limandaki operasyonlar ge\u00e7ici olarak durduruldu, \u00e7al\u0131\u015fanlar tedbir amac\u0131yla liman sahas\u0131n\u0131n d\u0131\u015f\u0131na \u00e7\u0131kar\u0131ld\u0131. Gazdan etkilendi\u011fi \u00f6ne s\u00fcr\u00fclen \u00e7ok say\u0131da \u00e7al\u0131\u015fan\u0131n i\u00e7in b\u00f6lgeye ambulanslar sevk edildi. Olay\u0131n ard\u0131ndan b\u00f6lgeye \u00e7ok say\u0131da ilgili kurum ekiplerinin de g\u00f6nderildi\u011fi \u00f6\u011frenildi. Sa\u011fl\u0131k ekiplerinin baz\u0131 ki\u015fileri \u00e7evredeki hastanelere sevk etti\u011fi bildirildi.<br \/>\n\u00d6te yandan konuyla ilgili hen\u00fcz resmi bir a\u00e7\u0131klama yap\u0131lmad\u0131.<\/p>\n","protected":false},"excerpt":{"rendered":"<p>Mersin\u00a0Liman\u0131&#8217;nda kimyasal madde i\u00e7inde bulunan bir konteyner\u0131n delinmesi sonucu s\u0131z\u0131nt\u0131 oldu\u011fu iddia edilirken, b\u00f6lgeye sevk edilen ambulanslarla \u00e7ok say\u0131da \u00e7al\u0131\u015fan\u0131n hastaneye kald\u0131r\u0131ld\u0131\u011f\u0131 \u00f6\u011frenildi. Al\u0131nan bilgiye g\u00f6re,\u00a0Mersin\u00a0Liman\u0131&#8217;nda bir konteynerin delinmesi sonucu gaz s\u0131z\u0131nt\u0131s\u0131 meydana geldi. \u0130ddiaya g\u00f6re, ya\u015fanan s\u0131z\u0131nt\u0131 nedeniyle limandaki operasyonlar ge\u00e7ici olarak durduruldu, \u00e7al\u0131\u015fanlar tedbir amac\u0131yla liman sahas\u0131n\u0131n d\u0131\u015f\u0131na \u00e7\u0131kar\u0131ld\u0131. Gazdan etkilendi\u011fi \u00f6ne s\u00fcr\u00fclen [&hellip;]<\/p>\n","protected":false},"author":2,"featured_media":142665,"comment_status":"open","ping_status":"open","sticky":false,"template":"","format":"standard","meta":{"footnotes":""},"categories":[8,5],"tags":[],"class_list":["post-142661","post","type-post","status-publish","format-standard","has-post-thumbnail","hentry","category-mersin","category-saglik"],"views":80,"_links":{"self":[{"href":"https:\/\/mersingazetesi.com\/index.php\/wp-json\/wp\/v2\/posts\/142661","targetHints":{"allow":["GET"]}}],"collection":[{"href":"https:\/\/mersingazetesi.com\/index.php\/wp-json\/wp\/v2\/posts"}],"about":[{"href":"https:\/\/mersingazetesi.com\/index.php\/wp-json\/wp\/v2\/types\/post"}],"author":[{"embeddable":true,"href":"https:\/\/mersingazetesi.com\/index.php\/wp-json\/wp\/v2\/users\/2"}],"replies":[{"embeddable":true,"href":"https:\/\/mersingazetesi.com\/index.php\/wp-json\/wp\/v2\/comments?post=142661"}],"version-history":[{"count":1,"href":"https:\/\/mersingazetesi.com\/index.php\/wp-json\/wp\/v2\/posts\/142661\/revisions"}],"predecessor-version":[{"id":142666,"href":"https:\/\/mersingazetesi.com\/index.php\/wp-json\/wp\/v2\/posts\/142661\/revisions\/142666"}],"wp:featuredmedia":[{"embeddable":true,"href":"https:\/\/mersingazetesi.com\/index.php\/wp-json\/wp\/v2\/media\/142665"}],"wp:attachment":[{"href":"https:\/\/mersingazetesi.com\/index.php\/wp-json\/wp\/v2\/media?parent=142661"}],"wp:term":[{"taxonomy":"category","embeddable":true,"href":"https:\/\/mersingazetesi.com\/index.php\/wp-json\/wp\/v2\/categories?post=142661"},{"taxonomy":"post_tag","embeddable":true,"href":"https:\/\/mersingazetesi.com\/index.php\/wp-json\/wp\/v2\/tags?post=142661"}],"curies":[{"name":"wp","href":"https:\/\/api.w.org\/{rel}","templated":true}]}}