{"id":142656,"date":"2026-09-04T09:32:17","date_gmt":"2026-09-04T06:32:17","guid":{"rendered":"https:\/\/mersingazetesi.com\/?p=142656"},"modified":"2026-09-04T09:32:17","modified_gmt":"2026-09-04T06:32:17","slug":"adanada-da-mikroplastik-alarmi-bu-sorun-tum-akdenizin-sorunu","status":"publish","type":"post","link":"https:\/\/mersingazetesi.com\/index.php\/2026\/09\/04\/adanada-da-mikroplastik-alarmi-bu-sorun-tum-akdenizin-sorunu\/","title":{"rendered":"ADANA\u2019DA DA M\u0130KROPLAST\u0130K ALARMI: \u201cBU SORUN T\u00dcM AKDEN\u0130Z\u2019\u0130N SORUNU\u201d"},"content":{"rendered":"<p dir=\"ltr\"><b>Forumda, Adana-Mersin hatt\u0131nda Do\u011fu Akdeniz \u00f6l\u00e7e\u011finde ortak m\u00fccadele<\/b>\u00a0y\u00fcr\u00fct\u00fclmesi \u00e7a\u011fr\u0131s\u0131 yap\u0131ld\u0131.<\/p>\n<div dir=\"ltr\"><b>\u00a0<\/b><\/div>\n<p><b>Adana Kent Konseyi taraf\u0131ndan d\u00fczenlenen \u201cMikroplastik Kirlili\u011fi Forumu\u201dnda plastik at\u0131k ithalat\u0131n\u0131n \u00e7evre, insan sa\u011fl\u0131\u011f\u0131, tar\u0131m ve ekonomi \u00fczerindeki etkileri masaya yat\u0131r\u0131ld\u0131. Uzmanlar, Adana ve Mersin\u2019de yo\u011funla\u015fan plastik kirlili\u011finin kent s\u0131n\u0131rlar\u0131n\u0131 a\u015farak t\u00fcm Do\u011fu Akdeniz\u2019i tehdit eden b\u00f6lgesel bir \u00e7evre sorununa d\u00f6n\u00fc\u015ft\u00fc\u011f\u00fcne dikkat \u00e7ekti.<\/b><\/p>\n<p>Adana 100. Y\u0131l \u00c7\u0131r\u00e7\u0131r Sanat Merkezi\u2019nde ger\u00e7ekle\u015ftirilen foruma, alan\u0131nda uzman akademisyenler, \u00e7evre \u00f6rg\u00fctleri, kamu kurumlar\u0131, meslek odalar\u0131, sivil toplum kurulu\u015flar\u0131 ve \u00e7evre g\u00f6n\u00fcll\u00fcleri kat\u0131ld\u0131.<\/p>\n<p>Forumda Prof. Dr. Sedat G\u00fcndo\u011fdu, Prof. Dr. Erkan Akta\u015f, Dr. Halil Kabak ve Greenpeace \u0130leti\u015fim Uzman\u0131 Ebru Tutkal sunumlar ger\u00e7ekle\u015ftirdi.<\/p>\n<p><b>KARALAR: \u201cAVRUPA\u2019NIN \u00c7\u00d6PL\u00dc\u011e\u00dc DE\u011e\u0130L\u0130Z\u201d<\/b><\/p>\n<p>Adana B\u00fcy\u00fck\u015fehir Belediye Ba\u015fkanl\u0131\u011f\u0131 g\u00f6revinden uzakla\u015ft\u0131r\u0131lan Zeydan Karalar, plastik at\u0131k ithalat\u0131na tepki g\u00f6stererek, T\u00fcrkiye\u2019nin Avrupa\u2019n\u0131n at\u0131k deposu haline getirilmemesi gerekti\u011fini s\u00f6yledi.<\/p>\n<p>Karalar, \u201cBiz Avrupa\u2019n\u0131n \u00e7\u00f6pl\u00fc\u011f\u00fc de\u011filiz, olmamal\u0131y\u0131z\u201d diyerek plastik at\u0131k ithalat\u0131n\u0131n s\u0131n\u0131rland\u0131r\u0131lmas\u0131 \u00e7a\u011fr\u0131s\u0131nda bulundu.<\/p>\n<p>Karata\u015f sahillerinde ve Mersin k\u0131y\u0131lar\u0131nda ya\u015fanan plastik kirlili\u011fine de dikkat \u00e7eken Karalar, geri d\u00f6n\u00fc\u015f\u00fcm tesislerinde i\u015flenemeyen plastiklerin topra\u011fa ve suya kar\u0131\u015fmas\u0131n\u0131n \u00f6n\u00fcne ge\u00e7ilmesi gerekti\u011fini belirtti.<\/p>\n<p><b>G\u00dcNDO\u011eDU: \u201cPLAST\u0130K \u00c7\u00d6P\u00dc KAYNA\u011eINDA DURDURMALIYIZ\u201d<\/b><\/p>\n<p>\u00c7ukurova \u00dcniversitesi \u00d6\u011fretim \u00dcyesi Prof. Dr. Sedat G\u00fcndo\u011fdu, Adana\u2019daki sulama kanallar\u0131nda yap\u0131lan ara\u015ft\u0131rmalar\u0131n mikroplastik kirlili\u011finin ula\u015ft\u0131\u011f\u0131 boyutu ortaya koydu\u011funu s\u00f6yledi.<\/p>\n<p>Plastik at\u0131k ithalat\u0131, geri d\u00f6n\u00fc\u015f\u00fcm tesisleri, ka\u00e7ak de\u015farjlar ve tesis yang\u0131nlar\u0131n\u0131n birbirinden ba\u011f\u0131ms\u0131z d\u00fc\u015f\u00fcn\u00fclemeyece\u011fini belirten G\u00fcndo\u011fdu, mikroplastiklerin tar\u0131msal \u00fcretim ve g\u0131da g\u00fcvenli\u011fi a\u00e7\u0131s\u0131ndan ciddi risk olu\u015fturdu\u011funu ifade etti.<\/p>\n<p>G\u00fcndo\u011fdu, nehirler ve deniz ak\u0131nt\u0131lar\u0131 arac\u0131l\u0131\u011f\u0131yla ta\u015f\u0131nan plastiklerin Akdeniz\u2019e ula\u015ft\u0131\u011f\u0131n\u0131 belirterek,\u00a0<b>\u201cPlastik \u00e7\u00f6p\u00fc kayna\u011f\u0131nda durdurmak zorunday\u0131z\u201d<\/b>\u00a0mesaj\u0131 verdi.<\/p>\n<p>Tesislerin daha etkin denetlenmesini isteyen G\u00fcndo\u011fdu, at\u0131k su standartlar\u0131n\u0131n da mikroplastikleri kapsayacak \u015fekilde yeniden d\u00fczenlenmesi gerekti\u011fini vurgulad\u0131.<\/p>\n<p><b>AKTA\u015e: \u201c\u00c7EVRE K\u0130RL\u0130L\u0130\u011e\u0130N\u0130N EKONOM\u0130K FATURASI HESAPLANMALI\u201d<\/b><\/p>\n<p>Mersin \u00dcniversitesi \u00d6\u011fretim \u00dcyesi ve \u00e7evre-tar\u0131m ekonomisti Prof. Dr. Erkan Akta\u015f ise plastik at\u0131k ithalat\u0131n\u0131n yaln\u0131zca \u00e7evresel boyutuyla ele al\u0131namayaca\u011f\u0131n\u0131 belirtti.<\/p>\n<p>Akta\u015f, \u00e7evre kirlili\u011finin ger\u00e7ek maliyeti hesaplan\u0131rken\u00a0<b>sa\u011fl\u0131k, tar\u0131m, bal\u0131k\u00e7\u0131l\u0131k, turizm, altyap\u0131 ve kamu harcamalar\u0131n\u0131n<\/b>\u00a0da hesaba kat\u0131lmas\u0131 gerekti\u011fini s\u00f6yledi.<\/p>\n<p>\u00c7in\u2019in 2017 y\u0131l\u0131nda at\u0131k ithalat\u0131na y\u00f6nelik k\u0131s\u0131tlamalar getirmesinin ard\u0131ndan k\u00fcresel at\u0131k ticaretinin T\u00fcrkiye gibi \u00fclkelere y\u00f6neldi\u011fine dikkat \u00e7eken Akta\u015f, Adana\u2019da yo\u011funla\u015fan tesislerin Mersin ve b\u00fct\u00fcn Do\u011fu Akdeniz a\u00e7\u0131s\u0131ndan da risk olu\u015fturdu\u011funu ifade etti.<\/p>\n<p>Geri d\u00f6n\u00fc\u015f\u00fcm\u00fcn tek ba\u015f\u0131na \u00e7\u00f6z\u00fcm olmad\u0131\u011f\u0131n\u0131 vurgulayan Akta\u015f, as\u0131l hedefin daha az \u00fcretim, daha az t\u00fcketim ve kayna\u011f\u0131nda daha az at\u0131k olu\u015fturmak olmas\u0131 gerekti\u011fini dile getirdi.<\/p>\n<p><b>GREENPEACE: \u201cK\u00c2RIN BEDEL\u0130N\u0130 HALK \u00d6D\u00dcYOR\u201d<\/b><\/p>\n<p>Greenpeace \u0130leti\u015fim Uzman\u0131 Ebru Tutkal da plastik at\u0131k ithalat\u0131n\u0131n halk sa\u011fl\u0131\u011f\u0131, tar\u0131m ve \u00e7evre \u00fczerindeki sonu\u00e7lar\u0131na dikkat \u00e7ekti.<\/p>\n<p>T\u00fcrkiye\u2019nin 2025 y\u0131l\u0131nda yaln\u0131zca Avrupa Birli\u011fi \u00fclkelerinden yakla\u015f\u0131k\u00a0<b>503 bin ton plastik at\u0131k ithal etti\u011fini<\/b>\u00a0belirten Tutkal, \u201cOrta\u011f\u0131 olmad\u0131\u011f\u0131m\u0131z bir k\u00e2r\u0131n bedelini halk\u0131m\u0131zla, tar\u0131m\u0131m\u0131zla ve sa\u011fl\u0131\u011f\u0131m\u0131zla \u00f6d\u00fcyoruz\u201d dedi.<\/p>\n<p>Tutkal, plastik ve tekstil at\u0131\u011f\u0131 ithalat\u0131n\u0131n kal\u0131c\u0131 ve istisnas\u0131z bi\u00e7imde yasaklanmas\u0131n\u0131 isterken, yeni plastik ve petrokimya yat\u0131r\u0131mlar\u0131n\u0131n da yeniden de\u011ferlendirilmesi gerekti\u011fini savundu.<\/p>\n<p><b>M\u0130KROPLAST\u0130KLER\u0130N ALTYAPI BOYUTU DA ELE ALINDI<\/b><\/p>\n<p>Forumda Dr. Halil Kabak ise mikroplastik kirlili\u011fini at\u0131k su, ar\u0131tma tesisleri ve altyap\u0131 a\u00e7\u0131s\u0131ndan de\u011ferlendirdi.<\/p>\n<p>Mevcut ar\u0131tma sistemlerinin mikroplastik y\u00fck\u00fc kar\u015f\u0131s\u0131ndaki durumuna dikkat \u00e7eken Kabak, kirlili\u011fin azalt\u0131lmas\u0131 i\u00e7in teknik ve altyap\u0131sal \u00f6nlemlerin art\u0131r\u0131lmas\u0131 gerekti\u011fini ifade etti.<\/p>\n<p><b>ADANA-MERS\u0130N HATTINDA ORTAK M\u00dcCADELE \u00c7A\u011eRISI<\/b><\/p>\n<p>Forumun ortak mesaj\u0131 ise dikkat \u00e7ekiciydi:\u00a0<b>Mikroplastik kirlili\u011fi art\u0131k tek bir kentin sorunu de\u011fil.<\/b><\/p>\n<p>Adana\u2019daki sulama kanallar\u0131ndan Seyhan Nehri\u2019ne, Mersin k\u0131y\u0131lar\u0131ndan Akdeniz\u2019e uzanan kirlilik zincirinin tar\u0131m\u0131, g\u0131da g\u00fcvenli\u011fini, bal\u0131k\u00e7\u0131l\u0131\u011f\u0131, turizmi, insan sa\u011fl\u0131\u011f\u0131n\u0131 ve b\u00f6lge ekonomisini tehdit etti\u011fi vurguland\u0131.<\/p>\n<p>Forumda; plastik at\u0131k ithalat\u0131n\u0131n ciddi bi\u00e7imde s\u0131n\u0131rland\u0131r\u0131lmas\u0131, gerekti\u011finde durdurulmas\u0131, geri d\u00f6n\u00fc\u015f\u00fcm tesislerinin s\u0131k\u0131 bi\u00e7imde denetlenmesi ve \u00f6zellikle\u00a0<b>Adana-Mersin hatt\u0131nda Do\u011fu Akdeniz \u00f6l\u00e7e\u011finde ortak m\u00fccadele<\/b>\u00a0y\u00fcr\u00fct\u00fclmesi \u00e7a\u011fr\u0131s\u0131 yap\u0131ld\u0131.<\/p>\n<p>Uzmanlara g\u00f6re \u00e7\u00f6z\u00fcm; \u00fcniversiteler, yerel y\u00f6netimler, kamu kurumlar\u0131, meslek odalar\u0131 ve \u00e7evre \u00f6rg\u00fctlerinin birlikte hareket etmesinden ge\u00e7iyor. Mikroplastik kirlili\u011finin s\u0131n\u0131r tan\u0131mad\u0131\u011f\u0131na dikkat \u00e7eken kat\u0131l\u0131mc\u0131lar,\u00a0<b>\u201cAdana\u2019n\u0131n sorunu Mersin\u2019in, Mersin\u2019in sorunu ise b\u00fct\u00fcn Akdeniz\u2019in sorunudur\u201d<\/b>\u00a0mesaj\u0131 verdi.<\/p>\n","protected":false},"excerpt":{"rendered":"<p>Forumda, Adana-Mersin hatt\u0131nda Do\u011fu Akdeniz \u00f6l\u00e7e\u011finde ortak m\u00fccadele\u00a0y\u00fcr\u00fct\u00fclmesi \u00e7a\u011fr\u0131s\u0131 yap\u0131ld\u0131. \u00a0 Adana Kent Konseyi taraf\u0131ndan d\u00fczenlenen \u201cMikroplastik Kirlili\u011fi Forumu\u201dnda plastik at\u0131k ithalat\u0131n\u0131n \u00e7evre, insan sa\u011fl\u0131\u011f\u0131, tar\u0131m ve ekonomi \u00fczerindeki etkileri masaya yat\u0131r\u0131ld\u0131. Uzmanlar, Adana ve Mersin\u2019de yo\u011funla\u015fan plastik kirlili\u011finin kent s\u0131n\u0131rlar\u0131n\u0131 a\u015farak t\u00fcm Do\u011fu Akdeniz\u2019i tehdit eden b\u00f6lgesel bir \u00e7evre sorununa d\u00f6n\u00fc\u015ft\u00fc\u011f\u00fcne dikkat \u00e7ekti. Adana [&hellip;]<\/p>\n","protected":false},"author":2,"featured_media":142657,"comment_status":"open","ping_status":"open","sticky":false,"template":"","format":"standard","meta":{"footnotes":""},"categories":[5,8],"tags":[],"class_list":["post-142656","post","type-post","status-publish","format-standard","has-post-thumbnail","hentry","category-saglik","category-mersin"],"views":85,"_links":{"self":[{"href":"https:\/\/mersingazetesi.com\/index.php\/wp-json\/wp\/v2\/posts\/142656","targetHints":{"allow":["GET"]}}],"collection":[{"href":"https:\/\/mersingazetesi.com\/index.php\/wp-json\/wp\/v2\/posts"}],"about":[{"href":"https:\/\/mersingazetesi.com\/index.php\/wp-json\/wp\/v2\/types\/post"}],"author":[{"embeddable":true,"href":"https:\/\/mersingazetesi.com\/index.php\/wp-json\/wp\/v2\/users\/2"}],"replies":[{"embeddable":true,"href":"https:\/\/mersingazetesi.com\/index.php\/wp-json\/wp\/v2\/comments?post=142656"}],"version-history":[{"count":1,"href":"https:\/\/mersingazetesi.com\/index.php\/wp-json\/wp\/v2\/posts\/142656\/revisions"}],"predecessor-version":[{"id":142658,"href":"https:\/\/mersingazetesi.com\/index.php\/wp-json\/wp\/v2\/posts\/142656\/revisions\/142658"}],"wp:featuredmedia":[{"embeddable":true,"href":"https:\/\/mersingazetesi.com\/index.php\/wp-json\/wp\/v2\/media\/142657"}],"wp:attachment":[{"href":"https:\/\/mersingazetesi.com\/index.php\/wp-json\/wp\/v2\/media?parent=142656"}],"wp:term":[{"taxonomy":"category","embeddable":true,"href":"https:\/\/mersingazetesi.com\/index.php\/wp-json\/wp\/v2\/categories?post=142656"},{"taxonomy":"post_tag","embeddable":true,"href":"https:\/\/mersingazetesi.com\/index.php\/wp-json\/wp\/v2\/tags?post=142656"}],"curies":[{"name":"wp","href":"https:\/\/api.w.org\/{rel}","templated":true}]}}