{"id":142642,"date":"2026-09-03T18:06:55","date_gmt":"2026-09-03T15:06:55","guid":{"rendered":"https:\/\/mersingazetesi.com\/?p=142642"},"modified":"2026-09-03T18:06:55","modified_gmt":"2026-09-03T15:06:55","slug":"arslankoyde-boksit-madeni-tartismasi-halk-bilgilendirme-toplantisi-duzenlenecek","status":"publish","type":"post","link":"https:\/\/mersingazetesi.com\/index.php\/2026\/09\/03\/arslankoyde-boksit-madeni-tartismasi-halk-bilgilendirme-toplantisi-duzenlenecek\/","title":{"rendered":"ARSLANK\u00d6Y\u2019DE BOKS\u0130T MADEN\u0130 TARTI\u015eMASI: HALK B\u0130LG\u0130LEND\u0130RME TOPLANTISI D\u00dcZENLENECEK"},"content":{"rendered":"<p><b>Mersin\u2019in Toroslar il\u00e7esine ba\u011fl\u0131 Arslank\u00f6y\u2019de boksit madeni geni\u015fleme projesinin olas\u0131 etkileri, halk bilgilendirme toplant\u0131s\u0131nda ele al\u0131nacak.<\/b><\/p>\n<p>Bolkarlar Halk \u0130nisiyatifi ile Mersin \u00c7evre Platformu taraf\u0131ndan d\u00fczenlenecek toplant\u0131da, Arslank\u00f6y\u2019deki boksit madeni i\u015fletmesinin geni\u015fleme projesinin\u00a0<b>ormanlar, su kaynaklar\u0131, tar\u0131m alanlar\u0131 ve \u00e7evre sa\u011fl\u0131\u011f\u0131 \u00fczerindeki olas\u0131 etkileri<\/b>\u00a0masaya yat\u0131r\u0131lacak.<\/p>\n<p>Toplant\u0131da, madencilik faaliyetleri nedeniyle ortaya \u00e7\u0131kabilecek\u00a0<b>toz, g\u00fcr\u00fclt\u00fc ve hava kirlili\u011fi<\/b>\u00a0ile su kaynaklar\u0131n\u0131n zarar g\u00f6rmesi ve tar\u0131m alanlar\u0131n\u0131n etkilenmesi gibi konular hakk\u0131nda vatanda\u015flar\u0131n bilgilendirilmesi ama\u00e7lan\u0131yor.<\/p>\n<p><b>UZMANLAR KONU\u015eACAK<\/b><\/p>\n<p>Halk bilgilendirme toplant\u0131s\u0131nda\u00a0<b>Prof. Dr. Erkan Akta\u015f, Makina M\u00fchendisi Sabahattin Aslan ve Makina M\u00fchendisi Serdar Erkan<\/b>\u00a0konu\u015fmac\u0131 olarak yer alacak.<\/p>\n<p>Toplant\u0131,\u00a0<b>6 Eyl\u00fcl 2026 Pazar g\u00fcn\u00fc saat 15.00\u2019te Arslank\u00f6y \u00c7\u0131narl\u0131 Kahve\u2019de<\/b>\u00a0ger\u00e7ekle\u015ftirilecek.<\/p>\n<p>Organizat\u00f6rler, b\u00f6lge halk\u0131n\u0131 toplant\u0131ya kat\u0131lmaya \u00e7a\u011f\u0131rarak,\u00a0<b>\u201cDo\u011fam\u0131za, suyumuza, gelece\u011fimize sahip \u00e7\u0131k\u0131yoruz\u201d<\/b>\u00a0mesaj\u0131 verdi.<\/p>\n<p>Toplant\u0131da \u00f6zellikle boksit madeni geni\u015fleme projesinin\u00a0<b>\u00e7evresel ve toplumsal sonu\u00e7lar\u0131n\u0131n<\/b>\u00a0ele al\u0131nmas\u0131 bekleniyor.<\/p>\n","protected":false},"excerpt":{"rendered":"<p>Mersin\u2019in Toroslar il\u00e7esine ba\u011fl\u0131 Arslank\u00f6y\u2019de boksit madeni geni\u015fleme projesinin olas\u0131 etkileri, halk bilgilendirme toplant\u0131s\u0131nda ele al\u0131nacak. Bolkarlar Halk \u0130nisiyatifi ile Mersin \u00c7evre Platformu taraf\u0131ndan d\u00fczenlenecek toplant\u0131da, Arslank\u00f6y\u2019deki boksit madeni i\u015fletmesinin geni\u015fleme projesinin\u00a0ormanlar, su kaynaklar\u0131, tar\u0131m alanlar\u0131 ve \u00e7evre sa\u011fl\u0131\u011f\u0131 \u00fczerindeki olas\u0131 etkileri\u00a0masaya yat\u0131r\u0131lacak. Toplant\u0131da, madencilik faaliyetleri nedeniyle ortaya \u00e7\u0131kabilecek\u00a0toz, g\u00fcr\u00fclt\u00fc ve hava kirlili\u011fi\u00a0ile su kaynaklar\u0131n\u0131n [&hellip;]<\/p>\n","protected":false},"author":2,"featured_media":142643,"comment_status":"open","ping_status":"open","sticky":false,"template":"","format":"standard","meta":{"footnotes":""},"categories":[1],"tags":[],"class_list":["post-142642","post","type-post","status-publish","format-standard","has-post-thumbnail","hentry","category-gundem"],"views":65,"_links":{"self":[{"href":"https:\/\/mersingazetesi.com\/index.php\/wp-json\/wp\/v2\/posts\/142642","targetHints":{"allow":["GET"]}}],"collection":[{"href":"https:\/\/mersingazetesi.com\/index.php\/wp-json\/wp\/v2\/posts"}],"about":[{"href":"https:\/\/mersingazetesi.com\/index.php\/wp-json\/wp\/v2\/types\/post"}],"author":[{"embeddable":true,"href":"https:\/\/mersingazetesi.com\/index.php\/wp-json\/wp\/v2\/users\/2"}],"replies":[{"embeddable":true,"href":"https:\/\/mersingazetesi.com\/index.php\/wp-json\/wp\/v2\/comments?post=142642"}],"version-history":[{"count":1,"href":"https:\/\/mersingazetesi.com\/index.php\/wp-json\/wp\/v2\/posts\/142642\/revisions"}],"predecessor-version":[{"id":142644,"href":"https:\/\/mersingazetesi.com\/index.php\/wp-json\/wp\/v2\/posts\/142642\/revisions\/142644"}],"wp:featuredmedia":[{"embeddable":true,"href":"https:\/\/mersingazetesi.com\/index.php\/wp-json\/wp\/v2\/media\/142643"}],"wp:attachment":[{"href":"https:\/\/mersingazetesi.com\/index.php\/wp-json\/wp\/v2\/media?parent=142642"}],"wp:term":[{"taxonomy":"category","embeddable":true,"href":"https:\/\/mersingazetesi.com\/index.php\/wp-json\/wp\/v2\/categories?post=142642"},{"taxonomy":"post_tag","embeddable":true,"href":"https:\/\/mersingazetesi.com\/index.php\/wp-json\/wp\/v2\/tags?post=142642"}],"curies":[{"name":"wp","href":"https:\/\/api.w.org\/{rel}","templated":true}]}}