{"id":142638,"date":"2026-09-03T17:28:37","date_gmt":"2026-09-03T14:28:37","guid":{"rendered":"https:\/\/mersingazetesi.com\/?p=142638"},"modified":"2026-09-03T17:28:37","modified_gmt":"2026-09-03T14:28:37","slug":"ana-konteyner-limanini-gucluler-kazandi-mersin-kaybetti","status":"publish","type":"post","link":"https:\/\/mersingazetesi.com\/index.php\/2026\/09\/03\/ana-konteyner-limanini-gucluler-kazandi-mersin-kaybetti\/","title":{"rendered":"ANA KONTEYNER L\u0130MANI&#8217;NI  G\u00dc\u00c7L\u00dcLER KAZANDI, &#8216;MERS\u0130N&#8217; KAYBETT\u0130!"},"content":{"rendered":"<p>Ara\u015ft\u0131rmac\u0131-yazar Abdullah Ayan, lojistik sekt\u00f6r\u00fcn\u00fcn T\u00fcrkiye ve Mersin ekonomisi a\u00e7\u0131s\u0131ndan ta\u015f\u0131d\u0131\u011f\u0131 \u00f6neme dikkat \u00e7ekerek, Mersin Ana Konteyner Liman\u0131 Projesi\u2019nin hayata ge\u00e7irilememesinin kent a\u00e7\u0131s\u0131ndan b\u00fcy\u00fck bir kay\u0131p oldu\u011funu savundu.<\/p>\n<p>Ayan, Peru\u2019da \u00c7inli Cosco Shipping Ports taraf\u0131ndan in\u015fa edilerek i\u015fletilen Chancay Liman\u0131\u2019n\u0131 \u00f6rnek g\u00f6stererek, limanda elle\u00e7lenen her bir konteynerin Peru ekonomisine yakla\u015f\u0131k 4 bin 500 dolar katma de\u011fer sa\u011flamas\u0131n\u0131n \u00f6ng\u00f6r\u00fcld\u00fc\u011f\u00fcn\u00fc belirtti.<\/p>\n<p>Bu \u00f6rnek \u00fczerinden Mersin Ana Konteyner Liman\u0131\u2019n\u0131n yaratabilece\u011fi ekonomik de\u011ferin hesaplanabilece\u011fini ifade eden Ayan, 2009 y\u0131l\u0131nda \u00c7ED s\u00fcreci tamamlanan projenin, \u00f6ng\u00f6r\u00fclen be\u015f y\u0131ll\u0131k s\u00fcre i\u00e7erisinde 12-14 milyon konteyner kapasitesiyle hayata ge\u00e7irilmesi halinde, konteyner ba\u015f\u0131na 4-5 bin dolar katma de\u011fer yaratabilece\u011fini kaydetti.<\/p>\n<p>Ayan, b\u00f6yle bir kapasitenin Mersin ekonomisine y\u0131ll\u0131k yakla\u015f\u0131k\u00a0<b>60-65 milyar dolarl\u0131k ilave ekonomik katk\u0131<\/b>\u00a0sa\u011flayabilecek bir potansiyele i\u015faret etti\u011fini belirterek, lojistik sekt\u00f6r\u00fcn\u00fcn T\u00fcrkiye ekonomisine sa\u011flayabilece\u011fi katk\u0131n\u0131n yeterince de\u011ferlendirilmesi gerekti\u011fini vurgulad\u0131.<\/p>\n<p>\u201c<b>Lojistik sekt\u00f6r\u00fc T\u00fcrkiye\u2019ye ne getirir, neler kazand\u0131r\u0131r?<\/b>\u201d sorusunun bu perspektiften de\u011ferlendirilmesi gerekti\u011fini belirten Ayan, Mersin\u2019in ge\u00e7mi\u015fte b\u00fcy\u00fck projeler konusunda yeterince g\u00fc\u00e7l\u00fc bir sahiplenme ortaya koyamad\u0131\u011f\u0131n\u0131 savundu.<\/p>\n<p>Ayan, de\u011ferlendirmesinin sonunda ise olduk\u00e7a sert bir ifadeye yer verdi:<\/p>\n<p>\u201cMersin\u2019den ana konteyner liman\u0131n\u0131n \u2018Do\u011fu Akdeniz\u2019 gibi ucu a\u00e7\u0131k me\u00e7hullere ka\u00e7\u0131r\u0131lmas\u0131na katk\u0131 veren, gizli a\u00e7\u0131k lobi faaliyetleri y\u00fcr\u00fcten g\u00fc\u00e7l\u00fcler kazand\u0131, Mersin kaybetti.\u201d<\/p>\n<p>Ayan, Mersin\u2019in lojistik potansiyelinin yaln\u0131zca kent a\u00e7\u0131s\u0131ndan de\u011fil, T\u00fcrkiye\u2019nin d\u0131\u015f ticareti, turizmi ve ekonomik gelece\u011fi a\u00e7\u0131s\u0131ndan da yeniden ele al\u0131nmas\u0131 gerekti\u011fine dikkat \u00e7ekti.<\/p>\n","protected":false},"excerpt":{"rendered":"<p>Ara\u015ft\u0131rmac\u0131-yazar Abdullah Ayan, Mersin Ana Konteyner Liman\u0131 \u00fczerinden kentin y\u0131llard\u0131r ya\u015fad\u0131\u011f\u0131 kayb\u0131 g\u00fcndeme ta\u015f\u0131d\u0131<\/p>\n","protected":false},"author":2,"featured_media":125848,"comment_status":"open","ping_status":"open","sticky":false,"template":"","format":"standard","meta":{"footnotes":""},"categories":[1],"tags":[],"class_list":["post-142638","post","type-post","status-publish","format-standard","has-post-thumbnail","hentry","category-gundem"],"views":65,"_links":{"self":[{"href":"https:\/\/mersingazetesi.com\/index.php\/wp-json\/wp\/v2\/posts\/142638","targetHints":{"allow":["GET"]}}],"collection":[{"href":"https:\/\/mersingazetesi.com\/index.php\/wp-json\/wp\/v2\/posts"}],"about":[{"href":"https:\/\/mersingazetesi.com\/index.php\/wp-json\/wp\/v2\/types\/post"}],"author":[{"embeddable":true,"href":"https:\/\/mersingazetesi.com\/index.php\/wp-json\/wp\/v2\/users\/2"}],"replies":[{"embeddable":true,"href":"https:\/\/mersingazetesi.com\/index.php\/wp-json\/wp\/v2\/comments?post=142638"}],"version-history":[{"count":2,"href":"https:\/\/mersingazetesi.com\/index.php\/wp-json\/wp\/v2\/posts\/142638\/revisions"}],"predecessor-version":[{"id":142640,"href":"https:\/\/mersingazetesi.com\/index.php\/wp-json\/wp\/v2\/posts\/142638\/revisions\/142640"}],"wp:featuredmedia":[{"embeddable":true,"href":"https:\/\/mersingazetesi.com\/index.php\/wp-json\/wp\/v2\/media\/125848"}],"wp:attachment":[{"href":"https:\/\/mersingazetesi.com\/index.php\/wp-json\/wp\/v2\/media?parent=142638"}],"wp:term":[{"taxonomy":"category","embeddable":true,"href":"https:\/\/mersingazetesi.com\/index.php\/wp-json\/wp\/v2\/categories?post=142638"},{"taxonomy":"post_tag","embeddable":true,"href":"https:\/\/mersingazetesi.com\/index.php\/wp-json\/wp\/v2\/tags?post=142638"}],"curies":[{"name":"wp","href":"https:\/\/api.w.org\/{rel}","templated":true}]}}