{"id":142621,"date":"2026-09-03T15:01:37","date_gmt":"2026-09-03T12:01:37","guid":{"rendered":"https:\/\/mersingazetesi.com\/?p=142621"},"modified":"2026-09-03T15:01:37","modified_gmt":"2026-09-03T12:01:37","slug":"gulnarda-gsm-cilesi-bazi-bolgelerde-telefonlar-cekmiyor","status":"publish","type":"post","link":"https:\/\/mersingazetesi.com\/index.php\/2026\/09\/03\/gulnarda-gsm-cilesi-bazi-bolgelerde-telefonlar-cekmiyor\/","title":{"rendered":"G\u00dcLNAR\u2019DA GSM \u00c7\u0130LES\u0130: BAZI B\u00d6LGELERDE TELEFONLAR \u00c7EKM\u0130YOR"},"content":{"rendered":"<p><b>Mersin\u2019in G\u00fclnar il\u00e7esinde GSM operat\u00f6rlerinin kapsama sorunu vatanda\u015flar\u0131n tepkisine neden oluyor. T\u00fcrk Telekom, Vodafone ve Turkcell\u2019in il\u00e7enin baz\u0131 b\u00f6lgelerinde yeterli hizmet veremedi\u011fi belirtiliyor.<\/b><\/p>\n<p>Akkuyu N\u00fckleer G\u00fc\u00e7 Santrali\u2019ne ev sahipli\u011fi yapan, Mersin-Antalya karayolu g\u00fczerg\u00e2h\u0131nda bulunan ve geni\u015f ormanl\u0131k alanlar\u0131yla Ta\u015feli b\u00f6lgesinin \u00f6nemli merkezlerinden biri olan G\u00fclnar\u2019da ileti\u015fim sorunu ya\u015fan\u0131yor.<\/p>\n<p>\u0130l\u00e7eye ba\u011fl\u0131\u00a0<b>Meydan, \u00c7amdere, Kale, Azitepe, Beydili, Pambucak ve Sipahili<\/b>\u00a0\u00e7evresinde \u00f6zellikle T\u00fcrk Telekom ve Vodafone\u2019un b\u00fcy\u00fck \u00f6l\u00e7\u00fcde \u00e7ekmedi\u011fi, Turkcell\u2019de ise baz\u0131 noktalarda kapsama sorunu ya\u015fand\u0131\u011f\u0131 ifade ediliyor.<\/p>\n<p>Vatanda\u015flar, telefon g\u00f6r\u00fc\u015fmesi yapmak ve mobil internet kullanmak i\u00e7in zaman zaman y\u00fcksek noktalara \u00e7\u0131kmak zorunda kald\u0131klar\u0131n\u0131 belirterek, sorunun g\u00fcnl\u00fck ya\u015fam\u0131n yan\u0131 s\u0131ra\u00a0<b>acil durumlarda ciddi risk olu\u015fturabilece\u011fine<\/b>\u00a0dikkat \u00e7ekiyor.<\/p>\n<p><b>\u201cG\u00dcLNAR STRATEJ\u0130K B\u0130R B\u00d6LGE\u201d<\/b><\/p>\n<p>G\u00fclnar\u2019\u0131n Akkuyu N\u00fckleer G\u00fc\u00e7 Santrali, Mersin-Antalya karayolu ve Ta\u015feli b\u00f6lgesindeki geni\u015f orman alanlar\u0131 nedeniyle stratejik \u00f6neme sahip oldu\u011funu belirten vatanda\u015flar, il\u00e7enin GSM kapsama alan\u0131n\u0131n g\u00fc\u00e7lendirilmesini istiyor.<\/p>\n<p>Vatanda\u015flar,\u00a0<b>\u201cTeknolojinin bu kadar geli\u015fti\u011fi bir d\u00f6nemde il\u00e7enin baz\u0131 b\u00f6lgelerinde telefonlar\u0131n \u00e7ekmemesi kabul edilemez. \u00d6zellikle ormanl\u0131k alanlarda, karayolu g\u00fczerg\u00e2hlar\u0131nda ve acil durumlarda kesintisiz ileti\u015fim b\u00fcy\u00fck \u00f6nem ta\u015f\u0131yor\u201d<\/b>\u00a0diyerek GSM operat\u00f6rlerini ve ilgili kurumlar\u0131 g\u00f6reve \u00e7a\u011f\u0131rd\u0131.<\/p>\n<p>G\u00fclnarl\u0131 vatanda\u015flar, t\u00fcm operat\u00f6rlerin kapsama alanlar\u0131n\u0131 geni\u015fletmesini ve il\u00e7edeki ileti\u015fim sorununun kal\u0131c\u0131 olarak \u00e7\u00f6z\u00fclmesini bekliyor.<\/p>\n","protected":false},"excerpt":{"rendered":"<p>Mersin\u2019in G\u00fclnar il\u00e7esinde GSM operat\u00f6rlerinin kapsama sorunu vatanda\u015flar\u0131n tepkisine neden oluyor. T\u00fcrk Telekom, Vodafone ve Turkcell\u2019in il\u00e7enin baz\u0131 b\u00f6lgelerinde yeterli hizmet veremedi\u011fi belirtiliyor. Akkuyu N\u00fckleer G\u00fc\u00e7 Santrali\u2019ne ev sahipli\u011fi yapan, Mersin-Antalya karayolu g\u00fczerg\u00e2h\u0131nda bulunan ve geni\u015f ormanl\u0131k alanlar\u0131yla Ta\u015feli b\u00f6lgesinin \u00f6nemli merkezlerinden biri olan G\u00fclnar\u2019da ileti\u015fim sorunu ya\u015fan\u0131yor. \u0130l\u00e7eye ba\u011fl\u0131\u00a0Meydan, \u00c7amdere, Kale, Azitepe, Beydili, Pambucak [&hellip;]<\/p>\n","protected":false},"author":2,"featured_media":142622,"comment_status":"open","ping_status":"open","sticky":false,"template":"","format":"standard","meta":{"footnotes":""},"categories":[1],"tags":[],"class_list":["post-142621","post","type-post","status-publish","format-standard","has-post-thumbnail","hentry","category-gundem"],"views":57,"_links":{"self":[{"href":"https:\/\/mersingazetesi.com\/index.php\/wp-json\/wp\/v2\/posts\/142621","targetHints":{"allow":["GET"]}}],"collection":[{"href":"https:\/\/mersingazetesi.com\/index.php\/wp-json\/wp\/v2\/posts"}],"about":[{"href":"https:\/\/mersingazetesi.com\/index.php\/wp-json\/wp\/v2\/types\/post"}],"author":[{"embeddable":true,"href":"https:\/\/mersingazetesi.com\/index.php\/wp-json\/wp\/v2\/users\/2"}],"replies":[{"embeddable":true,"href":"https:\/\/mersingazetesi.com\/index.php\/wp-json\/wp\/v2\/comments?post=142621"}],"version-history":[{"count":1,"href":"https:\/\/mersingazetesi.com\/index.php\/wp-json\/wp\/v2\/posts\/142621\/revisions"}],"predecessor-version":[{"id":142623,"href":"https:\/\/mersingazetesi.com\/index.php\/wp-json\/wp\/v2\/posts\/142621\/revisions\/142623"}],"wp:featuredmedia":[{"embeddable":true,"href":"https:\/\/mersingazetesi.com\/index.php\/wp-json\/wp\/v2\/media\/142622"}],"wp:attachment":[{"href":"https:\/\/mersingazetesi.com\/index.php\/wp-json\/wp\/v2\/media?parent=142621"}],"wp:term":[{"taxonomy":"category","embeddable":true,"href":"https:\/\/mersingazetesi.com\/index.php\/wp-json\/wp\/v2\/categories?post=142621"},{"taxonomy":"post_tag","embeddable":true,"href":"https:\/\/mersingazetesi.com\/index.php\/wp-json\/wp\/v2\/tags?post=142621"}],"curies":[{"name":"wp","href":"https:\/\/api.w.org\/{rel}","templated":true}]}}