{"id":142605,"date":"2026-09-03T13:45:48","date_gmt":"2026-09-03T10:45:48","guid":{"rendered":"https:\/\/mersingazetesi.com\/?p=142605"},"modified":"2026-09-03T13:45:48","modified_gmt":"2026-09-03T10:45:48","slug":"mersinde-saglik-yoneticilerine-guclu-liderlik-egitimi","status":"publish","type":"post","link":"https:\/\/mersingazetesi.com\/index.php\/2026\/09\/03\/mersinde-saglik-yoneticilerine-guclu-liderlik-egitimi\/","title":{"rendered":"Mersin\u2019de sa\u011fl\u0131k y\u00f6neticilerine &#8216;g\u00fc\u00e7l\u00fc liderlik&#8217; e\u011fitimi"},"content":{"rendered":"<p><strong class=\"searchword\">Mersin<\/strong>\u00a0\u0130l Sa\u011fl\u0131k M\u00fcd\u00fcrl\u00fc\u011f\u00fc,\u00a0<strong class=\"searchword\">Mersin<\/strong>\u00a0\u015eehir Hastanesi ve\u00a0<strong class=\"searchword\">Mersin<\/strong>\u00a0\u00dcniversitesi \u0130leti\u015fim Fak\u00fcltesi i\u015f birli\u011finde sa\u011fl\u0131k y\u00f6neticilerine y\u00f6nelik &#8216;Sa\u011fl\u0131kta Kurumsal Kimlik ve Liderlik E\u011fitimi&#8217; d\u00fczenlendi.<br \/>\n<strong class=\"searchword\">Mersin<\/strong>\u00a0\u015eehir Hastanesi Sa\u011fl\u0131\u011f\u0131n Geli\u015ftirilmesi ve Te\u015fviki Birimi taraf\u0131ndan organize edilen e\u011fitim program\u0131na \u0130l Sa\u011fl\u0131k M\u00fcd\u00fcr\u00fc Mustafa Ekici, \u015eehir Hastanesi Ba\u015fhekimi Mehmet Ball\u0131,\u00a0<strong class=\"searchword\">Mersin<\/strong>\u00a0\u00dcniversitesi \u0130leti\u015fim Fak\u00fcltesi Dekan\u0131 Prof. Dr. Asl\u0131han Ard\u0131\u00e7 \u00c7obaner, akademisyenler ve hastanenin idari y\u00f6neticileri kat\u0131ld\u0131.<br \/>\nE\u011fitim program\u0131nda; kurumsal ileti\u015fim ve aidiyet, kurumsal temsil ve protokol kurallar\u0131, ekip \u00e7al\u0131\u015fmas\u0131 ve ileti\u015fimi, kriz ve stres y\u00f6netimi, etkili konu\u015fma ve diksiyon, kurumsal kimlik vizyonu ile dijital halkla ili\u015fkiler konular\u0131 ele al\u0131nd\u0131.<\/p>\n<p>&#8220;G\u00fcven, g\u00fc\u00e7l\u00fc kurumlar\u0131n temelidir&#8221;<br \/>\nProgram\u0131n a\u00e7\u0131l\u0131\u015f konu\u015fmas\u0131n\u0131 yapan Ba\u015fhekim Mehmet Ball\u0131, sa\u011fl\u0131k hizmetlerinde g\u00fcven duygusunun \u00f6nemine dikkat \u00e7ekti. Hasta ve \u00e7al\u0131\u015fan g\u00fcveninin g\u00fc\u00e7l\u00fc bir kurum k\u00fclt\u00fcr\u00fcyle m\u00fcmk\u00fcn oldu\u011funu belirten Ball\u0131, y\u00f6neticilerin \u00e7al\u0131\u015fanlar\u0131na g\u00fcven veren, ileti\u015fime a\u00e7\u0131k ve sorumluluk alan bir yakla\u015f\u0131m sergilemeleri gerekti\u011fini ifade etti. Kurumsal ba\u015far\u0131n\u0131n ortak hedefler do\u011frultusunda hareket eden uyumlu ekiplerle s\u00fcrd\u00fcr\u00fclebilece\u011fini kaydetti.<\/p>\n<p>&#8220;Sa\u011fl\u0131k yaln\u0131zca t\u0131bbi ba\u015far\u0131 de\u011fildir&#8221;<br \/>\n<strong class=\"searchword\">Mersin<\/strong>\u00a0\u00dcniversitesi \u0130leti\u015fim Fak\u00fcltesi Dekan\u0131 Prof. Dr. Asl\u0131han Ard\u0131\u00e7 \u00c7obaner ise sa\u011fl\u0131k sekt\u00f6r\u00fcn\u00fcn merkezinde do\u011frudan insan hayat\u0131n\u0131n bulundu\u011funu belirtti. G\u00fc\u00e7l\u00fc bir sa\u011fl\u0131k hizmetinin yaln\u0131zca teknik ve t\u0131bbi ba\u015far\u0131yla s\u0131n\u0131rl\u0131 olmad\u0131\u011f\u0131n\u0131 vurgulayan \u00c7obaner, &#8220;Hizmetin niteli\u011fini, kurumun itibar\u0131n\u0131 ve topluma g\u00fcven veren y\u00fcz\u00fcn\u00fc; g\u00fc\u00e7l\u00fc bir kurumsal kimlik, etkili ileti\u015fim ve vizyoner liderlik anlay\u0131\u015f\u0131 belirlemektedir&#8221; dedi.<br \/>\n\u00c7obaner, i\u015f birli\u011finin hayata ge\u00e7irilmesine katk\u0131 sunan kurumlara, e\u011fitimcilere ve kat\u0131l\u0131mc\u0131lara te\u015fekk\u00fcr etti.<\/p>\n<p>&#8220;Liderlik, birlikte ba\u015farmakt\u0131r&#8221;<br \/>\n<strong class=\"searchword\">Mersin<\/strong>\u00a0\u0130l Sa\u011fl\u0131k M\u00fcd\u00fcr\u00fc Mustafa Ekici de sa\u011fl\u0131k hizmetlerinin yaln\u0131zca bilgi ve tecr\u00fcbeyle de\u011fil; deontolojik ilkelere ba\u011fl\u0131l\u0131k, g\u00fc\u00e7l\u00fc ileti\u015fim ve ortak sorumluluk anlay\u0131\u015f\u0131yla y\u00fcr\u00fct\u00fclebilece\u011fini belirtti.<br \/>\nSa\u011fl\u0131k alan\u0131nda at\u0131lan her ad\u0131m\u0131n merkezinde insan, g\u00fcven ve etik de\u011ferlerin bulundu\u011funu ifade eden Ekici, &#8220;Liderlik yaln\u0131zca y\u00f6netmek de\u011fildir. Ekibine g\u00fcven vermek, ortak bir hedef olu\u015fturmak, do\u011fru zamanda sorumluluk almak ve birlikte ba\u015farmakt\u0131r. G\u00fc\u00e7l\u00fc kurumlar\u0131n temelinde etkili liderlik, sa\u011fl\u0131kl\u0131 ileti\u015fim ve uyumlu ekip \u00e7al\u0131\u015fmas\u0131 bulunmaktad\u0131r&#8221; dedi.<br \/>\nProgram kapsam\u0131nda Do\u00e7. Dr. Berna Arslan, Do\u00e7. Dr. Ahmet Taylan, Do\u00e7. Dr. Canan Dural Tasouji, Prof. Dr. Bar\u0131\u015f Bulunmaz, Prof. Dr. Recep \u00dcnal, Dr. \u00d6\u011fr. \u00dcyesi Semra Ak\u0131nc\u0131 Sa\u00e7aralp ve \u00d6\u011fr. G\u00f6r. Dr. Nermin Alkan taraf\u0131ndan \u00e7e\u015fitli e\u011fitimler verildi.<br \/>\nE\u011fitim program\u0131, sa\u011fl\u0131k kurumlar\u0131nda kurumsal kimli\u011fin g\u00fc\u00e7lendirilmesi, etkili ileti\u015fimin yayg\u0131nla\u015ft\u0131r\u0131lmas\u0131 ve g\u00fc\u00e7l\u00fc y\u00f6netim anlay\u0131\u015f\u0131n\u0131n desteklenmesine y\u00f6nelik de\u011ferlendirmelerin ard\u0131ndan sona erdi.<\/p>\n","protected":false},"excerpt":{"rendered":"<p>Mersin\u00a0\u0130l Sa\u011fl\u0131k M\u00fcd\u00fcrl\u00fc\u011f\u00fc,\u00a0Mersin\u00a0\u015eehir Hastanesi ve\u00a0Mersin\u00a0\u00dcniversitesi \u0130leti\u015fim Fak\u00fcltesi i\u015f birli\u011finde sa\u011fl\u0131k y\u00f6neticilerine y\u00f6nelik &#8216;Sa\u011fl\u0131kta Kurumsal Kimlik ve Liderlik E\u011fitimi&#8217; d\u00fczenlendi. Mersin\u00a0\u015eehir Hastanesi Sa\u011fl\u0131\u011f\u0131n Geli\u015ftirilmesi ve Te\u015fviki Birimi taraf\u0131ndan organize edilen e\u011fitim program\u0131na \u0130l Sa\u011fl\u0131k M\u00fcd\u00fcr\u00fc Mustafa Ekici, \u015eehir Hastanesi Ba\u015fhekimi Mehmet Ball\u0131,\u00a0Mersin\u00a0\u00dcniversitesi \u0130leti\u015fim Fak\u00fcltesi Dekan\u0131 Prof. Dr. Asl\u0131han Ard\u0131\u00e7 \u00c7obaner, akademisyenler ve hastanenin idari y\u00f6neticileri kat\u0131ld\u0131. [&hellip;]<\/p>\n","protected":false},"author":2,"featured_media":142606,"comment_status":"open","ping_status":"open","sticky":false,"template":"","format":"standard","meta":{"footnotes":""},"categories":[5],"tags":[],"class_list":["post-142605","post","type-post","status-publish","format-standard","has-post-thumbnail","hentry","category-saglik"],"views":47,"_links":{"self":[{"href":"https:\/\/mersingazetesi.com\/index.php\/wp-json\/wp\/v2\/posts\/142605","targetHints":{"allow":["GET"]}}],"collection":[{"href":"https:\/\/mersingazetesi.com\/index.php\/wp-json\/wp\/v2\/posts"}],"about":[{"href":"https:\/\/mersingazetesi.com\/index.php\/wp-json\/wp\/v2\/types\/post"}],"author":[{"embeddable":true,"href":"https:\/\/mersingazetesi.com\/index.php\/wp-json\/wp\/v2\/users\/2"}],"replies":[{"embeddable":true,"href":"https:\/\/mersingazetesi.com\/index.php\/wp-json\/wp\/v2\/comments?post=142605"}],"version-history":[{"count":1,"href":"https:\/\/mersingazetesi.com\/index.php\/wp-json\/wp\/v2\/posts\/142605\/revisions"}],"predecessor-version":[{"id":142607,"href":"https:\/\/mersingazetesi.com\/index.php\/wp-json\/wp\/v2\/posts\/142605\/revisions\/142607"}],"wp:featuredmedia":[{"embeddable":true,"href":"https:\/\/mersingazetesi.com\/index.php\/wp-json\/wp\/v2\/media\/142606"}],"wp:attachment":[{"href":"https:\/\/mersingazetesi.com\/index.php\/wp-json\/wp\/v2\/media?parent=142605"}],"wp:term":[{"taxonomy":"category","embeddable":true,"href":"https:\/\/mersingazetesi.com\/index.php\/wp-json\/wp\/v2\/categories?post=142605"},{"taxonomy":"post_tag","embeddable":true,"href":"https:\/\/mersingazetesi.com\/index.php\/wp-json\/wp\/v2\/tags?post=142605"}],"curies":[{"name":"wp","href":"https:\/\/api.w.org\/{rel}","templated":true}]}}