{"id":142599,"date":"2026-09-03T12:37:25","date_gmt":"2026-09-03T09:37:25","guid":{"rendered":"https:\/\/mersingazetesi.com\/?p=142599"},"modified":"2026-09-03T12:37:25","modified_gmt":"2026-09-03T09:37:25","slug":"belcikada-polis-tarafindan-vuruldugu-one-surulen-4-cocuk-babasi-mersinde-defnedildi","status":"publish","type":"post","link":"https:\/\/mersingazetesi.com\/index.php\/2026\/09\/03\/belcikada-polis-tarafindan-vuruldugu-one-surulen-4-cocuk-babasi-mersinde-defnedildi\/","title":{"rendered":"Bel\u00e7ika&#8217;da polis taraf\u0131ndan vuruldu\u011fu \u00f6ne s\u00fcr\u00fclen 4 \u00e7ocuk babas\u0131 Mersin&#8217;de defnedildi"},"content":{"rendered":"<p>Bel\u00e7ika&#8217;da \u00e7ocuklar\u0131yla gitti\u011fi parkta \u00e7\u0131kan olayda polis taraf\u0131ndan vurularak hayat\u0131n\u0131 kaybetti\u011fi \u00f6ne s\u00fcr\u00fclen 4 \u00e7ocuk babas\u0131 Halit Altun (42), memleketi\u00a0<strong class=\"searchword\">Mersin<\/strong>&#8216;de son yolculu\u011funa u\u011furland\u0131. Olaya \u015fahitlik eden a\u011fabeyi Mehmet Altun, karde\u015finin \u00e7ocuklar\u0131n\u0131n g\u00f6z\u00fc \u00f6n\u00fcnde vuruldu\u011funu ileri s\u00fcrd\u00fc.<br \/>\nBel\u00e7ika&#8217;n\u0131n Eupen kentinde ge\u00e7ti\u011fimiz pazar g\u00fcn\u00fc meydana gelen olayda, yakla\u015f\u0131k 15 y\u0131ld\u0131r \u00fclkede ya\u015fayan ve bir kablo fabrikas\u0131nda i\u015f\u00e7i olarak \u00e7al\u0131\u015fan T\u00fcrk vatanda\u015f\u0131 Halit Altun, \u00e7ocuklar\u0131 Cebril (14), Yasin (13), Kamil (12) ve \u015eehmuz (11) ile parka gitti. \u0130ddiaya g\u00f6re, Altun&#8217;un \u00e7ocuklar\u0131 ile Ukraynal\u0131 oldu\u011fu ileri s\u00fcr\u00fclen bir grup aras\u0131nda tart\u0131\u015fma \u00e7\u0131kt\u0131. Tart\u0131\u015fman\u0131n b\u00fcy\u00fcmesi \u00fczerine Altun ile gruptakiler aras\u0131nda arbede ya\u015fand\u0131. Altun&#8217;un kendisini savunmak amac\u0131yla eline ald\u0131\u011f\u0131 bir cisimle gruptaki bir ki\u015fiyi kovalad\u0131\u011f\u0131 s\u0131rada, b\u00f6lgeye gelen polis ekipleri taraf\u0131ndan vuruldu\u011fu \u00f6ne s\u00fcr\u00fcld\u00fc. Hastaneye kald\u0131r\u0131lan Altun hayat\u0131n\u0131 kaybetti.<br \/>\n\u0130\u015flemlerinin ard\u0131ndan T\u00fcrkiye&#8217;ye getirilen Altun&#8217;un cenazesi,\u00a0<strong class=\"searchword\">Mersin<\/strong>&#8216;in Toroslar il\u00e7esindeki Akbelen Mezarl\u0131\u011f\u0131na g\u00f6t\u00fcr\u00fcld\u00fc. Burada k\u0131l\u0131nan cenaze namaz\u0131n\u0131n ard\u0131ndan Altun&#8217;un cenazesi, ailesi ve yak\u0131nlar\u0131n\u0131n g\u00f6zya\u015flar\u0131 aras\u0131nda topra\u011fa verildi.<\/p>\n<p>&#8220;\u00c7ocuklar aras\u0131nda bir kavga olu\u015fuyor&#8221;<br \/>\nOlaya \u015fahitlik eden Halit Altun&#8217;un a\u011fabeyi Mehmet Altun, olay\u0131n \u00e7ocuklar aras\u0131nda ba\u015flayan kavgan\u0131n ard\u0131ndan b\u00fcy\u00fcd\u00fc\u011f\u00fcn\u00fc belirterek, &#8220;Orada benim karde\u015fim \u00e7ocuklar\u0131yla beraber, onlar\u0131 oynatmaya gitti o \u00e7ocuk park\u0131nda. Orada bir grup Ukraynal\u0131 vard\u0131, 20-25 ki\u015fiden olu\u015fan grup Ukraynal\u0131. \u0130lk \u00f6nce \u00e7ocuklar aras\u0131nda bir kavga olu\u015fuyor. Sonra karde\u015fim \u00e7ocuklar\u0131 bar\u0131\u015ft\u0131rd\u0131 ve di\u011fer \u00e7ocu\u011fun babas\u0131 gelince bu sefer olay b\u00fcy\u00fcd\u00fc. Karde\u015fime sald\u0131rd\u0131lar, onun yan\u0131ndaki b\u00fct\u00fcn Ukraynal\u0131lar da karde\u015fime sald\u0131rd\u0131. Karde\u015fimi orada darp ettiler&#8221; dedi.<\/p>\n<p>&#8220;Onu kovalarken polis arkas\u0131ndan ate\u015f etti&#8221;<br \/>\nKarde\u015finin kendisini savunmak i\u00e7in eline bir \u015fey ald\u0131\u011f\u0131n\u0131 ve bir ki\u015fiyi kovalad\u0131\u011f\u0131n\u0131 anlatan Altun, &#8220;Karde\u015fim de kendini savunmak i\u00e7in orada eline bir \u015fey ald\u0131 ve birini kovalad\u0131. Onu kovalarken polis arkas\u0131ndan ate\u015f etti ve onu \u00f6ld\u00fcrd\u00fc. Karde\u015fimi \u0131rk\u00e7\u0131 bir polis \u00f6ld\u00fcrd\u00fc. \u00c7ocuk park\u0131nda \u00f6ld\u00fcrd\u00fc, \u00e7ocuklar\u0131n g\u00f6z\u00fc \u00f6n\u00fcnde \u00f6ld\u00fcrd\u00fc&#8221; diye konu\u015ftu.<\/p>\n<p>&#8220;Yerdeyken polis onu kelep\u00e7eledi&#8221;<br \/>\nKarde\u015finin vurulduktan sonra kelep\u00e7elendi\u011fini ileri s\u00fcren Altun, &#8220;Onu vurduktan sonra yerdeyken polis onu kelep\u00e7eledi. Ondan sonra gelip ba\u015f\u0131nda beklediler baya\u011f\u0131, ta ki ambulans gelene kadar. Ondan sonra kalp masaj\u0131 falan yapmaya ba\u015flad\u0131lar o da sadece g\u00f6z boyamak i\u00e7indi. Karde\u015fimi olay yerinde vefat etmi\u015fti. Ondan sonra onu hastaneye g\u00f6t\u00fcrd\u00fck&#8221; ifadelerini kulland\u0131.<\/p>\n<p>&#8220;Evini uzun namlulu silahlarla, k\u00f6peklerle bas\u0131yor&#8221;<br \/>\nOlay\u0131n ard\u0131ndan karde\u015finin evinde arama yap\u0131ld\u0131\u011f\u0131n\u0131 da ileri s\u00fcren Altun, &#8220;Hani hastanedeyken biz onun ba\u015f\u0131ndayken polisler, orada federal polis, onun evini uzun namlulu silahlarla, k\u00f6peklerle bas\u0131yor. Onun \u00fczerinden nas\u0131l bir \u015fey bulabiliriz ve nas\u0131l, onun \u00fczerine daha neler y\u00fckleyebiliriz gibisinden bir delil ar\u0131yordu&#8221; \u015feklinde konu\u015ftu.<\/p>\n","protected":false},"excerpt":{"rendered":"<p>Bel\u00e7ika&#8217;da \u00e7ocuklar\u0131yla gitti\u011fi parkta \u00e7\u0131kan olayda polis taraf\u0131ndan vurularak hayat\u0131n\u0131 kaybetti\u011fi \u00f6ne s\u00fcr\u00fclen 4 \u00e7ocuk babas\u0131 Halit Altun (42), memleketi\u00a0Mersin&#8216;de son yolculu\u011funa u\u011furland\u0131. Olaya \u015fahitlik eden a\u011fabeyi Mehmet Altun, karde\u015finin \u00e7ocuklar\u0131n\u0131n g\u00f6z\u00fc \u00f6n\u00fcnde vuruldu\u011funu ileri s\u00fcrd\u00fc. Bel\u00e7ika&#8217;n\u0131n Eupen kentinde ge\u00e7ti\u011fimiz pazar g\u00fcn\u00fc meydana gelen olayda, yakla\u015f\u0131k 15 y\u0131ld\u0131r \u00fclkede ya\u015fayan ve bir kablo fabrikas\u0131nda i\u015f\u00e7i [&hellip;]<\/p>\n","protected":false},"author":2,"featured_media":142600,"comment_status":"open","ping_status":"open","sticky":false,"template":"","format":"standard","meta":{"footnotes":""},"categories":[1],"tags":[],"class_list":["post-142599","post","type-post","status-publish","format-standard","has-post-thumbnail","hentry","category-gundem"],"views":45,"_links":{"self":[{"href":"https:\/\/mersingazetesi.com\/index.php\/wp-json\/wp\/v2\/posts\/142599","targetHints":{"allow":["GET"]}}],"collection":[{"href":"https:\/\/mersingazetesi.com\/index.php\/wp-json\/wp\/v2\/posts"}],"about":[{"href":"https:\/\/mersingazetesi.com\/index.php\/wp-json\/wp\/v2\/types\/post"}],"author":[{"embeddable":true,"href":"https:\/\/mersingazetesi.com\/index.php\/wp-json\/wp\/v2\/users\/2"}],"replies":[{"embeddable":true,"href":"https:\/\/mersingazetesi.com\/index.php\/wp-json\/wp\/v2\/comments?post=142599"}],"version-history":[{"count":1,"href":"https:\/\/mersingazetesi.com\/index.php\/wp-json\/wp\/v2\/posts\/142599\/revisions"}],"predecessor-version":[{"id":142601,"href":"https:\/\/mersingazetesi.com\/index.php\/wp-json\/wp\/v2\/posts\/142599\/revisions\/142601"}],"wp:featuredmedia":[{"embeddable":true,"href":"https:\/\/mersingazetesi.com\/index.php\/wp-json\/wp\/v2\/media\/142600"}],"wp:attachment":[{"href":"https:\/\/mersingazetesi.com\/index.php\/wp-json\/wp\/v2\/media?parent=142599"}],"wp:term":[{"taxonomy":"category","embeddable":true,"href":"https:\/\/mersingazetesi.com\/index.php\/wp-json\/wp\/v2\/categories?post=142599"},{"taxonomy":"post_tag","embeddable":true,"href":"https:\/\/mersingazetesi.com\/index.php\/wp-json\/wp\/v2\/tags?post=142599"}],"curies":[{"name":"wp","href":"https:\/\/api.w.org\/{rel}","templated":true}]}}