{"id":142586,"date":"2026-09-03T11:17:47","date_gmt":"2026-09-03T08:17:47","guid":{"rendered":"https:\/\/mersingazetesi.com\/?p=142586"},"modified":"2026-09-03T11:17:47","modified_gmt":"2026-09-03T08:17:47","slug":"14-yillik-kabus-bitti","status":"publish","type":"post","link":"https:\/\/mersingazetesi.com\/index.php\/2026\/09\/03\/14-yillik-kabus-bitti\/","title":{"rendered":"14 YILLIK KABUS B\u0130TT\u0130"},"content":{"rendered":"<p>T\u00fcrk futbolunun k\u00f6kl\u00fc kul\u00fcplerinden Mersin \u0130dman Yurdu\u2019nda 14 y\u0131ld\u0131r devam eden transfer yasa\u011f\u0131 resmen sona erdi. Kul\u00fcb\u00fcn ge\u00e7mi\u015f d\u00f6nem futbolcu alacaklar\u0131ndan kaynaklanan bor\u00e7lar\u0131n \u00f6denmesinin ard\u0131ndan, Yeni Mersin \u0130dman Yurdu\u2019na yeni futbolcu transferinin \u00f6n\u00fc a\u00e7\u0131ld\u0131.<\/p>\n<p>Y\u00d6NET\u0130MDEN \u201cYEN\u0130 D\u00d6NEM\u201d VURGUSU<\/p>\n<p>Y\u00f6netim kurulu taraf\u0131ndan y\u00fcr\u00fct\u00fclen giri\u015fimler ve yap\u0131lan \u00f6demeler sonras\u0131 al\u0131nan karar, kul\u00fcp camias\u0131nda b\u00fcy\u00fck sevin\u00e7le kar\u015f\u0131land\u0131.Kul\u00fcpten yap\u0131lan a\u00e7\u0131klamada, transfer yasa\u011f\u0131n\u0131n kald\u0131r\u0131lmas\u0131n\u0131n sportif yap\u0131lanma ve gelecek planlamas\u0131 a\u00e7\u0131s\u0131ndan b\u00fcy\u00fck \u00f6nem ta\u015f\u0131d\u0131\u011f\u0131 belirtildi.<br \/>\nA\u00e7\u0131klamada \u015fu ifadelere yer verildi:<br \/>\n\u201cBu geli\u015fme camiam\u0131za yeni bir g\u00fc\u00e7 ve hareket alan\u0131 kazand\u0131racakt\u0131r. Belirlenen hedefler do\u011frultusunda \u00e7al\u0131\u015fmalar\u0131m\u0131z s\u00fcrecektir.<\/p>\n<p>\u201dB\u0130R ZAMANLAR S\u00dcPER L\u0130G\u2019DEYD\u0130<\/p>\n<p>1925 y\u0131l\u0131nda kurulan Mersin \u0130dman Yurdu, T\u00fcrk futbolunda uzun y\u0131llar \u00f6nemli rol oynad\u0131.<br \/>\nK\u0131rm\u0131z\u0131-lacivertliler, 2013-2015 sezonlar\u0131 aras\u0131nda S\u00fcper Lig\u2019de m\u00fccadele ederek b\u00fcy\u00fck tak\u0131mlara kar\u015f\u0131 ald\u0131\u011f\u0131 sonu\u00e7larla dikkat \u00e7ekti.Ancak sonraki y\u0131llarda ya\u015fanan ekonomik ve sportif sorunlar kul\u00fcb\u00fc derinden etkiledi. 2018 y\u0131l\u0131nda B\u00f6lgesel Amat\u00f6r Lig\u2019e kadar gerileyen kul\u00fcp, bug\u00fcn Yeni Mersin \u0130dman Yurdu ad\u0131yla 2026-2027 sezonunda 3. Lig 3. Grup\u2019ta m\u00fccadele ediyor.<\/p>\n<p>HEDEF: YEN\u0130DEN Y\u00dcKSEL\u0130\u015e<\/p>\n<p>101 y\u0131ll\u0131k ge\u00e7mi\u015fe sahip kul\u00fcpte, transfer yasa\u011f\u0131n\u0131n kalkmas\u0131yla kadro yap\u0131lanmas\u0131nda \u00f6nemli ad\u0131mlar at\u0131lmas\u0131 bekleniyor. Y\u00f6netim, ge\u00e7mi\u015fteki ba\u015far\u0131l\u0131 g\u00fcnlerine d\u00f6nmek ve profesyonel liglerde yeniden \u00fcst s\u0131ralara y\u00fckselmek i\u00e7in \u00e7al\u0131\u015fmalara ba\u015flad\u0131\u011f\u0131n\u0131 duyurdu.Transfer yasa\u011f\u0131n\u0131n kalkmas\u0131, Mersin futbol kamuoyunda \u201cyeniden y\u00fckseli\u015fin ilk ad\u0131m\u0131\u201d olarak de\u011ferlendirildi.<\/p>\n","protected":false},"excerpt":{"rendered":"<p>T\u00fcrk futbolunun k\u00f6kl\u00fc kul\u00fcplerinden Mersin \u0130dman Yurdu\u2019nda 14 y\u0131ld\u0131r devam eden transfer yasa\u011f\u0131 resmen sona erdi. Kul\u00fcb\u00fcn ge\u00e7mi\u015f d\u00f6nem futbolcu alacaklar\u0131ndan kaynaklanan bor\u00e7lar\u0131n \u00f6denmesinin ard\u0131ndan, Yeni Mersin \u0130dman Yurdu\u2019na yeni futbolcu transferinin \u00f6n\u00fc a\u00e7\u0131ld\u0131. Y\u00d6NET\u0130MDEN \u201cYEN\u0130 D\u00d6NEM\u201d VURGUSU Y\u00f6netim kurulu taraf\u0131ndan y\u00fcr\u00fct\u00fclen giri\u015fimler ve yap\u0131lan \u00f6demeler sonras\u0131 al\u0131nan karar, kul\u00fcp camias\u0131nda b\u00fcy\u00fck sevin\u00e7le kar\u015f\u0131land\u0131.Kul\u00fcpten yap\u0131lan [&hellip;]<\/p>\n","protected":false},"author":2,"featured_media":142587,"comment_status":"open","ping_status":"open","sticky":false,"template":"","format":"standard","meta":{"footnotes":""},"categories":[6],"tags":[],"class_list":["post-142586","post","type-post","status-publish","format-standard","has-post-thumbnail","hentry","category-spor"],"views":57,"_links":{"self":[{"href":"https:\/\/mersingazetesi.com\/index.php\/wp-json\/wp\/v2\/posts\/142586","targetHints":{"allow":["GET"]}}],"collection":[{"href":"https:\/\/mersingazetesi.com\/index.php\/wp-json\/wp\/v2\/posts"}],"about":[{"href":"https:\/\/mersingazetesi.com\/index.php\/wp-json\/wp\/v2\/types\/post"}],"author":[{"embeddable":true,"href":"https:\/\/mersingazetesi.com\/index.php\/wp-json\/wp\/v2\/users\/2"}],"replies":[{"embeddable":true,"href":"https:\/\/mersingazetesi.com\/index.php\/wp-json\/wp\/v2\/comments?post=142586"}],"version-history":[{"count":2,"href":"https:\/\/mersingazetesi.com\/index.php\/wp-json\/wp\/v2\/posts\/142586\/revisions"}],"predecessor-version":[{"id":142589,"href":"https:\/\/mersingazetesi.com\/index.php\/wp-json\/wp\/v2\/posts\/142586\/revisions\/142589"}],"wp:featuredmedia":[{"embeddable":true,"href":"https:\/\/mersingazetesi.com\/index.php\/wp-json\/wp\/v2\/media\/142587"}],"wp:attachment":[{"href":"https:\/\/mersingazetesi.com\/index.php\/wp-json\/wp\/v2\/media?parent=142586"}],"wp:term":[{"taxonomy":"category","embeddable":true,"href":"https:\/\/mersingazetesi.com\/index.php\/wp-json\/wp\/v2\/categories?post=142586"},{"taxonomy":"post_tag","embeddable":true,"href":"https:\/\/mersingazetesi.com\/index.php\/wp-json\/wp\/v2\/tags?post=142586"}],"curies":[{"name":"wp","href":"https:\/\/api.w.org\/{rel}","templated":true}]}}