{"id":142581,"date":"2026-09-03T10:23:58","date_gmt":"2026-09-03T07:23:58","guid":{"rendered":"https:\/\/mersingazetesi.com\/?p=142581"},"modified":"2026-09-03T10:23:58","modified_gmt":"2026-09-03T07:23:58","slug":"yayla-kentinde-sivrisinekten-yatilmiyor","status":"publish","type":"post","link":"https:\/\/mersingazetesi.com\/index.php\/2026\/09\/03\/yayla-kentinde-sivrisinekten-yatilmiyor\/","title":{"rendered":"YAYLA KENT\u0130NDE S\u0130VR\u0130S\u0130NEKTEN YATILMIYOR!"},"content":{"rendered":"<p>G\u00fclnar\u2019da sivrisinek sorunu vatanda\u015flar\u0131 can\u0131ndan bezdirdi. Sineklerle m\u00fccadelede ila\u00e7lama \u00e7al\u0131\u015fmalar\u0131n\u0131n yetersiz kald\u0131\u011f\u0131n\u0131 belirten vatanda\u015flar, belediyenin ara\u00e7 ve ekip say\u0131s\u0131n\u0131 art\u0131rarak ila\u00e7lamay\u0131 s\u00fcrekli hale getirmesini istiyor.<\/p>\n<p>&nbsp;<\/p>\n<p>Mersin\u2019in yayla il\u00e7esi G\u00fclnar\u2019da yaz aylar\u0131n\u0131n en b\u00fcy\u00fck sorunlar\u0131ndan biri sivrisinek oldu. \u0130l\u00e7e genelinde \u00f6zellikle Akdeniz ve Misafirhane semtleri ba\u015fta olmak \u00fczere bir\u00e7ok b\u00f6lgede sivrisinek yo\u011funlu\u011funun artt\u0131\u011f\u0131n\u0131 belirten vatanda\u015flar, geceleri sinek nedeniyle uyuyamad\u0131klar\u0131n\u0131 ifade ediyor.<\/p>\n<p>&nbsp;<\/p>\n<p>G\u00fclnar\u2019\u0131n da\u011f\u0131n\u0131k mahalle yap\u0131s\u0131 nedeniyle ila\u00e7lama \u00e7al\u0131\u015fmalar\u0131n\u0131n belirli aral\u0131klarla yap\u0131labildi\u011fini belirten vatanda\u015flar, yaz aylar\u0131nda n\u00fcfusun yakla\u015f\u0131k 100 bine ula\u015ft\u0131\u011f\u0131 il\u00e7ede mevcut sinekle m\u00fccadele \u00e7al\u0131\u015fmalar\u0131n\u0131n yetersiz kald\u0131\u011f\u0131n\u0131 savunuyor.<\/p>\n<p>&nbsp;<\/p>\n<p>G\u00dcLNAR DERES\u0130 SORUNU B\u00dcY\u00dcT\u00dcYOR<\/p>\n<p>&nbsp;<\/p>\n<p>Vatanda\u015flara g\u00f6re sivrisinek sorununun \u00f6nemli nedenlerinden biri de uzun s\u00fcredir \u0131slah edilemeyen G\u00fclnar Deresi. Deredeki su birikintileri ve \u00e7evresindeki alanlar\u0131n sivrisineklerin \u00fcremesi i\u00e7in uygun ortam olu\u015fturdu\u011fu belirtiliyor.<\/p>\n<p>&nbsp;<\/p>\n<p>Vatanda\u015flar, \u201cSivrisineklerle m\u00fccadele sadece belli aral\u0131klarla yap\u0131lan ila\u00e7lamayla \u00e7\u00f6z\u00fclemez. \u00d6zellikle \u00fcreme alanlar\u0131n\u0131n ortadan kald\u0131r\u0131lmas\u0131 gerekiyor\u201d diyerek kal\u0131c\u0131 \u00e7\u00f6z\u00fcm \u00e7a\u011fr\u0131s\u0131nda bulunuyor.<\/p>\n<p>&nbsp;<\/p>\n<p>\u201cARA\u00c7 SAYISI ARTIRILSIN\u201d<\/p>\n<p>&nbsp;<\/p>\n<p>Sineklerle daha etkin m\u00fccadele i\u00e7in ila\u00e7lama ara\u00e7lar\u0131n\u0131n art\u0131r\u0131lmas\u0131n\u0131 isteyen vatanda\u015flar, \u00f6zellikle yaz aylar\u0131nda n\u00fcfusun b\u00fcy\u00fck \u00f6l\u00e7\u00fcde artt\u0131\u011f\u0131 G\u00fclnar\u2019da ila\u00e7lama \u00e7al\u0131\u015fmalar\u0131n\u0131n daha s\u0131k ve d\u00fczenli yap\u0131lmas\u0131 gerekti\u011fini dile getiriyor.<\/p>\n<p>&nbsp;<\/p>\n<p>\u00d6te yandan piyasadaki sivrisinek ila\u00e7lar\u0131n\u0131n fiyatlar\u0131n\u0131n da vatanda\u015flar\u0131n b\u00fct\u00e7esini zorlad\u0131\u011f\u0131 belirtiliyor. Kendi imk\u00e2nlar\u0131yla sinek ilac\u0131 almak zorunda kalan vatanda\u015flar, artan fiyatlar nedeniyle bunun da \u00f6nemli bir ekonomik y\u00fck olu\u015fturdu\u011funu ifade ediyor.<\/p>\n<p>&nbsp;<\/p>\n<p>G\u00fclnarl\u0131 vatanda\u015flar, belediyenin sinekle m\u00fccadele hizmetini bir an \u00f6nce s\u00fcrekli hale getirmesini, ila\u00e7lama ara\u00e7 ve ekip say\u0131s\u0131n\u0131 art\u0131rmas\u0131n\u0131 ve \u00f6zellikle G\u00fclnar Deresi ba\u015fta olmak \u00fczere sivrisineklerin \u00fcreme alanlar\u0131na y\u00f6nelik kal\u0131c\u0131 \u00e7al\u0131\u015fma yap\u0131lmas\u0131n\u0131 istiyor.<\/p>\n<p>&nbsp;<\/p>\n<p>&nbsp;<\/p>\n","protected":false},"excerpt":{"rendered":"<p>G\u00fclnar\u2019da sivrisinek sorunu vatanda\u015flar\u0131 can\u0131ndan bezdirdi. Sineklerle m\u00fccadelede ila\u00e7lama \u00e7al\u0131\u015fmalar\u0131n\u0131n yetersiz kald\u0131\u011f\u0131n\u0131 belirten vatanda\u015flar, belediyenin ara\u00e7 ve ekip say\u0131s\u0131n\u0131 art\u0131rarak ila\u00e7lamay\u0131 s\u00fcrekli hale getirmesini istiyor. &nbsp; Mersin\u2019in yayla il\u00e7esi G\u00fclnar\u2019da yaz aylar\u0131n\u0131n en b\u00fcy\u00fck sorunlar\u0131ndan biri sivrisinek oldu. \u0130l\u00e7e genelinde \u00f6zellikle Akdeniz ve Misafirhane semtleri ba\u015fta olmak \u00fczere bir\u00e7ok b\u00f6lgede sivrisinek yo\u011funlu\u011funun artt\u0131\u011f\u0131n\u0131 belirten vatanda\u015flar, [&hellip;]<\/p>\n","protected":false},"author":2,"featured_media":142582,"comment_status":"open","ping_status":"open","sticky":false,"template":"","format":"standard","meta":{"footnotes":""},"categories":[1],"tags":[],"class_list":["post-142581","post","type-post","status-publish","format-standard","has-post-thumbnail","hentry","category-gundem"],"views":59,"_links":{"self":[{"href":"https:\/\/mersingazetesi.com\/index.php\/wp-json\/wp\/v2\/posts\/142581","targetHints":{"allow":["GET"]}}],"collection":[{"href":"https:\/\/mersingazetesi.com\/index.php\/wp-json\/wp\/v2\/posts"}],"about":[{"href":"https:\/\/mersingazetesi.com\/index.php\/wp-json\/wp\/v2\/types\/post"}],"author":[{"embeddable":true,"href":"https:\/\/mersingazetesi.com\/index.php\/wp-json\/wp\/v2\/users\/2"}],"replies":[{"embeddable":true,"href":"https:\/\/mersingazetesi.com\/index.php\/wp-json\/wp\/v2\/comments?post=142581"}],"version-history":[{"count":1,"href":"https:\/\/mersingazetesi.com\/index.php\/wp-json\/wp\/v2\/posts\/142581\/revisions"}],"predecessor-version":[{"id":142583,"href":"https:\/\/mersingazetesi.com\/index.php\/wp-json\/wp\/v2\/posts\/142581\/revisions\/142583"}],"wp:featuredmedia":[{"embeddable":true,"href":"https:\/\/mersingazetesi.com\/index.php\/wp-json\/wp\/v2\/media\/142582"}],"wp:attachment":[{"href":"https:\/\/mersingazetesi.com\/index.php\/wp-json\/wp\/v2\/media?parent=142581"}],"wp:term":[{"taxonomy":"category","embeddable":true,"href":"https:\/\/mersingazetesi.com\/index.php\/wp-json\/wp\/v2\/categories?post=142581"},{"taxonomy":"post_tag","embeddable":true,"href":"https:\/\/mersingazetesi.com\/index.php\/wp-json\/wp\/v2\/tags?post=142581"}],"curies":[{"name":"wp","href":"https:\/\/api.w.org\/{rel}","templated":true}]}}