{"id":142576,"date":"2026-09-03T09:58:40","date_gmt":"2026-09-03T06:58:40","guid":{"rendered":"https:\/\/mersingazetesi.com\/?p=142576"},"modified":"2026-09-03T11:10:16","modified_gmt":"2026-09-03T08:10:16","slug":"mersin-arap-alevi-kultur-derneginden-nefret-soylemlerine-tepki-acikca-nefret-sucudur","status":"publish","type":"post","link":"https:\/\/mersingazetesi.com\/index.php\/2026\/09\/03\/mersin-arap-alevi-kultur-derneginden-nefret-soylemlerine-tepki-acikca-nefret-sucudur\/","title":{"rendered":"ARAP ALEV\u0130 K\u00dcLT\u00dcR DERNE\u011e\u0130\u2019NDEN NEFRET S\u00d6YLEM\u0130 TEPK\u0130S\u0130:  \u201cALEV\u0130LER\u0130 HEDEF ALAN AYRIMCI D\u0130L\u0130 KABUL ETM\u0130YORUZ\u201d"},"content":{"rendered":"<div class=\"xdj266r x14z9mp xat24cr x1lziwak x1vvkbs x126k92a\">\n<div dir=\"auto\">\n<p><b>Arap Alevi K\u00fclt\u00fcr Derne\u011fi, son g\u00fcnlerde kamuoyuna yans\u0131yan ve Alevileri ile Nusayri\/Arap Alevilerini hedef ald\u0131\u011f\u0131 belirtilen a\u00e7\u0131klamalara tepki g\u00f6sterdi. Dernek, nefret s\u00f6ylemi ve mezhep temelli ayr\u0131mc\u0131l\u0131\u011fa kar\u015f\u0131 yetkili kurumlar\u0131 g\u00f6reve \u00e7a\u011f\u0131rd\u0131.<\/b><\/p>\n<p>Arap Alevi K\u00fclt\u00fcr Derne\u011fi taraf\u0131ndan yap\u0131lan a\u00e7\u0131klamada, toplumsal bar\u0131\u015f\u0131n ve bir arada ya\u015fama iradesinin korunmas\u0131 gerekti\u011fi vurgulanarak, mezhep ve inan\u00e7 kimlikleri \u00fczerinden ayr\u0131\u015ft\u0131r\u0131c\u0131, d\u0131\u015flay\u0131c\u0131 ve \u015fiddeti \u00e7a\u011fr\u0131\u015ft\u0131ran s\u00f6ylemlerin kabul edilemez oldu\u011fu belirtildi.<\/p>\n<p>A\u00e7\u0131klamada, baz\u0131 siyaset\u00e7i ve medya mensuplar\u0131n\u0131n televizyon ekranlar\u0131nda ve siyasi platformlarda Alevi yurtta\u015flar\u0131 hedef alan ifadeler kulland\u0131\u011f\u0131 ileri s\u00fcr\u00fclerek, bu s\u00f6ylemlerin m\u00fcnferit birer gaf olarak de\u011ferlendirilemeyece\u011fi savunuldu.<\/p>\n<p><b>\u201cTAR\u0130HSEL ACILARI KA\u015eIYAN TEHL\u0130KEL\u0130 S\u00d6YLEMLER\u201d<\/b><\/p>\n<p>Mara\u015f, \u00c7orum ve Sivas-Mad\u0131mak katliamlar\u0131na at\u0131fta bulunulan a\u00e7\u0131klamada, ge\u00e7mi\u015fte ya\u015fanan ac\u0131lar\u0131n yeniden g\u00fcndeme getirilmesinin toplumsal bar\u0131\u015f a\u00e7\u0131s\u0131ndan ciddi tehdit olu\u015fturdu\u011fu ifade edildi.<\/p>\n<p>A\u00e7\u0131klamada \u00f6zellikle NTV ekranlar\u0131nda yorumcu olarak yer alan Kemal \u00d6zt\u00fcrk\u2019\u00fcn, Suriye\u2019de ya\u015fanan geli\u015fmeler \u00fczerine Nusayriler hakk\u0131nda kulland\u0131\u011f\u0131 belirtilen ifadeler ele\u015ftirildi.<\/p>\n<p>Dernek, herhangi bir siyasi rejimin veya iktidar\u0131n i\u015fledi\u011fi su\u00e7lar\u0131n bir halk\u0131n, inan\u00e7 grubunun ya da mezhebin tamam\u0131na mal edilemeyece\u011fini belirterek,\u00a0<b>\u201cNusayri\/Arap Alevi toplumu, hi\u00e7bir siyasi iktidar\u0131n veya rejimin su\u00e7lar\u0131n\u0131n toplu sorumlusu de\u011fildir\u201d<\/b>\u00a0ifadelerini kulland\u0131.<\/p>\n<p><b>\u201cALEV\u0130LER\u0130N K\u0130ML\u0130\u011e\u0130N\u0130 K\u0130MSE SORGULAYAMAZ\u201d<\/b><\/p>\n<p>A\u00e7\u0131klamada, Altan Tan\u2019\u0131n kamuoyuna yans\u0131yan baz\u0131 ifadeleri de ele\u015ftirilerek, Alevilerin \u201cAli\u2019siz Alevi\u201d, \u201csiyasal Alevi\u201d veya benzeri kategorilerle tan\u0131mlanmas\u0131n\u0131n kabul edilemez oldu\u011fu belirtildi.<\/p>\n<p>Alevili\u011fin tek bir siyasi g\u00f6r\u00fc\u015ften veya ya\u015fam bi\u00e7iminden ibaret olmad\u0131\u011f\u0131 kaydedilen a\u00e7\u0131klamada, Alevilerin kendi inan\u00e7lar\u0131n\u0131, k\u00fclt\u00fcrlerini, ibadetlerini, ya\u015fam bi\u00e7imlerini ve siyasi d\u00fc\u015f\u00fcncelerini belirleme hakk\u0131na sahip oldu\u011fu vurguland\u0131.<\/p>\n<p>Dernek,\u00a0<b>\u201cBir insan\u0131n Alevi olup olmad\u0131\u011f\u0131na ba\u015fka bir ki\u015finin veya grubun karar verme yetkisi yoktur\u201d<\/b>\u00a0diyerek, Alevi toplumundaki farkl\u0131 inan\u00e7 ve d\u00fc\u015f\u00fcnce yorumlar\u0131n\u0131n do\u011fal bir toplumsal ger\u00e7eklik oldu\u011funu ifade etti.<\/p>\n<p><b>\u201cARAP ALEV\u0130LER\u0130 E\u015e\u0130T YURTTA\u015eLARDIR\u201d<\/b><\/p>\n<p>Arap Alevilerinin ba\u015fta Hatay, Adana ve Mersin olmak \u00fczere T\u00fcrkiye\u2019nin sosyal, k\u00fclt\u00fcrel ve tarihsel dokusunun ayr\u0131lmaz bir par\u00e7as\u0131 oldu\u011fu belirtilen a\u00e7\u0131klamada, e\u015fit yurtta\u015fl\u0131k vurgusu yap\u0131ld\u0131.<\/p>\n<p>Dernek, kimliklerinden, k\u00fclt\u00fcrlerinden ve inan\u00e7lar\u0131ndan vazge\u00e7meyeceklerini belirterek, kendilerini hedef alan ayr\u0131\u015ft\u0131r\u0131c\u0131 ve nefret i\u00e7eren s\u00f6ylemler kar\u015f\u0131s\u0131nda sessiz kalmayacaklar\u0131n\u0131 a\u00e7\u0131klad\u0131.<\/p>\n<p><b>MEDYA VE S\u0130YASET\u00c7\u0130LERE \u00c7A\u011eRI<\/b><\/p>\n<p>Televizyon ekranlar\u0131nda, sosyal medyada ve kamuoyuna a\u00e7\u0131k platformlarda kullan\u0131lan her s\u00f6z\u00fcn toplumsal sonu\u00e7lar\u0131 bulundu\u011funa dikkat \u00e7ekilen a\u00e7\u0131klamada, gazeteci, siyaset\u00e7i, yorumcu ve kamuoyu \u00f6nderlerine kulland\u0131klar\u0131 dile azami \u00f6zen g\u00f6stermeleri \u00e7a\u011fr\u0131s\u0131 yap\u0131ld\u0131.<\/p>\n<p>Dernek, ele\u015ftiri hakk\u0131n\u0131n korunmas\u0131 gerekti\u011fini ancak hi\u00e7bir ele\u015ftirinin bir toplulu\u011fu hedef g\u00f6stermenin gerek\u00e7esi olamayaca\u011f\u0131n\u0131 vurgulad\u0131.<\/p>\n<p><b>\u201cYETK\u0130L\u0130 KURUMLAR G\u00d6REVE\u201d<\/b><\/p>\n<p>Arap Alevi K\u00fclt\u00fcr Derne\u011fi, medya alan\u0131nda nefret s\u00f6ylemi ve ayr\u0131mc\u0131l\u0131\u011fa kar\u015f\u0131 gerekli denetimlerin yap\u0131lmas\u0131n\u0131, inan\u00e7 ve mezhep temelli ayr\u0131mc\u0131l\u0131\u011fa kar\u015f\u0131 etkili mekanizmalar\u0131n i\u015fletilmesini istedi.<\/p>\n<p>Dernek ayr\u0131ca Nusayri\/Arap Alevilerini topluca hedef alan ve \u015fiddeti \u00e7a\u011fr\u0131\u015ft\u0131ran ifadelerin incelenmesini talep ederek Cumhuriyet savc\u0131lar\u0131n\u0131, ilgili denetim kurumlar\u0131n\u0131 ve RT\u00dcK\u2019\u00fc g\u00f6reve \u00e7a\u011f\u0131rd\u0131.<\/p>\n<p>A\u00e7\u0131klaman\u0131n sonunda \u015fu ifadeler kullan\u0131ld\u0131:<\/p>\n<p><b>\u201cBir toplulu\u011fun tamam\u0131 su\u00e7lu ilan edilemez. Nusayrilerin\/Arap Alevilerinin topluca hedef g\u00f6sterilmesini kabul etmiyoruz. Alevilerin inanc\u0131n\u0131 ve kimli\u011fini sorgulayan ayr\u0131mc\u0131 dili reddediyoruz. Nefret s\u00f6ylemine, mezhep\u00e7ili\u011fe ve ayr\u0131mc\u0131l\u0131\u011fa kar\u015f\u0131y\u0131z. E\u015fit yurtta\u015fl\u0131k, laiklik, demokrasi ve toplumsal bar\u0131\u015f istiyoruz.\u201d<\/b><\/p>\n<p>Arap Alevi K\u00fclt\u00fcr Derne\u011fi, hangi inan\u00e7tan, mezhepten veya kimlikten olursa olsun herkesin ya\u015fam hakk\u0131n\u0131n korunmas\u0131 ve insanlar\u0131n inan\u00e7lar\u0131 ile kimlikleri nedeniyle hedef g\u00f6sterilmedi\u011fi demokratik ve bar\u0131\u015f\u00e7\u0131l bir T\u00fcrkiye i\u00e7in m\u00fccadele etmeyi s\u00fcrd\u00fcrece\u011fini bildirdi.<\/p>\n<\/div>\n<\/div>\n","protected":false},"excerpt":{"rendered":"<p>Arap Alevi K\u00fclt\u00fcr Derne\u011fi, son g\u00fcnlerde kamuoyuna yans\u0131yan ve Alevileri ile Nusayri\/Arap Alevilerini hedef ald\u0131\u011f\u0131 belirtilen a\u00e7\u0131klamalara tepki g\u00f6sterdi. Dernek, nefret s\u00f6ylemi ve mezhep temelli ayr\u0131mc\u0131l\u0131\u011fa kar\u015f\u0131 yetkili kurumlar\u0131 g\u00f6reve \u00e7a\u011f\u0131rd\u0131. Arap Alevi K\u00fclt\u00fcr Derne\u011fi taraf\u0131ndan yap\u0131lan a\u00e7\u0131klamada, toplumsal bar\u0131\u015f\u0131n ve bir arada ya\u015fama iradesinin korunmas\u0131 gerekti\u011fi vurgulanarak, mezhep ve inan\u00e7 kimlikleri \u00fczerinden ayr\u0131\u015ft\u0131r\u0131c\u0131, d\u0131\u015flay\u0131c\u0131 [&hellip;]<\/p>\n","protected":false},"author":2,"featured_media":142577,"comment_status":"open","ping_status":"open","sticky":false,"template":"","format":"standard","meta":{"footnotes":""},"categories":[8,3],"tags":[],"class_list":["post-142576","post","type-post","status-publish","format-standard","has-post-thumbnail","hentry","category-mersin","category-dunya"],"views":67,"_links":{"self":[{"href":"https:\/\/mersingazetesi.com\/index.php\/wp-json\/wp\/v2\/posts\/142576","targetHints":{"allow":["GET"]}}],"collection":[{"href":"https:\/\/mersingazetesi.com\/index.php\/wp-json\/wp\/v2\/posts"}],"about":[{"href":"https:\/\/mersingazetesi.com\/index.php\/wp-json\/wp\/v2\/types\/post"}],"author":[{"embeddable":true,"href":"https:\/\/mersingazetesi.com\/index.php\/wp-json\/wp\/v2\/users\/2"}],"replies":[{"embeddable":true,"href":"https:\/\/mersingazetesi.com\/index.php\/wp-json\/wp\/v2\/comments?post=142576"}],"version-history":[{"count":3,"href":"https:\/\/mersingazetesi.com\/index.php\/wp-json\/wp\/v2\/posts\/142576\/revisions"}],"predecessor-version":[{"id":142585,"href":"https:\/\/mersingazetesi.com\/index.php\/wp-json\/wp\/v2\/posts\/142576\/revisions\/142585"}],"wp:featuredmedia":[{"embeddable":true,"href":"https:\/\/mersingazetesi.com\/index.php\/wp-json\/wp\/v2\/media\/142577"}],"wp:attachment":[{"href":"https:\/\/mersingazetesi.com\/index.php\/wp-json\/wp\/v2\/media?parent=142576"}],"wp:term":[{"taxonomy":"category","embeddable":true,"href":"https:\/\/mersingazetesi.com\/index.php\/wp-json\/wp\/v2\/categories?post=142576"},{"taxonomy":"post_tag","embeddable":true,"href":"https:\/\/mersingazetesi.com\/index.php\/wp-json\/wp\/v2\/tags?post=142576"}],"curies":[{"name":"wp","href":"https:\/\/api.w.org\/{rel}","templated":true}]}}