{"id":142573,"date":"2026-09-03T09:52:35","date_gmt":"2026-09-03T06:52:35","guid":{"rendered":"https:\/\/mersingazetesi.com\/?p=142573"},"modified":"2026-09-03T09:52:35","modified_gmt":"2026-09-03T06:52:35","slug":"bassavci-emre-yargi-hizmetlerinin-hizli-etkin-ve-erisilebilir-sekilde-sunulmasi-buyuk-onem-tasimaktadir","status":"publish","type":"post","link":"https:\/\/mersingazetesi.com\/index.php\/2026\/09\/03\/bassavci-emre-yargi-hizmetlerinin-hizli-etkin-ve-erisilebilir-sekilde-sunulmasi-buyuk-onem-tasimaktadir\/","title":{"rendered":"Ba\u015fsavc\u0131 Emre,&#8221; Yarg\u0131 hizmetlerinin h\u0131zl\u0131, etkin ve eri\u015filebilir \u015fekilde sunulmas\u0131 b\u00fcy\u00fck \u00f6nem ta\u015f\u0131maktad\u0131r&#8221;"},"content":{"rendered":"<p><strong class=\"searchword\">Mersin<\/strong>\u00a0Adliyesi&#8217;nde yarg\u0131 hizmetlerinin daha etkin, h\u0131zl\u0131 ve eri\u015filebilir \u015fekilde sunulmas\u0131na katk\u0131 sa\u011flamak amac\u0131yla olu\u015fturulan Yarg\u0131 Hizmetlerinin Etkinli\u011fi B\u00fcrosu hizmete al\u0131nd\u0131.<br \/>\nAdliyenin 3. kat\u0131nda hizmet verecek olan b\u00fcronun a\u00e7\u0131l\u0131\u015f\u0131,\u00a0<strong class=\"searchword\">Mersin<\/strong>\u00a0Cumhuriyet Ba\u015fsavc\u0131s\u0131 Yasin Emre ve Adalet Komisyonu Ba\u015fkan\u0131 Serdar Ceylan taraf\u0131ndan ger\u00e7ekle\u015ftirildi. A\u00e7\u0131l\u0131\u015f\u0131n ard\u0131ndan b\u00fcroda ilk dilek\u00e7e kabul\u00fc de yap\u0131larak Yarg\u0131 Hizmetlerinin Etkinli\u011fi B\u00fcrosu fiilen hizmet vermeye ba\u015flad\u0131.Yarg\u0131 Hizmetlerinin Etkinli\u011fi B\u00fcrosu arac\u0131l\u0131\u011f\u0131yla adli s\u00fcre\u00e7lerin etkinli\u011finin art\u0131r\u0131lmas\u0131, gecikmeye neden olan hususlar\u0131n tespit edilmesi, \u00e7\u00f6z\u00fcm \u00f6nerilerinin geli\u015ftirilmesi ve yarg\u0131 hizmetlerinin daha h\u0131zl\u0131 ve verimli y\u00fcr\u00fct\u00fclmesine y\u00f6nelik \u00e7al\u0131\u015fmalar\u0131n koordineli \u015fekilde ger\u00e7ekle\u015ftirilmesinin hedeflendi\u011fi bildirildi.<br \/>\nYarg\u0131 hizmetlerinin vatanda\u015flara daha h\u0131zl\u0131, etkin ve eri\u015filebilir \u015fekilde sunulmas\u0131n\u0131n \u00f6nemine dikkat \u00e7eken\u00a0<strong class=\"searchword\">Mersin<\/strong>\u00a0Cumhuriyet Ba\u015fsavc\u0131s\u0131 Yasin Emre,&#8221;Yarg\u0131 hizmetlerinin vatanda\u015flar\u0131m\u0131za daha h\u0131zl\u0131, etkin ve eri\u015filebilir \u015fekilde sunulmas\u0131 b\u00fcy\u00fck \u00f6nem ta\u015f\u0131maktad\u0131r. Bu kapsamda, yarg\u0131 s\u00fcre\u00e7ler\u0130Nde ya\u015fanan gecikmelerin hangi a\u015famalardan ve hangi nedenlerden kaynakland\u0131\u011f\u0131n\u0131n tespit edilmesi, mevcut sorunlar\u0131n ortaya konulmas\u0131 ve bunlar\u0131n giderilmesine y\u00f6nelik somut bir yol haritas\u0131 olu\u015fturulmas\u0131 b\u00fcy\u00fck \u00f6nem arz etmektedir. Yarg\u0131 Hizmetlerinin Etkinli\u011fi B\u00fcrosunun, bu s\u00fcre\u00e7lerin yak\u0131ndan takip edilmesine ve hizmet kalitesinin daha da art\u0131r\u0131lmas\u0131na \u00f6nemli katk\u0131 sa\u011flayaca\u011f\u0131na inan\u0131yorum&#8221; dedi.<br \/>\nAdalet hizmetlerinin etkinli\u011finin art\u0131r\u0131lmas\u0131 ve yarg\u0131 s\u00fcre\u00e7lerinin daha sa\u011fl\u0131kl\u0131 y\u00fcr\u00fct\u00fclmesi a\u00e7\u0131s\u0131ndan b\u00fcronun \u00f6nemli bir g\u00f6rev \u00fcstlenece\u011fini belirten Adalet Komisyonu Ba\u015fkan\u0131 Serdar Ceylan ise, &#8220;Yarg\u0131 hizmetlerinde ya\u015fanan gecikmelerin nedenlerinin do\u011fru \u015fekilde tespit edilmesi, bu nedenlere y\u00f6nelik \u00e7\u00f6z\u00fcm \u00f6nerilerinin geli\u015ftirilmesi ve uygulamalar\u0131n sonu\u00e7lar\u0131n\u0131n takip edilmesi, etkin ve nitelikli bir yarg\u0131 hizmeti a\u00e7\u0131s\u0131ndan \u00f6nemlidir. Bu b\u00fcro sayesinde s\u00fcre\u00e7lerin daha sistematik \u015fekilde de\u011ferlendirilerek ihtiya\u00e7 duyulan alanlarda gerekli ad\u0131mlar\u0131n at\u0131lmas\u0131na y\u00f6nelik bir yol haritas\u0131 olu\u015fturulacakt\u0131r. \u0130lk dilek\u00e7enin al\u0131nmas\u0131yla birlikte b\u00fcromuz fiilen hizmet vermeye ba\u015flam\u0131\u015ft\u0131r&#8221; ifadelerini kulland\u0131.<\/p>\n","protected":false},"excerpt":{"rendered":"<p>Mersin\u00a0Adliyesi&#8217;nde yarg\u0131 hizmetlerinin daha etkin, h\u0131zl\u0131 ve eri\u015filebilir \u015fekilde sunulmas\u0131na katk\u0131 sa\u011flamak amac\u0131yla olu\u015fturulan Yarg\u0131 Hizmetlerinin Etkinli\u011fi B\u00fcrosu hizmete al\u0131nd\u0131. Adliyenin 3. kat\u0131nda hizmet verecek olan b\u00fcronun a\u00e7\u0131l\u0131\u015f\u0131,\u00a0Mersin\u00a0Cumhuriyet Ba\u015fsavc\u0131s\u0131 Yasin Emre ve Adalet Komisyonu Ba\u015fkan\u0131 Serdar Ceylan taraf\u0131ndan ger\u00e7ekle\u015ftirildi. A\u00e7\u0131l\u0131\u015f\u0131n ard\u0131ndan b\u00fcroda ilk dilek\u00e7e kabul\u00fc de yap\u0131larak Yarg\u0131 Hizmetlerinin Etkinli\u011fi B\u00fcrosu fiilen hizmet vermeye ba\u015flad\u0131.Yarg\u0131 [&hellip;]<\/p>\n","protected":false},"author":2,"featured_media":142574,"comment_status":"open","ping_status":"open","sticky":false,"template":"","format":"standard","meta":{"footnotes":""},"categories":[1],"tags":[],"class_list":["post-142573","post","type-post","status-publish","format-standard","has-post-thumbnail","hentry","category-gundem"],"views":52,"_links":{"self":[{"href":"https:\/\/mersingazetesi.com\/index.php\/wp-json\/wp\/v2\/posts\/142573","targetHints":{"allow":["GET"]}}],"collection":[{"href":"https:\/\/mersingazetesi.com\/index.php\/wp-json\/wp\/v2\/posts"}],"about":[{"href":"https:\/\/mersingazetesi.com\/index.php\/wp-json\/wp\/v2\/types\/post"}],"author":[{"embeddable":true,"href":"https:\/\/mersingazetesi.com\/index.php\/wp-json\/wp\/v2\/users\/2"}],"replies":[{"embeddable":true,"href":"https:\/\/mersingazetesi.com\/index.php\/wp-json\/wp\/v2\/comments?post=142573"}],"version-history":[{"count":1,"href":"https:\/\/mersingazetesi.com\/index.php\/wp-json\/wp\/v2\/posts\/142573\/revisions"}],"predecessor-version":[{"id":142575,"href":"https:\/\/mersingazetesi.com\/index.php\/wp-json\/wp\/v2\/posts\/142573\/revisions\/142575"}],"wp:featuredmedia":[{"embeddable":true,"href":"https:\/\/mersingazetesi.com\/index.php\/wp-json\/wp\/v2\/media\/142574"}],"wp:attachment":[{"href":"https:\/\/mersingazetesi.com\/index.php\/wp-json\/wp\/v2\/media?parent=142573"}],"wp:term":[{"taxonomy":"category","embeddable":true,"href":"https:\/\/mersingazetesi.com\/index.php\/wp-json\/wp\/v2\/categories?post=142573"},{"taxonomy":"post_tag","embeddable":true,"href":"https:\/\/mersingazetesi.com\/index.php\/wp-json\/wp\/v2\/tags?post=142573"}],"curies":[{"name":"wp","href":"https:\/\/api.w.org\/{rel}","templated":true}]}}