{"id":142570,"date":"2026-09-03T09:52:05","date_gmt":"2026-09-03T06:52:05","guid":{"rendered":"https:\/\/mersingazetesi.com\/?p=142570"},"modified":"2026-09-03T09:52:05","modified_gmt":"2026-09-03T06:52:05","slug":"ters-donen-otomobilden-sag-cikti","status":"publish","type":"post","link":"https:\/\/mersingazetesi.com\/index.php\/2026\/09\/03\/ters-donen-otomobilden-sag-cikti\/","title":{"rendered":"Ters d\u00f6nen otomobilden sa\u011f \u00e7\u0131kt\u0131"},"content":{"rendered":"<p>Mersin\u2019in Erdemli il\u00e7esinde yoldan \u00e7\u0131kan otomobil savrularak ters d\u00f6nd\u00fc, s\u00fcr\u00fcc\u00fc kazay\u0131 hafif yaral\u0131 atlatt\u0131.<br \/>\nKaza, il\u00e7eye ba\u011fl\u0131 Arslanl\u0131 Mahallesi&#8217;nde Mersin Erdemli-Karaman Ayranc\u0131 yolu \u00fczerinde meydana geldi. Al\u0131nan bilgiye g\u00f6re, M.V. y\u00f6netimindeki 38 AE 394 plakal\u0131 otomobilin \u00f6n\u00fcne Arslanl\u0131-K\u00f6sereli kav\u015fa\u011f\u0131nda aniden bir ara\u00e7 \u00e7\u0131kt\u0131. Araca \u00e7arpmamak i\u00e7in manevra yapan s\u00fcr\u00fcc\u00fc, kontrol\u00fc kaybedince otomobil savrularak yoldan \u00e7\u0131k\u0131p ters d\u00f6nd\u00fc. S\u00fcr\u00fcc\u00fc, bulundu\u011fu yerden vatanda\u015flar\u0131n yard\u0131m\u0131yla \u00e7\u0131kar\u0131ld\u0131. \u0130hbar \u00fczerine olay yerine sa\u011fl\u0131k ve itfaiye ekipleri sevk edildi. Sa\u011fl\u0131k ekibi hafif yaralanan s\u00fcr\u00fcc\u00fcye ilk m\u00fcdahalede bulundu.<br \/>\nKazayla ilgili soru\u015fturma s\u00fcr\u00fcyor.<\/p>\n","protected":false},"excerpt":{"rendered":"<p>Mersin\u2019in Erdemli il\u00e7esinde yoldan \u00e7\u0131kan otomobil savrularak ters d\u00f6nd\u00fc, s\u00fcr\u00fcc\u00fc kazay\u0131 hafif yaral\u0131 atlatt\u0131. Kaza, il\u00e7eye ba\u011fl\u0131 Arslanl\u0131 Mahallesi&#8217;nde Mersin Erdemli-Karaman Ayranc\u0131 yolu \u00fczerinde meydana geldi. Al\u0131nan bilgiye g\u00f6re, M.V. y\u00f6netimindeki 38 AE 394 plakal\u0131 otomobilin \u00f6n\u00fcne Arslanl\u0131-K\u00f6sereli kav\u015fa\u011f\u0131nda aniden bir ara\u00e7 \u00e7\u0131kt\u0131. Araca \u00e7arpmamak i\u00e7in manevra yapan s\u00fcr\u00fcc\u00fc, kontrol\u00fc kaybedince otomobil savrularak yoldan \u00e7\u0131k\u0131p [&hellip;]<\/p>\n","protected":false},"author":2,"featured_media":142571,"comment_status":"open","ping_status":"open","sticky":false,"template":"","format":"standard","meta":{"footnotes":""},"categories":[1],"tags":[],"class_list":["post-142570","post","type-post","status-publish","format-standard","has-post-thumbnail","hentry","category-gundem"],"views":47,"_links":{"self":[{"href":"https:\/\/mersingazetesi.com\/index.php\/wp-json\/wp\/v2\/posts\/142570","targetHints":{"allow":["GET"]}}],"collection":[{"href":"https:\/\/mersingazetesi.com\/index.php\/wp-json\/wp\/v2\/posts"}],"about":[{"href":"https:\/\/mersingazetesi.com\/index.php\/wp-json\/wp\/v2\/types\/post"}],"author":[{"embeddable":true,"href":"https:\/\/mersingazetesi.com\/index.php\/wp-json\/wp\/v2\/users\/2"}],"replies":[{"embeddable":true,"href":"https:\/\/mersingazetesi.com\/index.php\/wp-json\/wp\/v2\/comments?post=142570"}],"version-history":[{"count":1,"href":"https:\/\/mersingazetesi.com\/index.php\/wp-json\/wp\/v2\/posts\/142570\/revisions"}],"predecessor-version":[{"id":142572,"href":"https:\/\/mersingazetesi.com\/index.php\/wp-json\/wp\/v2\/posts\/142570\/revisions\/142572"}],"wp:featuredmedia":[{"embeddable":true,"href":"https:\/\/mersingazetesi.com\/index.php\/wp-json\/wp\/v2\/media\/142571"}],"wp:attachment":[{"href":"https:\/\/mersingazetesi.com\/index.php\/wp-json\/wp\/v2\/media?parent=142570"}],"wp:term":[{"taxonomy":"category","embeddable":true,"href":"https:\/\/mersingazetesi.com\/index.php\/wp-json\/wp\/v2\/categories?post=142570"},{"taxonomy":"post_tag","embeddable":true,"href":"https:\/\/mersingazetesi.com\/index.php\/wp-json\/wp\/v2\/tags?post=142570"}],"curies":[{"name":"wp","href":"https:\/\/api.w.org\/{rel}","templated":true}]}}