{"id":142562,"date":"2026-09-03T09:26:36","date_gmt":"2026-09-03T06:26:36","guid":{"rendered":"https:\/\/mersingazetesi.com\/?p=142562"},"modified":"2026-09-03T09:26:36","modified_gmt":"2026-09-03T06:26:36","slug":"mersin-idman-yurdu-taraftarina-mujde-miy-store-cumartesi-gunu-aciliyor","status":"publish","type":"post","link":"https:\/\/mersingazetesi.com\/index.php\/2026\/09\/03\/mersin-idman-yurdu-taraftarina-mujde-miy-store-cumartesi-gunu-aciliyor\/","title":{"rendered":"Mersin \u0130dman Yurdu Taraftar\u0131na M\u00fcjde! MIY STORE Cumartesi G\u00fcn\u00fc A\u00e7\u0131l\u0131yor"},"content":{"rendered":"<div dir=\"auto\">K\u0131rm\u0131z\u0131-lacivert sevdan\u0131n \u00f6zlemi bitiyor. Mersin \u0130dman Yurdu\u2019nun resmi \u00fcr\u00fcn sat\u0131\u015f ma\u011fazas\u0131 *MIY STORE* kap\u0131lar\u0131n\u0131 a\u00e7\u0131yor.<\/div>\n<div dir=\"auto\"><\/div>\n<div dir=\"auto\">Kul\u00fcpten yap\u0131lan a\u00e7\u0131klamaya g\u00f6re, Mersin \u0130dman Yurdu\u2019na g\u00f6n\u00fcl veren t\u00fcm taraftarlar a\u00e7\u0131l\u0131\u015fta bulu\u015fmaya davet edildi.<\/div>\n<div dir=\"auto\"><\/div>\n<div dir=\"auto\">A\u00c7ILI\u015e B\u0130LG\u0130LER\u0130<\/div>\n<div dir=\"auto\">&#8211; *Tarih*: Cumartesi<\/div>\n<div dir=\"auto\">&#8211; *Saat*: 18.00<\/div>\n<div dir=\"auto\">&#8211; *Yer*: MIY STORE<\/div>\n<div dir=\"auto\"><\/div>\n<div dir=\"auto\">A\u00e7\u0131klamada, &#8220;K\u0131rm\u0131z\u0131-lacivert sevdan\u0131n yeni adresinde bulu\u015fuyoruz. Formana, renklerine, armas\u0131na sahip \u00e7\u0131kmak i\u00e7in Cumartesi g\u00fcn\u00fc hep birlikte MIY STORE\u2019da!&#8221; ifadelerine yer verildi.<\/div>\n<div dir=\"auto\"><\/div>\n<div dir=\"auto\">Payla\u015f\u0131lan g\u00f6rselde yeni sezon Hummel formalar\u0131 da g\u00f6r\u00fcld\u00fc. Bir tarafta klasik k\u0131rm\u0131z\u0131-lacivert \u00e7ubuklu forma, di\u011fer tarafta ise \u00fczerinde Atat\u00fcrk silueti ve \u00f6zel detaylar\u0131n yer ald\u0131\u011f\u0131 beyaz forma taraftar\u0131n be\u011fenisine sunulacak.<\/div>\n<div dir=\"auto\"><\/div>\n<div dir=\"auto\">T\u00fcm MIY taraftarlar\u0131, kul\u00fcb\u00fcne destek olmak ve yeni \u00fcr\u00fcnleri ilk g\u00f6renlerden olmak i\u00e7in Cumartesi 18.00\u2019de MIY STORE\u2019a bekleniyor.<\/div>\n","protected":false},"excerpt":{"rendered":"<p>K\u0131rm\u0131z\u0131-lacivert sevdan\u0131n \u00f6zlemi bitiyor. Mersin \u0130dman Yurdu\u2019nun resmi \u00fcr\u00fcn sat\u0131\u015f ma\u011fazas\u0131 *MIY STORE* kap\u0131lar\u0131n\u0131 a\u00e7\u0131yor. Kul\u00fcpten yap\u0131lan a\u00e7\u0131klamaya g\u00f6re, Mersin \u0130dman Yurdu\u2019na g\u00f6n\u00fcl veren t\u00fcm taraftarlar a\u00e7\u0131l\u0131\u015fta bulu\u015fmaya davet edildi. A\u00c7ILI\u015e B\u0130LG\u0130LER\u0130 &#8211; *Tarih*: Cumartesi &#8211; *Saat*: 18.00 &#8211; *Yer*: MIY STORE A\u00e7\u0131klamada, &#8220;K\u0131rm\u0131z\u0131-lacivert sevdan\u0131n yeni adresinde bulu\u015fuyoruz. Formana, renklerine, armas\u0131na sahip \u00e7\u0131kmak i\u00e7in Cumartesi [&hellip;]<\/p>\n","protected":false},"author":2,"featured_media":142563,"comment_status":"open","ping_status":"open","sticky":false,"template":"","format":"standard","meta":{"footnotes":""},"categories":[6],"tags":[],"class_list":["post-142562","post","type-post","status-publish","format-standard","has-post-thumbnail","hentry","category-spor"],"views":48,"_links":{"self":[{"href":"https:\/\/mersingazetesi.com\/index.php\/wp-json\/wp\/v2\/posts\/142562","targetHints":{"allow":["GET"]}}],"collection":[{"href":"https:\/\/mersingazetesi.com\/index.php\/wp-json\/wp\/v2\/posts"}],"about":[{"href":"https:\/\/mersingazetesi.com\/index.php\/wp-json\/wp\/v2\/types\/post"}],"author":[{"embeddable":true,"href":"https:\/\/mersingazetesi.com\/index.php\/wp-json\/wp\/v2\/users\/2"}],"replies":[{"embeddable":true,"href":"https:\/\/mersingazetesi.com\/index.php\/wp-json\/wp\/v2\/comments?post=142562"}],"version-history":[{"count":1,"href":"https:\/\/mersingazetesi.com\/index.php\/wp-json\/wp\/v2\/posts\/142562\/revisions"}],"predecessor-version":[{"id":142564,"href":"https:\/\/mersingazetesi.com\/index.php\/wp-json\/wp\/v2\/posts\/142562\/revisions\/142564"}],"wp:featuredmedia":[{"embeddable":true,"href":"https:\/\/mersingazetesi.com\/index.php\/wp-json\/wp\/v2\/media\/142563"}],"wp:attachment":[{"href":"https:\/\/mersingazetesi.com\/index.php\/wp-json\/wp\/v2\/media?parent=142562"}],"wp:term":[{"taxonomy":"category","embeddable":true,"href":"https:\/\/mersingazetesi.com\/index.php\/wp-json\/wp\/v2\/categories?post=142562"},{"taxonomy":"post_tag","embeddable":true,"href":"https:\/\/mersingazetesi.com\/index.php\/wp-json\/wp\/v2\/tags?post=142562"}],"curies":[{"name":"wp","href":"https:\/\/api.w.org\/{rel}","templated":true}]}}