{"id":142550,"date":"2026-09-03T09:22:54","date_gmt":"2026-09-03T06:22:54","guid":{"rendered":"https:\/\/mersingazetesi.com\/?p=142550"},"modified":"2026-09-03T09:22:54","modified_gmt":"2026-09-03T06:22:54","slug":"vali-torostan-taziye-ziyaretleri","status":"publish","type":"post","link":"https:\/\/mersingazetesi.com\/index.php\/2026\/09\/03\/vali-torostan-taziye-ziyaretleri\/","title":{"rendered":"VAL\u0130 TOROS&#8217;TAN TAZ\u0130YE Z\u0130YARETLER\u0130"},"content":{"rendered":"<div dir=\"auto\">Mersin Valisi Atilla Toros, 30 A\u011fustos 2026 tarihinde Kuzey K\u0131br\u0131s T\u00fcrk Cumhuriyeti\u2019nin (KKTC) Girne Liman\u0131\u2019ndan Mersin Ta\u015fucu Liman\u0131\u2019na hareket eden yolcu gemisinin alabora olmas\u0131 sonucu hayat\u0131n\u0131 kaybeden Jandarma Uzman \u00c7avu\u015f Fahri Ate\u015f\u2019in Erdemli il\u00e7esi \u00c7er\u00e7ili Mahallesi\u2019nde ikamet eden ailesine taziye ziyaretinde bulundu.<\/div>\n<div dir=\"auto\"><\/div>\n<div dir=\"auto\">Vali Atilla Toros, hayat\u0131n\u0131 kaybeden jandarma personeline Allah\u2019tan rahmet; ailesine sab\u0131r ve ba\u015fsa\u011fl\u0131\u011f\u0131 diledi.<\/div>\n<div dir=\"auto\"><\/div>\n<div dir=\"auto\">G\u00fclcan G\u00fcrel&#8217;in ailesine taziye ziyareti<\/div>\n<div dir=\"auto\"><\/div>\n<div dir=\"auto\"><\/div>\n<div dir=\"auto\">\n<div dir=\"auto\">Vali Atilla Toros, 30 A\u011fustos 2026 tarihinde Kuzey K\u0131br\u0131s T\u00fcrk Cumhuriyeti (KKTC) Girne Liman\u0131\u2019ndan Mersin Ta\u015fucu Liman\u0131\u2019na hareket eden yolcu gemisinin alabora olmas\u0131 sonucu hayat\u0131n\u0131 kaybeden merhume G\u00fclcan G\u00fcrel\u2019in ailesine, Akdeniz il\u00e7esi \u015eevkets\u00fcmer Mahallesi\u2019nde taziye ziyaretinde bulundu.<\/div>\n<div dir=\"auto\"><\/div>\n<div dir=\"auto\">Vali Toros, merhume G\u00fclcan G\u00fcrel\u2019e Allah\u2019tan rahmet; ailesine sab\u0131r ve ba\u015fsa\u011fl\u0131\u011f\u0131 diledi.<\/div>\n<div dir=\"auto\"><\/div>\n<\/div>\n","protected":false},"excerpt":{"rendered":"<p>Mersin Valisi Atilla Toros, 30 A\u011fustos 2026 tarihinde Kuzey K\u0131br\u0131s T\u00fcrk Cumhuriyeti\u2019nin (KKTC) Girne Liman\u0131\u2019ndan Mersin Ta\u015fucu Liman\u0131\u2019na hareket eden yolcu gemisinin alabora olmas\u0131 sonucu hayat\u0131n\u0131 kaybeden Jandarma Uzman \u00c7avu\u015f Fahri Ate\u015f\u2019in Erdemli il\u00e7esi \u00c7er\u00e7ili Mahallesi\u2019nde ikamet eden ailesine taziye ziyaretinde bulundu. Vali Atilla Toros, hayat\u0131n\u0131 kaybeden jandarma personeline Allah\u2019tan rahmet; ailesine sab\u0131r ve ba\u015fsa\u011fl\u0131\u011f\u0131 [&hellip;]<\/p>\n","protected":false},"author":2,"featured_media":142551,"comment_status":"open","ping_status":"open","sticky":false,"template":"","format":"standard","meta":{"footnotes":""},"categories":[1],"tags":[],"class_list":["post-142550","post","type-post","status-publish","format-standard","has-post-thumbnail","hentry","category-gundem"],"views":42,"_links":{"self":[{"href":"https:\/\/mersingazetesi.com\/index.php\/wp-json\/wp\/v2\/posts\/142550","targetHints":{"allow":["GET"]}}],"collection":[{"href":"https:\/\/mersingazetesi.com\/index.php\/wp-json\/wp\/v2\/posts"}],"about":[{"href":"https:\/\/mersingazetesi.com\/index.php\/wp-json\/wp\/v2\/types\/post"}],"author":[{"embeddable":true,"href":"https:\/\/mersingazetesi.com\/index.php\/wp-json\/wp\/v2\/users\/2"}],"replies":[{"embeddable":true,"href":"https:\/\/mersingazetesi.com\/index.php\/wp-json\/wp\/v2\/comments?post=142550"}],"version-history":[{"count":1,"href":"https:\/\/mersingazetesi.com\/index.php\/wp-json\/wp\/v2\/posts\/142550\/revisions"}],"predecessor-version":[{"id":142552,"href":"https:\/\/mersingazetesi.com\/index.php\/wp-json\/wp\/v2\/posts\/142550\/revisions\/142552"}],"wp:featuredmedia":[{"embeddable":true,"href":"https:\/\/mersingazetesi.com\/index.php\/wp-json\/wp\/v2\/media\/142551"}],"wp:attachment":[{"href":"https:\/\/mersingazetesi.com\/index.php\/wp-json\/wp\/v2\/media?parent=142550"}],"wp:term":[{"taxonomy":"category","embeddable":true,"href":"https:\/\/mersingazetesi.com\/index.php\/wp-json\/wp\/v2\/categories?post=142550"},{"taxonomy":"post_tag","embeddable":true,"href":"https:\/\/mersingazetesi.com\/index.php\/wp-json\/wp\/v2\/tags?post=142550"}],"curies":[{"name":"wp","href":"https:\/\/api.w.org\/{rel}","templated":true}]}}