{"id":142541,"date":"2026-09-03T09:18:14","date_gmt":"2026-09-03T06:18:14","guid":{"rendered":"https:\/\/mersingazetesi.com\/?p=142541"},"modified":"2026-09-03T09:18:14","modified_gmt":"2026-09-03T06:18:14","slug":"ailesine-surpriz-yapmak-icin-ciktigi-yolda-geminin-batmasiyla-kayboldu","status":"publish","type":"post","link":"https:\/\/mersingazetesi.com\/index.php\/2026\/09\/03\/ailesine-surpriz-yapmak-icin-ciktigi-yolda-geminin-batmasiyla-kayboldu\/","title":{"rendered":"Ailesine s\u00fcrpriz yapmak i\u00e7in \u00e7\u0131kt\u0131\u011f\u0131 yolda geminin batmas\u0131yla kayboldu"},"content":{"rendered":"<p>Kuzey K\u0131br\u0131s T\u00fcrk Cumhuriyeti&#8217;nin (KKTC) Girne kenti a\u00e7\u0131klar\u0131nda batan gemide kaybolan 51 ya\u015f\u0131ndaki Nihat Pancar&#8217;\u0131n ailesine s\u00fcrpriz yapmak i\u00e7in haber vermeden gemiye bindi\u011fi ortaya \u00e7\u0131kt\u0131. Pancar&#8217;\u0131n e\u015fi \u00d6zlem Pancar, e\u015finin kendilerine s\u00fcrpriz yapmak i\u00e7in haber vermeden yola \u00e7\u0131kt\u0131\u011f\u0131n\u0131 ifade ederek, &#8220;Gelece\u011finden haberimiz yoktu, en son 10.30&#8217;da bizle g\u00f6r\u00fc\u015ft\u00fc. K\u0131z\u0131m babas\u0131na ne zaman gelece\u011fini sordu ve gelece\u011fim diyerek cevap verdi&#8221; dedi.<br \/>\nGirne&#8217;den\u00a0<strong class=\"searchword\">Mersin<\/strong>&#8216;e do\u011fru yola \u00e7\u0131kan ve a\u00e7\u0131ld\u0131ktan bir s\u00fcre sonra batan gemide yolculuk yapan Nihat Pancar&#8217;\u0131n memleketi Hatay&#8217;\u0131n Samanda\u011f il\u00e7esi Yayl\u0131ca Mahallesi&#8217;ndeki baba evinde umutlu bekleyi\u015f s\u00fcr\u00fcyor. \u00d6lenler ve hastanede tedavi alt\u0131nda olanlar\u0131n i\u00e7erisinde yer almayan Pancar&#8217;\u0131n ailesi gelecek haberi umutla bekliyor.<\/p>\n<p>&#8220;Gelece\u011finden haberimiz yoktu, her an gelebilirim dedi&#8221;<br \/>\nKocas\u0131n\u0131n kendilerine s\u00fcrpriz yapmak i\u00e7in \u00e7\u0131kt\u0131\u011f\u0131 yolda batan gemide kayboldu\u011funu s\u00f6yleyen \u00d6zlem Pancar, &#8220;E\u015fim i\u015f aramak i\u00e7in 3 ay \u00f6nce K\u0131br\u0131s&#8217;a gitmi\u015fti. Kendisi a\u015f\u00e7\u0131 ve bizleri g\u00f6rmeye geliyordu. Gelece\u011finden haberimiz yoktu, en son 10.30&#8217;da bizle g\u00f6r\u00fc\u015ft\u00fc. K\u0131z\u0131m babas\u0131na ne zaman gelece\u011fini sordu ve gelece\u011fim diyerek cevap verdi. Kay\u0131nbabam\u0131 arayarak 1 Eyl\u00fcl&#8217;de gelece\u011fini s\u00f6ylemi\u015f. Gelece\u011finden haberimiz yoktu, her an gelebilirim dedi. Gelecekti, s\u00fcrpriz yapacakt\u0131 bize ama k\u0131smet olmad\u0131. Feribota binerken de hi\u00e7birimize haber vermedi. Umutluyum, bizi arayaca\u011f\u0131na dair i\u00e7imde his var. Hastanede ve vefat edenlerin aras\u0131nda yok. Kay\u0131p olarak aran\u0131yor, gemiye giri\u015fi var ama \u00e7\u0131k\u0131\u015f\u0131 yok&#8221; dedi.<\/p>\n<p>&#8220;Babamla 30 A\u011fustos&#8217;ta g\u00f6r\u00fc\u015ft\u00fck, gelece\u011fine ya da yolculuk yapaca\u011f\u0131na dair bir \u015fey s\u00f6ylemedi&#8221;<br \/>\nBabas\u0131n\u0131 gemiye binmeden \u00f6nce arayan Sanem Pancar, babas\u0131n\u0131n gelece\u011fini s\u00f6ylemedi\u011fini belirterek &#8220;Babamla 30 A\u011fustos&#8217;ta g\u00f6r\u00fc\u015ft\u00fck, gelece\u011fine ya da yolculuk yapaca\u011f\u0131na dair bir \u015fey s\u00f6ylemedi. \u015eans eseri haberlerde g\u00f6rd\u00fck. Her yeri arad\u0131k ama babam\u0131 bulamad\u0131k. Gelecek g\u00fczel haberi bekliyoruz. Hatay&#8217;da g\u00f6r\u00fc\u015f\u00fcp, ailecek vakit ge\u00e7irmeyi planl\u0131yorduk. S\u00fcrpriz yapmak istemi\u015fti ama nasip olmad\u0131. \u0130yi haberleri bekliyoruz&#8221; diye konu\u015ftu.<br \/>\nA\u011fabeyinin sa\u011f salim geri gelmesini dileyen Oktay Pancar, &#8220;Batan gemide a\u011fabeyim de vard\u0131. Tek iste\u011fimiz a\u011fabeyimin sa\u011f salim geri gelmesi. Devletimize g\u00fcveniyoruz. \u0130n\u015fallah g\u00fczel haberini bize verirler&#8221; \u015feklinde konu\u015ftu.<\/p>\n","protected":false},"excerpt":{"rendered":"<p>Kuzey K\u0131br\u0131s T\u00fcrk Cumhuriyeti&#8217;nin (KKTC) Girne kenti a\u00e7\u0131klar\u0131nda batan gemide kaybolan 51 ya\u015f\u0131ndaki Nihat Pancar&#8217;\u0131n ailesine s\u00fcrpriz yapmak i\u00e7in haber vermeden gemiye bindi\u011fi ortaya \u00e7\u0131kt\u0131. Pancar&#8217;\u0131n e\u015fi \u00d6zlem Pancar, e\u015finin kendilerine s\u00fcrpriz yapmak i\u00e7in haber vermeden yola \u00e7\u0131kt\u0131\u011f\u0131n\u0131 ifade ederek, &#8220;Gelece\u011finden haberimiz yoktu, en son 10.30&#8217;da bizle g\u00f6r\u00fc\u015ft\u00fc. K\u0131z\u0131m babas\u0131na ne zaman gelece\u011fini sordu ve [&hellip;]<\/p>\n","protected":false},"author":2,"featured_media":142542,"comment_status":"open","ping_status":"open","sticky":false,"template":"","format":"standard","meta":{"footnotes":""},"categories":[1],"tags":[],"class_list":["post-142541","post","type-post","status-publish","format-standard","has-post-thumbnail","hentry","category-gundem"],"views":45,"_links":{"self":[{"href":"https:\/\/mersingazetesi.com\/index.php\/wp-json\/wp\/v2\/posts\/142541","targetHints":{"allow":["GET"]}}],"collection":[{"href":"https:\/\/mersingazetesi.com\/index.php\/wp-json\/wp\/v2\/posts"}],"about":[{"href":"https:\/\/mersingazetesi.com\/index.php\/wp-json\/wp\/v2\/types\/post"}],"author":[{"embeddable":true,"href":"https:\/\/mersingazetesi.com\/index.php\/wp-json\/wp\/v2\/users\/2"}],"replies":[{"embeddable":true,"href":"https:\/\/mersingazetesi.com\/index.php\/wp-json\/wp\/v2\/comments?post=142541"}],"version-history":[{"count":1,"href":"https:\/\/mersingazetesi.com\/index.php\/wp-json\/wp\/v2\/posts\/142541\/revisions"}],"predecessor-version":[{"id":142543,"href":"https:\/\/mersingazetesi.com\/index.php\/wp-json\/wp\/v2\/posts\/142541\/revisions\/142543"}],"wp:featuredmedia":[{"embeddable":true,"href":"https:\/\/mersingazetesi.com\/index.php\/wp-json\/wp\/v2\/media\/142542"}],"wp:attachment":[{"href":"https:\/\/mersingazetesi.com\/index.php\/wp-json\/wp\/v2\/media?parent=142541"}],"wp:term":[{"taxonomy":"category","embeddable":true,"href":"https:\/\/mersingazetesi.com\/index.php\/wp-json\/wp\/v2\/categories?post=142541"},{"taxonomy":"post_tag","embeddable":true,"href":"https:\/\/mersingazetesi.com\/index.php\/wp-json\/wp\/v2\/tags?post=142541"}],"curies":[{"name":"wp","href":"https:\/\/api.w.org\/{rel}","templated":true}]}}