{"id":142535,"date":"2026-09-02T17:12:44","date_gmt":"2026-09-02T14:12:44","guid":{"rendered":"https:\/\/mersingazetesi.com\/?p=142535"},"modified":"2026-09-02T17:12:44","modified_gmt":"2026-09-02T14:12:44","slug":"gazetecilere-saldiri-gemi-kazasini-takip-eden-kameraman-darp-edildi","status":"publish","type":"post","link":"https:\/\/mersingazetesi.com\/index.php\/2026\/09\/02\/gazetecilere-saldiri-gemi-kazasini-takip-eden-kameraman-darp-edildi\/","title":{"rendered":"GAZETEC\u0130LERE SALDIRI: GEM\u0130 KAZASINI TAK\u0130P EDEN KAMERAMAN DARP ED\u0130LD\u0130"},"content":{"rendered":"<p>\u0130stanbul\u2019da meydana gelen gemi kazas\u0131n\u0131 takip eden gazetecilere y\u00f6nelik sald\u0131r\u0131 tepki \u00e7ekti.<\/p>\n<p>Edinilen bilgilere g\u00f6re, kazay\u0131 g\u00f6r\u00fcnt\u00fclemek \u00fczere olay yerinde g\u00f6rev yapan\u00a0<b>24 TV kameraman\u0131 Fatih Co\u015fkun<\/b>, g\u00f6r\u00fcnt\u00fc ald\u0131\u011f\u0131 s\u0131rada m\u00fcrettebat yak\u0131nlar\u0131n\u0131n sald\u0131r\u0131s\u0131na u\u011frad\u0131.<\/p>\n<p>Mesle\u011fini yaparak kamuoyunu bilgilendirmeye \u00e7al\u0131\u015fan Co\u015fkun\u2019un, olay\u0131n s\u0131cakl\u0131\u011f\u0131yla b\u00f6lgede bulunan m\u00fcrettebat yak\u0131nlar\u0131 taraf\u0131ndan g\u00f6r\u00fcnt\u00fc almas\u0131n\u0131n engellenmek istendi\u011fi belirtildi.<\/p>\n<p>Ya\u015fanan tart\u0131\u015fman\u0131n ard\u0131ndan kameraman Co\u015fkun\u2019a\u00a0<b>fiziki m\u00fcdahalede bulunuldu\u011fu ve sald\u0131r\u0131 ger\u00e7ekle\u015ftirildi\u011fi<\/b>\u00a0\u00f6\u011frenildi.<\/p>\n<p>Gazetecilerin g\u00f6revlerini yapmas\u0131n\u0131n engellenmesi ve fiziki sald\u0131r\u0131ya maruz kalmas\u0131 tepki toplarken, olayla ilgili gerekli hukuki s\u00fcrecin ba\u015flat\u0131lmas\u0131 bekleniyor.<\/p>\n<p><b>Bas\u0131n \u00f6zg\u00fcrl\u00fc\u011f\u00fcne y\u00f6nelik her t\u00fcrl\u00fc sald\u0131r\u0131n\u0131n kabul edilemez oldu\u011fu belirtilirken, gazetecilerin g\u00f6revlerini g\u00fcvenli bir ortamda yapabilmesi gerekti\u011fi vurguland\u0131.<\/b><\/p>\n","protected":false},"excerpt":{"rendered":"<p>\u0130stanbul\u2019da meydana gelen gemi kazas\u0131n\u0131 takip eden gazetecilere y\u00f6nelik sald\u0131r\u0131 tepki \u00e7ekti. Edinilen bilgilere g\u00f6re, kazay\u0131 g\u00f6r\u00fcnt\u00fclemek \u00fczere olay yerinde g\u00f6rev yapan\u00a024 TV kameraman\u0131 Fatih Co\u015fkun, g\u00f6r\u00fcnt\u00fc ald\u0131\u011f\u0131 s\u0131rada m\u00fcrettebat yak\u0131nlar\u0131n\u0131n sald\u0131r\u0131s\u0131na u\u011frad\u0131. Mesle\u011fini yaparak kamuoyunu bilgilendirmeye \u00e7al\u0131\u015fan Co\u015fkun\u2019un, olay\u0131n s\u0131cakl\u0131\u011f\u0131yla b\u00f6lgede bulunan m\u00fcrettebat yak\u0131nlar\u0131 taraf\u0131ndan g\u00f6r\u00fcnt\u00fc almas\u0131n\u0131n engellenmek istendi\u011fi belirtildi. Ya\u015fanan tart\u0131\u015fman\u0131n ard\u0131ndan kameraman [&hellip;]<\/p>\n","protected":false},"author":2,"featured_media":142536,"comment_status":"open","ping_status":"open","sticky":false,"template":"","format":"standard","meta":{"footnotes":""},"categories":[1],"tags":[],"class_list":["post-142535","post","type-post","status-publish","format-standard","has-post-thumbnail","hentry","category-gundem"],"views":187,"_links":{"self":[{"href":"https:\/\/mersingazetesi.com\/index.php\/wp-json\/wp\/v2\/posts\/142535","targetHints":{"allow":["GET"]}}],"collection":[{"href":"https:\/\/mersingazetesi.com\/index.php\/wp-json\/wp\/v2\/posts"}],"about":[{"href":"https:\/\/mersingazetesi.com\/index.php\/wp-json\/wp\/v2\/types\/post"}],"author":[{"embeddable":true,"href":"https:\/\/mersingazetesi.com\/index.php\/wp-json\/wp\/v2\/users\/2"}],"replies":[{"embeddable":true,"href":"https:\/\/mersingazetesi.com\/index.php\/wp-json\/wp\/v2\/comments?post=142535"}],"version-history":[{"count":1,"href":"https:\/\/mersingazetesi.com\/index.php\/wp-json\/wp\/v2\/posts\/142535\/revisions"}],"predecessor-version":[{"id":142537,"href":"https:\/\/mersingazetesi.com\/index.php\/wp-json\/wp\/v2\/posts\/142535\/revisions\/142537"}],"wp:featuredmedia":[{"embeddable":true,"href":"https:\/\/mersingazetesi.com\/index.php\/wp-json\/wp\/v2\/media\/142536"}],"wp:attachment":[{"href":"https:\/\/mersingazetesi.com\/index.php\/wp-json\/wp\/v2\/media?parent=142535"}],"wp:term":[{"taxonomy":"category","embeddable":true,"href":"https:\/\/mersingazetesi.com\/index.php\/wp-json\/wp\/v2\/categories?post=142535"},{"taxonomy":"post_tag","embeddable":true,"href":"https:\/\/mersingazetesi.com\/index.php\/wp-json\/wp\/v2\/tags?post=142535"}],"curies":[{"name":"wp","href":"https:\/\/api.w.org\/{rel}","templated":true}]}}